{"id":1052,"date":"2026-07-10T12:54:14","date_gmt":"2026-07-10T10:54:14","guid":{"rendered":"https:\/\/4beauty-website-stage.247grad.de\/?p=1052"},"modified":"2026-07-10T12:55:08","modified_gmt":"2026-07-10T10:55:08","slug":"serum-olusumu-liposuction-ve-karin-germe-ameliyatlarinin-en-az-tahmin-edilen-komplikasyonudur","status":"publish","type":"post","link":"https:\/\/4beauty-website-stage.247grad.de\/tr\/serombildung-die-unterschaetzte-komplikation-nach-fettabsaugung-und-bauchdeckenstraffung\/","title":{"rendered":"Serom olu\u015fumu: ya\u011f emme ve kar\u0131n germe ameliyatlar\u0131 sonras\u0131 g\u00f6z ard\u0131 edilen bir komplikasyon"},"content":{"rendered":"<div class=\"wp-block-group is-style-boxed has-apricot-light-background-color has-background is-layout-constrained wp-block-group-is-layout-constrained\">\n<p class=\"wp-block-paragraph\"><strong>Serum olu\u015fumu:<\/strong><\/p>\n\n<p class=\"wp-block-paragraph\">Serom, cerrahi m\u00fcdahalelerin ard\u0131ndan \u00f6nceden olu\u015fmam\u0131\u015f bir doku bo\u015flu\u011funda ser\u00f6z s\u0131v\u0131n\u0131n \u2014 lenf, eks\u00fcda veya kan serumu \u2014 birikmesidir. Seromlar \u00f6zellikle kar\u0131n germe ameliyat\u0131 veya liposuction gibi geni\u015f alanl\u0131 ameliyatlar\u0131n ard\u0131ndan ortaya \u00e7\u0131kar ve birka\u00e7 hafta i\u00e7inde kendili\u011finden d\u00fczelir.<\/p>\n<\/div>\n\n\n\n<div class=\"wp-block-rank-math-toc-block\" id=\"rank-math-toc\"><h2>\u0130\u00e7indekiler<\/h2><nav><ul><li class=\"\"><a href=\"#was-ist-ein-serom-definition-symptome-und-abgrenzung\">Serom nedir? Tan\u0131m\u0131, belirtileri ve di\u011fer hastal\u0131klarla ay\u0131rt edilmesi<\/a><\/li><li class=\"\"><a href=\"#ursachen-der-serombildung-wann-und-warum-entsteht-ein-serom\">Serom olu\u015fumunun nedenleri: Serom ne zaman ve neden olu\u015fur?<\/a><\/li><li class=\"\"><a href=\"#serom-behandeln-von-abwartendem-beobachten-bis-zur-punktion\">Serom tedavisi: Beklemeli g\u00f6zlemden ponksiyona kadar<\/a><\/li><li class=\"\"><a href=\"#serombildung-und-die-finanziellen-folgen-welcher-schutz-greift\">Serom olu\u015fumu ve mali sonu\u00e7lar\u0131: Hangi koruma ge\u00e7erlidir?<\/a><\/li><li class=\"\"><a href=\"#haufige-fragen-zur-serombildung\">Serom olu\u015fumuyla ilgili s\u0131k sorulan sorular<\/a><\/li><\/ul><\/nav><\/div>\n\n\n\n<div class=\"wp-block-group is-style-boxed has-white-warm-background-color has-background is-layout-constrained wp-block-group-is-layout-constrained\">\n<p class=\"wp-block-paragraph\"><strong>\u00d6nemli uyar\u0131<\/strong><\/p>\n\n\n\n<p class=\"wp-block-paragraph\">Bu makale yaln\u0131zca bilgilendirme ama\u00e7l\u0131d\u0131r ve t\u0131bbi tan\u0131 veya tavsiyenin yerini almaz. Herhangi bir belirsizlik durumunda ve ki\u015fiye \u00f6zel bir tedavi plan\u0131 haz\u0131rlamak i\u00e7in, uzman bir hekimle g\u00f6r\u00fc\u015fmek \u015fartt\u0131r.<\/p>\n<\/div>\n\n\n\n<p class=\"wp-block-paragraph\">Liposuction veya kar\u0131n germe ameliyat\u0131 planlayan ki\u015filer, do\u011fal olarak istenen sonuca odaklan\u0131rlar. Ancak, titizlikle ger\u00e7ekle\u015ftirilen ameliyatlarda bile yara komplikasyonlar\u0131 ortaya \u00e7\u0131kabilir. Serom olu\u015fumu bu komplikasyonlar aras\u0131nda en yayg\u0131n olanlardan biridir \u2014 ve ayn\u0131 zamanda en \u00e7ok hafife al\u0131nan\u0131d\u0131r. Seromlar\u0131n nas\u0131l olu\u015ftu\u011funu, ne zaman tedavi edilmesi gerekti\u011fini ve bunun ne kadar maliyetli olabilece\u011fini anlamak, ameliyata iyi haz\u0131rlanman\u0131za yard\u0131mc\u0131 olur.<\/p>\n\n\n\n<figure class=\"wp-block-image size-large\"><img loading=\"lazy\" decoding=\"async\" width=\"1536\" height=\"1024\" src=\"https:\/\/4beauty-website-stage.247grad.de\/wp-content\/uploads\/2026\/08\/2026-07_01-schematische-darstellung-eines-seroms-nach-kosmetischer-oper.png\" alt=\"Kozmetik ameliyat sonras\u0131 seromun \u015fematik g\u00f6sterimi\" class=\"wp-image-1046\" srcset=\"https:\/\/4beauty-website-stage.247grad.de\/wp-content\/uploads\/2026\/08\/2026-07_01-schematische-darstellung-eines-seroms-nach-kosmetischer-oper.png 1536w, https:\/\/4beauty-website-stage.247grad.de\/wp-content\/uploads\/2026\/08\/2026-07_01-schematische-darstellung-eines-seroms-nach-kosmetischer-oper-900x600.png 900w, https:\/\/4beauty-website-stage.247grad.de\/wp-content\/uploads\/2026\/08\/2026-07_01-schematische-darstellung-eines-seroms-nach-kosmetischer-oper-300x200.png 300w, https:\/\/4beauty-website-stage.247grad.de\/wp-content\/uploads\/2026\/08\/2026-07_01-schematische-darstellung-eines-seroms-nach-kosmetischer-oper-768x512.png 768w, https:\/\/4beauty-website-stage.247grad.de\/wp-content\/uploads\/2026\/08\/2026-07_01-schematische-darstellung-eines-seroms-nach-kosmetischer-oper-1024x683.png 1024w, https:\/\/4beauty-website-stage.247grad.de\/wp-content\/uploads\/2026\/08\/2026-07_01-schematische-darstellung-eines-seroms-nach-kosmetischer-oper-18x12.png 18w, https:\/\/4beauty-website-stage.247grad.de\/wp-content\/uploads\/2026\/08\/2026-07_01-schematische-darstellung-eines-seroms-nach-kosmetischer-oper-40x27.png 40w\" sizes=\"auto, (max-width: 1536px) 100vw, 1536px\" \/><\/figure>\n\n\n\n<h2 class=\"wp-block-heading\" id=\"was-ist-ein-serom-definition-symptome-und-abgrenzung\">Serom nedir? Tan\u0131m\u0131, belirtileri ve di\u011fer hastal\u0131klarla ay\u0131rt edilmesi<\/h2>\n\n\n\n<div class=\"wp-block-group is-style-boxed has-apricot-light-background-color has-background is-layout-constrained wp-block-group-is-layout-constrained\">\n<ul class=\"wp-block-list\">\n<li>Serom = Yeni olu\u015fmu\u015f bir doku bo\u015flu\u011funda s\u0131v\u0131 birikimi (lenf, eks\u00fcda, kan serumu)<\/li>\n\n\n\n<li>Pseudo-kist olarak da adland\u0131r\u0131l\u0131r \u2014 ger\u00e7ek bir h\u00fccre duvar\u0131 olmayan bir kist<\/li>\n\n\n\n<li>Tipik belirtiler: g\u00f6zle g\u00f6r\u00fcl\u00fcr \u015fi\u015flik, bask\u0131 hissi, yara b\u00f6lgesinde gerginlik hissi<\/li>\n\n\n\n<li>\u00d6zellikle geni\u015f kapsaml\u0131 ameliyatlardan sonra ortaya \u00e7\u0131kar: kar\u0131n germe ameliyat\u0131, liposuction, mastektomi<\/li>\n<\/ul>\n<\/div>\n\n\n\n<p class=\"wp-block-paragraph\">Serom, cerrahi bir m\u00fcdahalenin ard\u0131ndan yara s\u0131v\u0131s\u0131n\u0131n bir bo\u015flukta birikmesiyle olu\u015fur. Bu bo\u015fluk, deri flebi ile alt\u0131ndaki doku aras\u0131nda olu\u015fur. Bu salg\u0131, lenf, eks\u00fcda ve kan serumu kar\u0131\u015f\u0131m\u0131ndan olu\u015fan ser\u00f6z s\u0131v\u0131dan ibarettir ve v\u00fccudun normal drenaj kanallar\u0131 yoluyla d\u0131\u015far\u0131 at\u0131lamaz. D\u0131\u015far\u0131dan bak\u0131ld\u0131\u011f\u0131nda serom, ameliyat b\u00f6lgesinde yumu\u015fak, elle hissedilebilen bir \u015fi\u015flik olarak g\u00f6r\u00fcl\u00fcr. Etkilenen ki\u015filer bu durumda gerginlik veya bask\u0131 hissi ya\u015farlar.<\/p>\n\n\n\n<p class=\"wp-block-paragraph\">Seromlar t\u0131bbi a\u00e7\u0131dan aseptik yara iyile\u015fme bozuklu\u011fu olarak kabul edilir. Bu, bakterilerin kat\u0131l\u0131m\u0131 olmadan olu\u015ftuklar\u0131 anlam\u0131na gelir. Enfeksiyon e\u015flik etmedi\u011fi s\u00fcrece, do\u011frudan tehlikeli de\u011fildirler. Yine de yara iyile\u015fmesini yava\u015flatabilirler. En k\u00f6t\u00fc durumda, deri flebi nekrozu veya kronik iltihaplanma gibi ikincil sorunlar ortaya \u00e7\u0131kabilir.<\/p>\n\n\n\n<h3 class=\"wp-block-heading\" id=\"serom-hamatom-oder-abszess-die-wichtigsten-unterschiede\">Serom, hematom veya apse: en \u00f6nemli farklar<\/h3>\n\n\n\n<figure class=\"wp-block-table\"><table class=\"has-fixed-layout\"><thead><tr><th>\u00d6zellik<\/th><th>Serom<\/th><th>Hematom<\/th><th>Apse<\/th><\/tr><\/thead><tbody><tr><td>\u0130\u00e7indekiler<\/td><td>Lenf, eks\u00fcda, serum (berrak, sar\u0131ms\u0131)<\/td><td>Kan (k\u0131rm\u0131z\u0131dan koyu kahverengiye kadar)<\/td><td>\u0130rin (bulan\u0131k, bakteriyel)<\/td><\/tr><tr><td>Neden<\/td><td>Hasarl\u0131 lenf damarlar\u0131, \u00f6l\u00fc bo\u015fluk<\/td><td>Hasarl\u0131 kan damarlar\u0131<\/td><td>Bakteriyel enfeksiyon<\/td><\/tr><tr><td>A\u011fr\u0131lar<\/td><td>Genellikle hafif, bask\u0131\/gerginlik hissi<\/td><td>A\u011fr\u0131, ciltte renk de\u011fi\u015fikli\u011fi<\/td><td>\u015eiddetli a\u011fr\u0131lar, ate\u015f<\/td><\/tr><tr><td>Tedavi<\/td><td>Bekleme, ponksiyon, drenaj<\/td><td>Ponksiyon, gerekirse cerrahi temizleme<\/td><td>Antibiyotikler, cerrahi a\u00e7ma<\/td><\/tr><tr><td>Kendili\u011finden iyile\u015fme mi?<\/td><td>K\u00fc\u00e7\u00fck seromlarda g\u00f6r\u00fclebilir<\/td><td>K\u00fc\u00e7\u00fck hematomlarda m\u00fcmk\u00fcn olabilir<\/td><td>Hay\u0131r \u2014 Tedavi gereklidir<\/td><\/tr><\/tbody><\/table><\/figure>\n\n\n\n<h2 class=\"wp-block-heading\" id=\"ursachen-der-serombildung-wann-und-warum-entsteht-ein-serom\">Serom olu\u015fumunun nedenleri: Serom ne zaman ve neden olu\u015fur?<\/h2>\n\n\n\n<div class=\"wp-block-group is-style-boxed has-apricot-light-background-color has-background is-layout-constrained wp-block-group-is-layout-constrained\">\n<ul class=\"wp-block-list\">\n<li>Ana neden: Ameliyat s\u0131ras\u0131nda lenf damarlar\u0131n\u0131n yaralanmas\u0131<\/li>\n\n\n\n<li>Risk fakt\u00f6rleri: A\u015f\u0131r\u0131 kilo, diyabet, y\u00fcksek tansiyon, ileri ya\u015f<\/li>\n\n\n\n<li>Seromlar genellikle ameliyattan sonraki ilk birka\u00e7 g\u00fcn ile iki hafta aras\u0131nda ortaya \u00e7\u0131kar<\/li>\n\n\n\n<li>Ara\u015ft\u0131rmalara g\u00f6re, kar\u0131n germe ameliyatlar\u0131nda s\u0131kl\u0131k 5 % \u2013 50 % aras\u0131ndad\u0131r.<\/li>\n<\/ul>\n<\/div>\n\n\n\n<p class=\"wp-block-paragraph\">Serom olu\u015fumunun kesin patofizyolojisi t\u0131bbi a\u00e7\u0131dan hen\u00fcz kesin olarak a\u00e7\u0131kl\u0131\u011fa kavu\u015fturulmam\u0131\u015ft\u0131r. Ana mekanizma olarak, ameliyat s\u0131ras\u0131nda kesilen lenf damarlar\u0131n\u0131n hasar g\u00f6rmesi kabul edilmektedir. Bu durumda lenf, normal \u015fekilde akamaz hale gelir. Lenf, doku ile deri flebi aras\u0131nda yeni olu\u015fan bo\u015flukta birikir. Ayr\u0131ca, hasar g\u00f6rm\u00fc\u015f doku eks\u00fcda \u00fcretir ve bu da ayn\u0131 b\u00f6lgede birikir.<\/p>\n\n\n\n<h3 class=\"wp-block-heading\" id=\"welche-risikofaktoren-begunstigen-die-serombildung\">Hangi risk fakt\u00f6rleri serum olu\u015fumunu tetikler?<\/h3>\n\n\n\n<p class=\"wp-block-paragraph\">Bilinen risk fakt\u00f6rleri aras\u0131nda a\u015f\u0131r\u0131 kilo (obezite), diabetes mellitus, y\u00fcksek tansiyon ve ileri ya\u015f say\u0131labilir. Ayr\u0131ca, \u00f6zellikle geni\u015f yara alanlar\u0131 i\u00e7eren ameliyatlar da riski art\u0131r\u0131r \u2014 \u00f6rne\u011fin, geni\u015f kapsaml\u0131 lipos\u00fcksiyonlar veya mastektomiler.<\/p>\n\n\n\n<p class=\"wp-block-paragraph\">Bir dergi derlemesine g\u00f6re <em>Fleboloji<\/em> (Dehoust, Bruning, Woitalla-Bruning, 2026) g\u00f6re, \u00e7e\u015fitli risk fakt\u00f6rleri ve cerrahi teknikler serom olu\u015fumunu \u00f6nemli \u00f6l\u00e7\u00fcde etkilemektedir. <strong>\u00d6zellikle geni\u015f alanlar\u0131 kapsayan m\u00fcdahaleler bundan ciddi \u015fekilde etkilenmektedir<\/strong>: Kar\u0131n germe ameliyatlar\u0131nda, ameliyat ge\u00e7iren hastalar\u0131n %5 % ila %\u2019sinde serom g\u00f6r\u00fcl\u00fcr. Bu aral\u0131k, deri al\u0131nma miktar\u0131n\u0131n b\u00fcy\u00fckl\u00fc\u011f\u00fcne ve bireysel risk profillerine ba\u011fl\u0131d\u0131r.<\/p>\n\n\n\n<p class=\"wp-block-paragraph\">\u00c7o\u011fu durumda, seromun olu\u015fumu ameliyattan sonraki ilk iki hafta i\u00e7inde ger\u00e7ekle\u015fir. Bazen serom, drenaj t\u00fcplerinin \u00e7\u0131kar\u0131lmas\u0131ndan sonra klinik olarak g\u00f6r\u00fcn\u00fcr hale gelir. Bu nedenle, risk gruplar\u0131na dahil olanlar, ameliyattan \u00f6nce bu konuyu tedavi eden cerrahla aktif bir \u015fekilde g\u00f6r\u00fc\u015fmelidir.<\/p>\n\n\n\n<figure class=\"wp-block-image size-large\"><img loading=\"lazy\" decoding=\"async\" width=\"1536\" height=\"1024\" src=\"https:\/\/4beauty-website-stage.247grad.de\/wp-content\/uploads\/2026\/08\/2026-07_02-chirurgische-situation-bei-einer-bauchdeckenstraffung-bei-de.png\" alt=\"Kar\u0131n germe ameliyat\u0131nda, serom olu\u015fumunun s\u0131k g\u00f6r\u00fclen bir ameliyat sonras\u0131 komplikasyon olarak ortaya \u00e7\u0131kabilece\u011fi cerrahi durum.\" class=\"wp-image-1047\" srcset=\"https:\/\/4beauty-website-stage.247grad.de\/wp-content\/uploads\/2026\/08\/2026-07_02-chirurgische-situation-bei-einer-bauchdeckenstraffung-bei-de.png 1536w, https:\/\/4beauty-website-stage.247grad.de\/wp-content\/uploads\/2026\/08\/2026-07_02-chirurgische-situation-bei-einer-bauchdeckenstraffung-bei-de-900x600.png 900w, https:\/\/4beauty-website-stage.247grad.de\/wp-content\/uploads\/2026\/08\/2026-07_02-chirurgische-situation-bei-einer-bauchdeckenstraffung-bei-de-300x200.png 300w, https:\/\/4beauty-website-stage.247grad.de\/wp-content\/uploads\/2026\/08\/2026-07_02-chirurgische-situation-bei-einer-bauchdeckenstraffung-bei-de-768x512.png 768w, https:\/\/4beauty-website-stage.247grad.de\/wp-content\/uploads\/2026\/08\/2026-07_02-chirurgische-situation-bei-einer-bauchdeckenstraffung-bei-de-1024x683.png 1024w, https:\/\/4beauty-website-stage.247grad.de\/wp-content\/uploads\/2026\/08\/2026-07_02-chirurgische-situation-bei-einer-bauchdeckenstraffung-bei-de-18x12.png 18w, https:\/\/4beauty-website-stage.247grad.de\/wp-content\/uploads\/2026\/08\/2026-07_02-chirurgische-situation-bei-einer-bauchdeckenstraffung-bei-de-40x27.png 40w\" sizes=\"auto, (max-width: 1536px) 100vw, 1536px\" \/><\/figure>\n\n\n\n<h2 class=\"wp-block-heading\" id=\"serom-behandeln-von-abwartendem-beobachten-bis-zur-punktion\">Serom tedavisi: Beklemeli g\u00f6zlemden ponksiyona kadar<\/h2>\n\n\n\n<div class=\"wp-block-group is-style-boxed has-apricot-light-background-color has-background is-layout-constrained wp-block-group-is-layout-constrained\">\n<ul class=\"wp-block-list\">\n<li>K\u00fc\u00e7\u00fck, semptomsuz seromlar birka\u00e7 hafta i\u00e7inde kendili\u011finden geriler<\/li>\n\n\n\n<li>Kompresyon bandajlar\u0131 s\u0131v\u0131 birikimini azaltabilir<\/li>\n\n\n\n<li>Kal\u0131c\u0131 veya daha b\u00fcy\u00fck seromlarda: \u0130\u011fne ile aspirasyon (delme)<\/li>\n\n\n\n<li>\u0130nat\u00e7\u0131 vakalarda tekrarlanan ponksiyonlar veya drenaj gerekebilir<\/li>\n<\/ul>\n<\/div>\n\n\n\n<p class=\"wp-block-paragraph\">Bir seromun tedavisi, b\u00fcy\u00fckl\u00fc\u011f\u00fcne, semptomlar\u0131na ve zaman i\u00e7indeki seyrine g\u00f6re belirlenir. Temel olarak \u00fc\u00e7 tedavi a\u015famas\u0131 vard\u0131r.<\/p>\n\n\n\n<svg aria-label=\"Serom behandeln: Die 3 Behandlungsstufen von abwartendem Beobachten \u00fcber Punktion bis zur chirurgischen Drainage\" role=\"img\" style=\"width:100%; max-width:800px; display:block; font-family:system-ui, 'Montserrat', sans-serif;\" viewbox=\"0 0 800 340\" xmlns=\"http:\/\/www.w3.org\/2000\/svg\">\n<rect fill=\"var(--surface, #f9fafb)\" height=\"340\" rx=\"8\" width=\"800\"><\/rect>\n<text fill=\"var(--heading-color, #333333)\" font-family=\"'Roboto Slab', serif\" font-size=\"17\" font-weight=\"700\" text-anchor=\"middle\" x=\"400\" y=\"38\">Serom tedavisi: 3 tedavi a\u015famas\u0131<\/text>\n<rect fill=\"#ffffff\" height=\"220\" rx=\"8\" stroke=\"var(--border, #E4E4E4)\" stroke-width=\"1.5\" width=\"200\" x=\"40\" y=\"68\"><\/rect>\n<rect fill=\"#22c55e\" height=\"8\" rx=\"4\" width=\"200\" x=\"40\" y=\"68\"><\/rect>\n<circle cx=\"140\" cy=\"114\" fill=\"#22c55e\" r=\"22\"><\/circle>\n<text fill=\"#ffffff\" font-size=\"18\" font-weight=\"700\" text-anchor=\"middle\" x=\"140\" y=\"121\">1<\/text>\n<text fill=\"#166534\" font-size=\"14\" font-weight=\"700\" text-anchor=\"middle\" x=\"140\" y=\"158\">G\u00f6zlemlemek<\/text>\n<text fill=\"#555555\" font-size=\"12\" text-anchor=\"middle\" x=\"140\" y=\"177\">Muhafazakar<\/text>\n<line stroke=\"#e5e7eb\" stroke-width=\"1\" x1=\"80\" x2=\"200\" y1=\"194\" y2=\"194\"><\/line>\n<text fill=\"#444444\" font-size=\"11.5\" text-anchor=\"middle\" x=\"140\" y=\"213\">Kompresyon bandaj\u0131<\/text>\n<text fill=\"#444444\" font-size=\"11.5\" text-anchor=\"middle\" x=\"140\" y=\"230\">B\u00f6lgeye \u00f6zen g\u00f6sterilmesi<\/text>\n<text fill=\"#444444\" font-size=\"11.5\" text-anchor=\"middle\" x=\"140\" y=\"247\">S\u0131k\u0131 denetim<\/text>\n<text fill=\"#888888\" font-size=\"10.5\" text-anchor=\"middle\" x=\"140\" y=\"272\">K\u00fc\u00e7\u00fck, semptomsuz<\/text>\n<text fill=\"#888888\" font-size=\"10.5\" text-anchor=\"middle\" x=\"140\" y=\"286\">Seromlar (kendi kendine iyile\u015fme m\u00fcmk\u00fcnd\u00fcr)<\/text>\n<g>\n<line stroke=\"#F14D97\" stroke-dasharray=\"5,3\" stroke-width=\"2\" x1=\"244\" x2=\"290\" y1=\"178\" y2=\"178\"><\/line>\n<polygon fill=\"#F14D97\" points=\"290,173 302,178 290,183\"><\/polygon>\n<text fill=\"#F14D97\" font-size=\"10\" font-weight=\"600\" text-anchor=\"middle\" x=\"273\" y=\"170\">Yok<\/text>\n<text fill=\"#F14D97\" font-size=\"10\" font-weight=\"600\" text-anchor=\"middle\" x=\"273\" y=\"182\">D\u00fc\u015f\u00fc\u015f<\/text>\n<\/g>\n<rect fill=\"#ffffff\" height=\"220\" rx=\"8\" stroke=\"var(--border, #E4E4E4)\" stroke-width=\"1.5\" width=\"200\" x=\"300\" y=\"68\"><\/rect>\n<rect fill=\"#f59e0b\" height=\"8\" rx=\"4\" width=\"200\" x=\"300\" y=\"68\"><\/rect>\n<circle cx=\"400\" cy=\"114\" fill=\"#f59e0b\" r=\"22\"><\/circle>\n<text fill=\"#ffffff\" font-size=\"18\" font-weight=\"700\" text-anchor=\"middle\" x=\"400\" y=\"121\">2<\/text>\n<text fill=\"#92400e\" font-size=\"14\" font-weight=\"700\" text-anchor=\"middle\" x=\"400\" y=\"158\">Pansiyon<\/text>\n<text fill=\"#555555\" font-size=\"12\" text-anchor=\"middle\" x=\"400\" y=\"177\">Aspirasyon<\/text>\n<line stroke=\"#e5e7eb\" stroke-width=\"1\" x1=\"340\" x2=\"460\" y1=\"194\" y2=\"194\"><\/line>\n<text fill=\"#444444\" font-size=\"11.5\" text-anchor=\"middle\" x=\"400\" y=\"213\">\u0130\u011fne ile Aspirasyon<\/text>\n<text fill=\"#444444\" font-size=\"11.5\" text-anchor=\"middle\" x=\"400\" y=\"230\">Doktorun muayenehanesinde<\/text>\n<text fill=\"#444444\" font-size=\"11.5\" text-anchor=\"middle\" x=\"400\" y=\"247\">Gerekirse birka\u00e7 kez tekrarlanabilir<\/text>\n<text fill=\"#888888\" font-size=\"10.5\" text-anchor=\"middle\" x=\"400\" y=\"272\">Orta derecede, semptomatik<\/text>\n<text fill=\"#888888\" font-size=\"10.5\" text-anchor=\"middle\" x=\"400\" y=\"286\">Seromlar (yakla\u015f\u0131k 2 haftadan itibaren)<\/text>\n<g>\n<line stroke=\"#F14D97\" stroke-dasharray=\"5,3\" stroke-width=\"2\" x1=\"504\" x2=\"550\" y1=\"178\" y2=\"178\"><\/line>\n<polygon fill=\"#F14D97\" points=\"550,173 562,178 550,183\"><\/polygon>\n<text fill=\"#F14D97\" font-size=\"10\" font-weight=\"600\" text-anchor=\"middle\" x=\"533\" y=\"170\">N\u00fcks \/<\/text>\n<text fill=\"#F14D97\" font-size=\"10\" font-weight=\"600\" text-anchor=\"middle\" x=\"533\" y=\"182\">B\u00fcy\u00fck<\/text>\n<\/g>\n<rect fill=\"#ffffff\" height=\"220\" rx=\"8\" stroke=\"var(--border, #E4E4E4)\" stroke-width=\"1.5\" width=\"200\" x=\"560\" y=\"68\"><\/rect>\n<rect fill=\"var(--primary, #F14D97)\" height=\"8\" rx=\"4\" width=\"200\" x=\"560\" y=\"68\"><\/rect>\n<circle cx=\"660\" cy=\"114\" fill=\"var(--primary, #F14D97)\" r=\"22\"><\/circle>\n<text fill=\"#ffffff\" font-size=\"18\" font-weight=\"700\" text-anchor=\"middle\" x=\"660\" y=\"121\">3<\/text>\n<text fill=\"#9f1239\" font-size=\"14\" font-weight=\"700\" text-anchor=\"middle\" x=\"660\" y=\"158\">Drenaj<\/text>\n<text fill=\"#555555\" font-size=\"12\" text-anchor=\"middle\" x=\"660\" y=\"177\">Cerrahi<\/text>\n<line stroke=\"#e5e7eb\" stroke-width=\"1\" x1=\"600\" x2=\"720\" y1=\"194\" y2=\"194\"><\/line>\n<text fill=\"#444444\" font-size=\"11.5\" text-anchor=\"middle\" x=\"660\" y=\"213\">Redondrenaj<\/text>\n<text fill=\"#444444\" font-size=\"11.5\" text-anchor=\"middle\" x=\"660\" y=\"230\">Yat\u0131\u015f<\/text>\n<text fill=\"#444444\" font-size=\"11.5\" text-anchor=\"middle\" x=\"660\" y=\"247\">Gerekirse fibrin yap\u0131\u015ft\u0131r\u0131c\u0131s\u0131<\/text>\n<text fill=\"#888888\" font-size=\"10.5\" text-anchor=\"middle\" x=\"660\" y=\"272\">B\u00fcy\u00fck, kal\u0131c\u0131 veya<\/text>\n<text fill=\"#888888\" font-size=\"10.5\" text-anchor=\"middle\" x=\"660\" y=\"286\">enfekte seromlar<\/text>\n<rect fill=\"#fff7fb\" height=\"28\" rx=\"4\" stroke=\"var(--border, #E4E4E4)\" stroke-width=\"1\" width=\"720\" x=\"40\" y=\"302\"><\/rect>\n<text fill=\"#555555\" font-size=\"11.5\" text-anchor=\"middle\" x=\"400\" y=\"320\">Tipik iyile\u015fme s\u00fcresi: k\u00fc\u00e7\u00fck seromlar 2 \u2013 6 hafta | orta b\u00fcy\u00fckl\u00fckte olanlar 6 \u2013 12 hafta | b\u00fcy\u00fck\/kal\u0131c\u0131 olanlar 6 aya kadar<\/text>\n<\/svg>\n\n\n\n<p class=\"wp-block-paragraph\"><em>Boyut ve seyrine g\u00f6re Serom tedavi a\u015famalar\u0131. G\u00fcncelleme tarihi: Temmuz 2026. T\u0131bbi tavsiye yerine ge\u00e7mez.<\/em><\/p>\n\n\n\n<figure class=\"wp-block-image size-large\"><img loading=\"lazy\" decoding=\"async\" width=\"1536\" height=\"1024\" src=\"https:\/\/4beauty-website-stage.247grad.de\/wp-content\/uploads\/2026\/08\/2026-07_03-arzt-f-hrt-eine-punktion-zur-behandlung-eines-seroms-durch-i.png\" alt=\"Doktor, seromu tedavi etmek i\u00e7in dokudan ser\u00f6z s\u0131v\u0131y\u0131 emerek bir ponksiyon i\u015flemi ger\u00e7ekle\u015ftirir.\" class=\"wp-image-1049\" srcset=\"https:\/\/4beauty-website-stage.247grad.de\/wp-content\/uploads\/2026\/08\/2026-07_03-arzt-f-hrt-eine-punktion-zur-behandlung-eines-seroms-durch-i.png 1536w, https:\/\/4beauty-website-stage.247grad.de\/wp-content\/uploads\/2026\/08\/2026-07_03-arzt-f-hrt-eine-punktion-zur-behandlung-eines-seroms-durch-i-900x600.png 900w, https:\/\/4beauty-website-stage.247grad.de\/wp-content\/uploads\/2026\/08\/2026-07_03-arzt-f-hrt-eine-punktion-zur-behandlung-eines-seroms-durch-i-300x200.png 300w, https:\/\/4beauty-website-stage.247grad.de\/wp-content\/uploads\/2026\/08\/2026-07_03-arzt-f-hrt-eine-punktion-zur-behandlung-eines-seroms-durch-i-768x512.png 768w, https:\/\/4beauty-website-stage.247grad.de\/wp-content\/uploads\/2026\/08\/2026-07_03-arzt-f-hrt-eine-punktion-zur-behandlung-eines-seroms-durch-i-1024x683.png 1024w, https:\/\/4beauty-website-stage.247grad.de\/wp-content\/uploads\/2026\/08\/2026-07_03-arzt-f-hrt-eine-punktion-zur-behandlung-eines-seroms-durch-i-18x12.png 18w, https:\/\/4beauty-website-stage.247grad.de\/wp-content\/uploads\/2026\/08\/2026-07_03-arzt-f-hrt-eine-punktion-zur-behandlung-eines-seroms-durch-i-40x27.png 40w\" sizes=\"auto, (max-width: 1536px) 100vw, 1536px\" \/><\/figure>\n\n\n\n<ol class=\"wp-block-list is-style-step-list\">\n<li><strong>S\u0131k\u0131\u015ft\u0131rma ile beklemeci g\u00f6zlemleme<\/strong> \u015eikayet yaratmayan k\u00fc\u00e7\u00fck, bas\u0131n\u00e7s\u0131z seromlar konservatif olarak tedavi edilebilir. S\u0131k\u0131 oturan bir kompresyon bandaj\u0131 bo\u015flu\u011fu bir arada tutar. Bu, s\u0131v\u0131 olu\u015fumunu azalt\u0131r. B\u00f6ylece bir\u00e7ok k\u00fc\u00e7\u00fck serom d\u00f6rt ila sekiz hafta i\u00e7inde kendili\u011finden kaybolur.<\/li>\n\n\n\n<li><strong>Pansiyon (Aspirasyon)<\/strong> Daha b\u00fcy\u00fck veya semptomatik seromlar, s\u0131v\u0131y\u0131 bo\u015faltmak i\u00e7in i\u011fne ve \u015f\u0131r\u0131nga kullan\u0131larak ponksiyonla a\u00e7\u0131l\u0131r. Bu ayakta yap\u0131lan i\u015flem birka\u00e7 kez tekrarlanmal\u0131d\u0131r. Doku stabil bir \u015fekilde kaynayana kadar serom yeniden olu\u015fabilir.<\/li>\n\n\n\n<li><strong>Drenaj veya cerrahi tedavi<\/strong> Pansiyon tedavisine yan\u0131t vermeyen inat\u00e7\u0131 seromlar, drenaj t\u00fcp\u00fc tak\u0131lmas\u0131n\u0131 gerektirir. Nadir durumlarda, \u00f6rne\u011fin seromda fibrin\u00f6z birikimler olu\u015ftu\u011funda veya enfeksiyon geli\u015fti\u011finde, tekrar ameliyat yap\u0131lmas\u0131 gerekebilir.<\/li>\n<\/ol>\n\n\n\n<p class=\"wp-block-paragraph\">Deneyimlere g\u00f6re, cerrahlar serom \u00f6nleme amac\u0131yla \u00e7e\u015fitli \u00f6nlemler almaktad\u0131r. Yara y\u00fczeylerinin fibrin yap\u0131\u015ft\u0131r\u0131c\u0131s\u0131yla yap\u0131\u015ft\u0131r\u0131lmas\u0131, doku ile deri flebi aras\u0131ndaki bo\u015flu\u011fu en aza indirmek i\u00e7in umut vaat eden bir teknik olarak kabul edilmektedir. Ayr\u0131ca, ameliyat\u0131n hemen ard\u0131ndan Redon drenaj t\u00fcplerinin yerle\u015ftirilmesi de yayg\u0131n olarak uygulanan bir y\u00f6ntemdir. Komplikasyonsuz seromlar, tedaviye bir ila \u00fc\u00e7 ay i\u00e7inde yan\u0131t verir.<\/p>\n\n\n\n<div class=\"wp-block-group is-style-boxed is-layout-constrained wp-block-group-is-layout-constrained\">\n<p class=\"wp-block-paragraph\"><strong>\u00d6nemli uyar\u0131<\/strong><\/p>\n\n<p class=\"wp-block-paragraph\">Ameliyat sonras\u0131 ameliyat b\u00f6lgesinde \u015fi\u015flik, s\u0131cakl\u0131k hissi veya artan a\u011fr\u0131 ortaya \u00e7\u0131karsa, derhal tedavi eden hekime veya bir uzman klini\u011fe ba\u015fvurulmal\u0131d\u0131r. Erken tedavi, enfeksiyon veya nekroz gibi sekelleri \u00f6nler.<\/p>\n<\/div>\n\n\n\n<h2 class=\"wp-block-heading\" id=\"serombildung-und-die-finanziellen-folgen-welcher-schutz-greift\">Serom olu\u015fumu ve mali sonu\u00e7lar\u0131: Hangi koruma ge\u00e7erlidir?<\/h2>\n\n\n\n<p class=\"wp-block-paragraph\">Kozmetik m\u00fcdahalelerden sonra yap\u0131lan serom tedavileri, bir\u00e7ok hastan\u0131n hafife ald\u0131\u011f\u0131 bir sigorta kapsam\u0131 bo\u015flu\u011funa girer. Bunlar aras\u0131nda tekrarlanan doktor ziyaretleri, ponksiyonlar veya yatarak uygulanan drenajlar yer al\u0131r. Yasal sa\u011fl\u0131k sigortas\u0131, t\u0131bbi endikasyon bulunmayan estetik ameliyatlar\u0131n ard\u0131ndan yap\u0131lan takip tedavilerini hi\u00e7 kar\u015f\u0131lamaz veya sadece k\u0131smen kar\u015f\u0131lar. Acil bir tedavi gerekirse, sa\u011fl\u0131k sigortas\u0131 \u015firketi ortaya \u00e7\u0131kan masraflar\u0131 geri talep edebilir bile.<\/p>\n\n\n\n<p class=\"wp-block-paragraph\">\u0130\u015fte tam da burada bir <a href=\"https:\/\/4beauty-website-stage.247grad.de\/tr\/sonraki-masraf-sigortasi\/\">Sonras\u0131 Maliyet Sigortas\u0131<\/a> . Bu sigorta, sigortal\u0131 m\u00fcdahale sonucu ortaya \u00e7\u0131kan serom, yara iyile\u015fme bozukluklar\u0131 veya enfeksiyonlar gibi komplikasyonlarda teminat a\u00e7\u0131\u011f\u0131n\u0131 kapat\u0131r. 4beauty hizmet tan\u0131m\u0131na g\u00f6re, buna eks\u00fcda nedeniyle yap\u0131lan ponksiyonlar ve enfeksiyon nedeniyle yap\u0131lan yara revizyonlar\u0131 da dahildir. Sigorta kapsam\u0131, 300.000 Euro\u2019ya kadar olan takip tedavileri i\u00e7in ge\u00e7erlidir ve i\u015flemden 24 saat \u00f6ncesine kadar \u00e7evrimi\u00e7i olarak sat\u0131n al\u0131nabilir \u2014 y\u00fcz germe ve liposuction i\u015flemleri i\u00e7in 35 Euro\u2019luk tek seferlik \u00f6deme ile.<\/p>\n\n\n\n<figure class=\"wp-block-image size-large\"><img loading=\"lazy\" decoding=\"async\" width=\"1536\" height=\"1024\" src=\"https:\/\/4beauty-website-stage.247grad.de\/wp-content\/uploads\/2026\/08\/2026-07_04-person-pr-ft-am-smartphone-optionen-zur-finanziellen-absiche.png\" alt=\"Bir ki\u015fi, estetik ameliyat sonras\u0131 serom olu\u015fumu gibi komplikasyonlara kar\u015f\u0131 finansal g\u00fcvence se\u00e7eneklerini ak\u0131ll\u0131 telefonundan inceliyor.\" class=\"wp-image-1051\" srcset=\"https:\/\/4beauty-website-stage.247grad.de\/wp-content\/uploads\/2026\/08\/2026-07_04-person-pr-ft-am-smartphone-optionen-zur-finanziellen-absiche.png 1536w, https:\/\/4beauty-website-stage.247grad.de\/wp-content\/uploads\/2026\/08\/2026-07_04-person-pr-ft-am-smartphone-optionen-zur-finanziellen-absiche-900x600.png 900w, https:\/\/4beauty-website-stage.247grad.de\/wp-content\/uploads\/2026\/08\/2026-07_04-person-pr-ft-am-smartphone-optionen-zur-finanziellen-absiche-300x200.png 300w, https:\/\/4beauty-website-stage.247grad.de\/wp-content\/uploads\/2026\/08\/2026-07_04-person-pr-ft-am-smartphone-optionen-zur-finanziellen-absiche-768x512.png 768w, https:\/\/4beauty-website-stage.247grad.de\/wp-content\/uploads\/2026\/08\/2026-07_04-person-pr-ft-am-smartphone-optionen-zur-finanziellen-absiche-1024x683.png 1024w, https:\/\/4beauty-website-stage.247grad.de\/wp-content\/uploads\/2026\/08\/2026-07_04-person-pr-ft-am-smartphone-optionen-zur-finanziellen-absiche-18x12.png 18w, https:\/\/4beauty-website-stage.247grad.de\/wp-content\/uploads\/2026\/08\/2026-07_04-person-pr-ft-am-smartphone-optionen-zur-finanziellen-absiche-40x27.png 40w\" sizes=\"auto, (max-width: 1536px) 100vw, 1536px\" \/><\/figure>\n\n\n\n<p class=\"wp-block-paragraph\">Liposuction veya kar\u0131n germe ameliyat\u0131 planlayan ki\u015filer, bu hususu ameliyattan \u00f6nce g\u00f6z \u00f6n\u00fcnde bulundurmal\u0131d\u0131r. Sigorta, komplikasyonun kendisini \u00f6nlemez. Ancak gerekli takip tedavilerinden kaynaklanacak mali y\u00fcklerin plan d\u0131\u015f\u0131 bir \u015fekilde ortaya \u00e7\u0131kmamas\u0131n\u0131 sa\u011flar.<\/p>\n\n\n\n<div class=\"wp-block-group is-style-boxed is-layout-constrained wp-block-group-is-layout-constrained\">\n<p class=\"wp-block-paragraph\">Yok<\/p>\n\n<div class=\"wp-block-buttons is-layout-flex wp-block-buttons-is-layout-flex\">\n<div class=\"wp-block-button is-style-polar\"><a class=\"wp-block-button__link wp-element-button\" href=\"https:\/\/4beauty-website-stage.247grad.de\/tr\/sonraki-masraf-sigortasi\/\">Sonraki masraflar\u0131 sigortalamak<\/a><\/div>\n<\/div>\n<\/div>\n\n\n\n<h2 class=\"wp-block-heading\" id=\"haufige-fragen-zur-serombildung\">Serom olu\u015fumuyla ilgili s\u0131k sorulan sorular<\/h2>\n\n\n\n<div data-wp-context=\"{ &quot;autoclose&quot;: false, &quot;accordionItems&quot;: [] }\" data-wp-interactive=\"core\/accordion\" role=\"group\" class=\"wp-block-accordion is-layout-flow wp-block-accordion-is-layout-flow\">\n<div data-wp-class--is-open=\"state.isOpen\" data-wp-context=\"{ &quot;id&quot;: &quot;accordion-item-1&quot;, &quot;openByDefault&quot;: false }\" data-wp-init=\"callbacks.initAccordionItems\" data-wp-on-window--hashchange=\"callbacks.hashChange\" class=\"wp-block-accordion-item is-layout-flow wp-block-accordion-item-is-layout-flow\">\n<h3 class=\"wp-block-accordion-heading\"><button aria-expanded=\"false\" aria-controls=\"accordion-item-1-panel\" data-wp-bind--aria-expanded=\"state.isOpen\" data-wp-on--click=\"actions.toggle\" id=\"accordion-item-1\" type=\"button\" class=\"wp-block-accordion-heading__toggle\"><span class=\"wp-block-accordion-heading__toggle-title\">Bir seromun kaybolmas\u0131 ne kadar s\u00fcrer?<\/span><span class=\"wp-block-accordion-heading__toggle-icon\" aria-hidden=\"true\">+<\/span><\/button><\/h3>\n\n\n\n<div aria-labelledby=\"accordion-item-1\" data-wp-bind--hidden=\"state.isHidden\" data-wp-on--beforematch=\"actions.handleBeforeMatch\" id=\"accordion-item-1-panel\" role=\"region\" class=\"wp-block-accordion-panel is-layout-flow wp-block-accordion-panel-is-layout-flow\">\n<p class=\"wp-block-paragraph\">K\u00fc\u00e7\u00fck seromlar, kompresyon bandajlar\u0131 ile konservatif olarak tedavi edildi\u011finde d\u00f6rt ila sekiz hafta i\u00e7inde kendili\u011finden geriler. Ponksiyon gerektiren daha b\u00fcy\u00fck seromlar\u0131n iyile\u015fmesi ise \u00fc\u00e7 aya kadar s\u00fcrebilir. Drenaj veya tekrar cerrahi m\u00fcdahale gerektiren inat\u00e7\u0131 vakalarda iyile\u015fme s\u00fcreci daha uzundur ve ki\u015fiden ki\u015fiye b\u00fcy\u00fck farkl\u0131l\u0131klar g\u00f6sterir.<\/p>\n<\/div>\n<\/div>\n\n\n\n<div data-wp-class--is-open=\"state.isOpen\" data-wp-context=\"{ &quot;id&quot;: &quot;accordion-item-2&quot;, &quot;openByDefault&quot;: false }\" data-wp-init=\"callbacks.initAccordionItems\" data-wp-on-window--hashchange=\"callbacks.hashChange\" class=\"wp-block-accordion-item is-layout-flow wp-block-accordion-item-is-layout-flow\">\n<h3 class=\"wp-block-accordion-heading\"><button aria-expanded=\"false\" aria-controls=\"accordion-item-2-panel\" data-wp-bind--aria-expanded=\"state.isOpen\" data-wp-on--click=\"actions.toggle\" id=\"accordion-item-2\" type=\"button\" class=\"wp-block-accordion-heading__toggle\"><span class=\"wp-block-accordion-heading__toggle-title\">Ameliyat sonras\u0131 serom olu\u015fumu \u00f6nlenebilir mi?<\/span><span class=\"wp-block-accordion-heading__toggle-icon\" aria-hidden=\"true\">+<\/span><\/button><\/h3>\n\n\n\n<div aria-labelledby=\"accordion-item-2\" data-wp-bind--hidden=\"state.isHidden\" data-wp-on--beforematch=\"actions.handleBeforeMatch\" id=\"accordion-item-2-panel\" role=\"region\" class=\"wp-block-accordion-panel is-layout-flow wp-block-accordion-panel-is-layout-flow\">\n<p class=\"wp-block-paragraph\">Bunu tamamen \u00f6nlemek kesin olarak m\u00fcmk\u00fcn de\u011fildir, ancak risk azalt\u0131labilir. Kan\u0131tlanm\u0131\u015f \u00f6nleyici tedbirler aras\u0131nda, ameliyattan hemen sonra Redon drenaj t\u00fcplerinin yerle\u015ftirilmesi ve deri flebi ile doku aras\u0131ndaki bo\u015flu\u011fu en aza indirmek i\u00e7in yara y\u00fczeylerinin fibrin yap\u0131\u015ft\u0131r\u0131c\u0131s\u0131yla yap\u0131\u015ft\u0131r\u0131lmas\u0131 yer al\u0131r. \u0130yile\u015fme d\u00f6neminde kompresyon giysileri giyilmesi, doku katmanlar\u0131n\u0131n birbirine yap\u0131\u015fmas\u0131n\u0131 ek olarak destekler.<\/p>\n<\/div>\n<\/div>\n\n\n\n<div data-wp-class--is-open=\"state.isOpen\" data-wp-context=\"{ &quot;id&quot;: &quot;accordion-item-3&quot;, &quot;openByDefault&quot;: false }\" data-wp-init=\"callbacks.initAccordionItems\" data-wp-on-window--hashchange=\"callbacks.hashChange\" class=\"wp-block-accordion-item is-layout-flow wp-block-accordion-item-is-layout-flow\">\n<h3 class=\"wp-block-accordion-heading\"><button aria-expanded=\"false\" aria-controls=\"accordion-item-3-panel\" data-wp-bind--aria-expanded=\"state.isOpen\" data-wp-on--click=\"actions.toggle\" id=\"accordion-item-3\" type=\"button\" class=\"wp-block-accordion-heading__toggle\"><span class=\"wp-block-accordion-heading__toggle-title\">Bir serom ne zaman ponksiyonla bo\u015falt\u0131lmal\u0131d\u0131r?<\/span><span class=\"wp-block-accordion-heading__toggle-icon\" aria-hidden=\"true\">+<\/span><\/button><\/h3>\n\n\n\n<div aria-labelledby=\"accordion-item-3\" data-wp-bind--hidden=\"state.isHidden\" data-wp-on--beforematch=\"actions.handleBeforeMatch\" id=\"accordion-item-3-panel\" role=\"region\" class=\"wp-block-accordion-panel is-layout-flow wp-block-accordion-panel-is-layout-flow\">\n<p class=\"wp-block-paragraph\">Serom daha b\u00fcy\u00fckse, belirgin \u015fikayetlere (\u015fiddetli bask\u0131 hissi, gerginlik, a\u011fr\u0131) neden oluyorsa veya kompresyon tedavisine ra\u011fmen gerilemiyorsa aspirasyon yap\u0131lmas\u0131 gerekir. Enfeksiyon \u015f\u00fcphesi durumunda da s\u0131v\u0131n\u0131n al\u0131nmas\u0131 ve incelenmesi gerekir. Karar, klinik de\u011ferlendirme ve gerekirse ultrason muayenesi sonras\u0131nda tedaviyi y\u00fcr\u00fcten hekim taraf\u0131ndan verilir.<\/p>\n<\/div>\n<\/div>\n\n\n\n<div data-wp-class--is-open=\"state.isOpen\" data-wp-context=\"{ &quot;id&quot;: &quot;accordion-item-4&quot;, &quot;openByDefault&quot;: false }\" data-wp-init=\"callbacks.initAccordionItems\" data-wp-on-window--hashchange=\"callbacks.hashChange\" class=\"wp-block-accordion-item is-layout-flow wp-block-accordion-item-is-layout-flow\">\n<h3 class=\"wp-block-accordion-heading\"><button aria-expanded=\"false\" aria-controls=\"accordion-item-4-panel\" data-wp-bind--aria-expanded=\"state.isOpen\" data-wp-on--click=\"actions.toggle\" id=\"accordion-item-4\" type=\"button\" class=\"wp-block-accordion-heading__toggle\"><span class=\"wp-block-accordion-heading__toggle-title\">Estetik ameliyat sonras\u0131 serom tedavisinin masraflar\u0131n\u0131 sa\u011fl\u0131k sigortas\u0131 kar\u015f\u0131lar m\u0131?<\/span><span class=\"wp-block-accordion-heading__toggle-icon\" aria-hidden=\"true\">+<\/span><\/button><\/h3>\n\n\n\n<div aria-labelledby=\"accordion-item-4\" data-wp-bind--hidden=\"state.isHidden\" data-wp-on--beforematch=\"actions.handleBeforeMatch\" id=\"accordion-item-4-panel\" role=\"region\" class=\"wp-block-accordion-panel is-layout-flow wp-block-accordion-panel-is-layout-flow\">\n<p class=\"wp-block-paragraph\">Yasal sa\u011fl\u0131k sigortas\u0131, t\u0131bbi gerek\u00e7eye dayanmayan kozmetik m\u00fcdahalelerin tedavi masraflar\u0131n\u0131 kar\u015f\u0131lamaz. Acil bir tedavi gerekirse, sigorta kurumu ortaya \u00e7\u0131kan masraflar\u0131 sonradan geri talep edebilir. \u0130\u015flemden \u00f6nce yapt\u0131r\u0131lan bir takip masraflar\u0131 sigortas\u0131, bu teminat bo\u015flu\u011funu kapat\u0131r ve ponksiyonlar veya yara revizyonlar\u0131 gibi t\u0131bbi a\u00e7\u0131dan gerekli takip tedavilerinin masraflar\u0131n\u0131 kar\u015f\u0131lar.<\/p>\n<\/div>\n<\/div>\n\n\n\n<div data-wp-class--is-open=\"state.isOpen\" data-wp-context=\"{ &quot;id&quot;: &quot;accordion-item-5&quot;, &quot;openByDefault&quot;: false }\" data-wp-init=\"callbacks.initAccordionItems\" data-wp-on-window--hashchange=\"callbacks.hashChange\" class=\"wp-block-accordion-item is-layout-flow wp-block-accordion-item-is-layout-flow\">\n<h3 class=\"wp-block-accordion-heading\"><button aria-expanded=\"false\" aria-controls=\"accordion-item-5-panel\" data-wp-bind--aria-expanded=\"state.isOpen\" data-wp-on--click=\"actions.toggle\" id=\"accordion-item-5\" type=\"button\" class=\"wp-block-accordion-heading__toggle\"><span class=\"wp-block-accordion-heading__toggle-title\">Hangi kozmetik m\u00fcdahalelerde serom riski en y\u00fcksektir?<\/span><span class=\"wp-block-accordion-heading__toggle-icon\" aria-hidden=\"true\">+<\/span><\/button><\/h3>\n\n\n\n<div aria-labelledby=\"accordion-item-5\" data-wp-bind--hidden=\"state.isHidden\" data-wp-on--beforematch=\"actions.handleBeforeMatch\" id=\"accordion-item-5-panel\" role=\"region\" class=\"wp-block-accordion-panel is-layout-flow wp-block-accordion-panel-is-layout-flow\">\n<p class=\"wp-block-paragraph\">Abdominoplasti (kar\u0131n germe ameliyatlar\u0131), 5 % ila 50 % aras\u0131nda bir insidans oran\u0131yla kozmetik m\u00fcdahaleler aras\u0131nda en y\u00fcksek serom riskine sahiptir. Mastektomiler, geni\u015f kapsaml\u0131 liposuctionlar ve v\u00fccut \u015fekillendirme ama\u00e7l\u0131 germe ameliyatlar\u0131 da s\u0131kl\u0131kla serom olu\u015fumu ile ili\u015fkilidir. Bireysel risk, ameliyat\u0131n kapsam\u0131n\u0131n geni\u015flemesi ve obezite veya diabetes mellitus gibi risk fakt\u00f6rlerinin varl\u0131\u011f\u0131yla birlikte artar.<\/p>\n<\/div>\n<\/div>\n<\/div>","protected":false},"excerpt":{"rendered":"<p>Serom, liposuction ve kar\u0131n germe ameliyatlar\u0131 sonras\u0131nda en s\u0131k g\u00f6r\u00fclen ancak en \u00e7ok hafife al\u0131nan komplikasyonlardan biridir. Nas\u0131l olu\u015fur, ne zaman tedavi edilir ve sa\u011fl\u0131k sigortas\u0131 neleri kar\u015f\u0131lamaz?<\/p>","protected":false},"author":1,"featured_media":1049,"comment_status":"open","ping_status":"open","sticky":false,"template":"","format":"standard","meta":{"_acf_changed":false,"inline_featured_image":false,"footnotes":""},"categories":[12],"tags":[],"class_list":["post-1052","post","type-post","status-publish","format-standard","has-post-thumbnail","hentry","category-risiken-komplikationen"],"acf":[],"_links":{"self":[{"href":"https:\/\/4beauty-website-stage.247grad.de\/tr\/wp-json\/wp\/v2\/posts\/1052","targetHints":{"allow":["GET"]}}],"collection":[{"href":"https:\/\/4beauty-website-stage.247grad.de\/tr\/wp-json\/wp\/v2\/posts"}],"about":[{"href":"https:\/\/4beauty-website-stage.247grad.de\/tr\/wp-json\/wp\/v2\/types\/post"}],"author":[{"embeddable":true,"href":"https:\/\/4beauty-website-stage.247grad.de\/tr\/wp-json\/wp\/v2\/users\/1"}],"replies":[{"embeddable":true,"href":"https:\/\/4beauty-website-stage.247grad.de\/tr\/wp-json\/wp\/v2\/comments?post=1052"}],"version-history":[{"count":1,"href":"https:\/\/4beauty-website-stage.247grad.de\/tr\/wp-json\/wp\/v2\/posts\/1052\/revisions"}],"predecessor-version":[{"id":1054,"href":"https:\/\/4beauty-website-stage.247grad.de\/tr\/wp-json\/wp\/v2\/posts\/1052\/revisions\/1054"}],"wp:featuredmedia":[{"embeddable":true,"href":"https:\/\/4beauty-website-stage.247grad.de\/tr\/wp-json\/wp\/v2\/media\/1049"}],"wp:attachment":[{"href":"https:\/\/4beauty-website-stage.247grad.de\/tr\/wp-json\/wp\/v2\/media?parent=1052"}],"wp:term":[{"taxonomy":"category","embeddable":true,"href":"https:\/\/4beauty-website-stage.247grad.de\/tr\/wp-json\/wp\/v2\/categories?post=1052"},{"taxonomy":"post_tag","embeddable":true,"href":"https:\/\/4beauty-website-stage.247grad.de\/tr\/wp-json\/wp\/v2\/tags?post=1052"}],"curies":[{"name":"wp","href":"https:\/\/api.w.org\/{rel}","templated":true}]}}