{"id":961,"date":"2025-09-15T12:18:32","date_gmt":"2025-09-15T10:18:32","guid":{"rendered":"https:\/\/4beauty-website-stage.247grad.de\/?p=961"},"modified":"2025-09-15T14:08:09","modified_gmt":"2025-09-15T12:08:09","slug":"alles-wissenswerte-zur-ohrenkorrektur-otopexie-otoplastik","status":"publish","type":"post","link":"https:\/\/4beauty-website-stage.247grad.de\/tr\/alles-wissenswerte-zur-ohrenkorrektur-otopexie-otoplastik\/","title":{"rendered":"Kulak d\u00fczeltme ameliyat\u0131 (otopeksi, otoplasti) hakk\u0131nda bilmeniz gereken her \u015fey"},"content":{"rendered":"<p class=\"wp-block-paragraph\">Abstehende Ohren, umgangssprachlich oft als \u201eSegelohren\u201c bezeichnet, sind keine seltene Erscheinung. Viele Kinder und Erwachsene leiden jedoch unter diesem optischen Merkmal \u2013 sei es durch H\u00e4nseleien in der Schule, ungewollte Aufmerksamkeit oder einfach durch das pers\u00f6nliche Unwohlsein vor dem Spiegel.<\/p>\n\n\n\n<p class=\"wp-block-paragraph\">\u015eu <strong>Ohrenkorrektur (auch: Otopexie oder Otoplastik)<\/strong> bietet einen sicheren und effektiven Weg, um abstehende Ohren an die nat\u00fcrliche Kopfkontur anzulegen. Mit modernen Methoden kann nicht nur das \u00e4u\u00dfere Erscheinungsbild harmonisiert, sondern auch das Selbstvertrauen nachhaltig gest\u00e4rkt werden. In diesem Beitrag erfahren Sie alles zur Ohrenkorrektur, darunter der Vorbereitung, den Verfahren, der Nachsorge, den Risiken, sowie m\u00f6glichen Kosten einer Ohrenkorrektur.<\/p>\n\n\n\n<div class=\"wp-block-rank-math-toc-block\" id=\"rank-math-toc\"><h2>\u0130\u00e7indekiler<\/h2><nav><ul><li class=\"\"><a href=\"#was-ist-eine-ohrenkorrektur-otopexie\">Was ist eine Ohrenkorrektur (Otopexie)?<\/a><\/li><li class=\"\"><a href=\"#ursachen-fur-abstehende-ohren\">Ursachen f\u00fcr abstehende Ohren<\/a><\/li><li class=\"\"><a href=\"#anatomie-der-ohrmuschel\">Anatomie der Ohrmuschel<\/a><\/li><li class=\"\"><a href=\"#ohren-anlegen-lassen-fur-wen-ist-der-eingriff-geeignet\">Ohren anlegen lassen: F\u00fcr wen ist der Eingriff geeignet?<\/a><\/li><li class=\"\"><a href=\"#gut-zu-wissen\">Bilmek iyi olur<\/a><\/li><li class=\"\"><a href=\"#korrektur-der-ohren-die-operationsmethoden-im-vergleich\">Korrektur der Ohren: Die Operationsmethoden im Vergleich<\/a><\/li><li class=\"\"><a href=\"#ablauf-der-ohrenkorrektur-schritte-von-der-beratung-bis-zur-operation\">Ablauf der Ohrenkorrektur: Schritte von der Beratung bis zur Operation<\/a><\/li><li class=\"\"><a href=\"#vorbereitung-auf-die-operation\">Vorbereitung auf die Operation<\/a><\/li><li class=\"\"><a href=\"#der-operationstag\">Der Operationstag<\/a><\/li><li class=\"\"><a href=\"#erste-stunden-nach-der-operation\">Erste Stunden nach der Operation<\/a><\/li><li class=\"\"><a href=\"#nachsorge-und-heilung-was-patienten-erwartet\">Nachsorge und Heilung: Was Patienten erwartet<\/a><\/li><li class=\"\"><a href=\"#die-erste-woche\">Die erste Woche<\/a><\/li><li class=\"\"><a href=\"#die-nachsten-wochen\">Die n\u00e4chsten Wochen<\/a><\/li><li class=\"\"><a href=\"#das-endergebnis\">Das Endergebnis<\/a><\/li><li class=\"\"><a href=\"#risiken-und-kosten-einer-ohrenkorrektur\">Risiken und Kosten einer Ohrenkorrektur<\/a><\/li><li class=\"\"><a href=\"#mogliche-risiken-und-komplikationen\">M\u00f6gliche Risiken und Komplikationen<\/a><\/li><li class=\"\"><a href=\"#gut-abgesichert-in-jeder-phase-ihrer-behandlung-4beauty\">Gut abgesichert in jeder Phase Ihrer Behandlung: 4beauty<\/a><\/li><li class=\"\"><a href=\"#haufig-gestellte-fragen-faq\">S\u0131k Sorulan Sorular (SSS)<\/a><\/li><\/ul><\/nav><\/div>\n\n\n\n<div class=\"wp-block-group is-style-boxed has-white-warm-background-color has-background is-layout-constrained wp-block-group-is-layout-constrained\">\n<p class=\"wp-block-paragraph\"><strong>\u00d6nemli uyar\u0131<\/strong><\/p>\n\n\n\n<p class=\"wp-block-paragraph\">Bu makale yaln\u0131zca bilgilendirme ama\u00e7l\u0131d\u0131r ve t\u0131bbi tan\u0131 veya tavsiyenin yerini almaz. Herhangi bir belirsizlik durumunda ve ki\u015fiye \u00f6zel bir tedavi plan\u0131 haz\u0131rlamak i\u00e7in, uzman bir hekimle g\u00f6r\u00fc\u015fmek \u015fartt\u0131r.<\/p>\n<\/div>\n\n\n\n<p class=\"wp-block-paragraph\">Eine Ohrenkorrektur ist nicht nur ein \u00e4sthetischer Eingriff \u2013 sie kann die Lebensqualit\u00e4t entscheidend verbessern, indem psychische Belastungen reduziert werden.<\/p>\n\n\n\n<div class=\"wp-block-media-text is-stacked-on-mobile\"><figure class=\"wp-block-media-text__media\"><img loading=\"lazy\" decoding=\"async\" width=\"151\" height=\"216\" src=\"https:\/\/4beauty-website-stage.247grad.de\/wp-content\/uploads\/2026\/08\/2025-09_Ohrenkorrektur.jpg\" alt=\"Kulak d\u00fczeltme ameliyat\u0131nda kulak kep\u00e7esinin yerle\u015ftirilmesi\" class=\"wp-image-854 size-full\" srcset=\"https:\/\/4beauty-website-stage.247grad.de\/wp-content\/uploads\/2026\/08\/2025-09_Ohrenkorrektur.jpg 151w, https:\/\/4beauty-website-stage.247grad.de\/wp-content\/uploads\/2026\/08\/2025-09_Ohrenkorrektur-8x12.jpg 8w, https:\/\/4beauty-website-stage.247grad.de\/wp-content\/uploads\/2026\/08\/2025-09_Ohrenkorrektur-28x40.jpg 28w\" sizes=\"auto, (max-width: 151px) 100vw, 151px\" \/><\/figure><div class=\"wp-block-media-text__content\">\n<h2 class=\"wp-block-heading\" id=\"was-ist-eine-ohrenkorrektur-otopexie\">Was ist eine Ohrenkorrektur (Otopexie)?<\/h2>\n\n<p class=\"wp-block-paragraph\">Eine Ohrenkorrektur ist ein operativer Eingriff, bei dem die Form und Position der Ohrmuscheln anhand des Ohrknorpels korrigiert wird. Ziel ist es, abstehende Ohren harmonisch an den Kopf anzulehnen, wobei sowohl funktionale als auch \u00e4sthetische Aspekte ber\u00fccksichtigt werden.<\/p>\n<\/div><\/div>\n\n\n\n<div class=\"wp-block-group is-style-boxed has-anchor-light-background-color has-background is-layout-constrained wp-block-group-is-layout-constrained\">\n<h2 class=\"wp-block-heading\" id=\"ursachen-fur-abstehende-ohren\">Ursachen f\u00fcr abstehende Ohren<\/h2>\n\n<p class=\"wp-block-paragraph\">Die h\u00e4ufigste Ursache f\u00fcr abstehende Ohren ist eine unzureichend ausgebildete Anthelixfalte \u2013 die wichtige Knorpelfalte, die das Ohr nat\u00fcrlich am Kopf liegen l\u00e4sst. Weitere Faktoren k\u00f6nnen ein \u00fcberm\u00e4\u00dfig gespannter Ohrknorpel oder eine vergr\u00f6\u00dferte Ohrmuschel sein.<\/p>\n<\/div>\n\n\n\n<figure class=\"wp-block-table\"><table class=\"has-fixed-layout\"><thead><tr><th>Neden<\/th><th>Erkl\u00e4rung<\/th><\/tr><\/thead><tbody><tr><td>Fehlende\/zu schwache Anthelixfalte<\/td><td>Knorpel kann Ohr nicht ausreichend am Kopf halten<\/td><\/tr><tr><td>\u00dcberm\u00e4\u00dfige Knorpelspannung<\/td><td>Ohr zieht sich vom Kopf weg<\/td><\/tr><tr><td>Gro\u00dfe Ohrmuschel<\/td><td>Proportionale Abweichung, wirkt \u201eabstehend\u201c<\/td><\/tr><\/tbody><\/table><\/figure>\n\n\n\n<h2 class=\"wp-block-heading\" id=\"anatomie-der-ohrmuschel\">Anatomie der Ohrmuschel<\/h2>\n\n\n\n<p class=\"wp-block-paragraph\">Um den Eingriff besser zu verstehen, ist ein Blick auf die wichtigsten Strukturen sinnvoll:<\/p>\n\n\n\n<div class=\"wp-block-group is-style-boxed has-apricot-light-background-color has-background is-layout-constrained wp-block-group-is-layout-constrained\">\n<p class=\"wp-block-paragraph\"><strong>Wichtige Ohrstrukturen<\/strong><\/p>\n\n<ul class=\"wp-block-list\">\n<li><strong>Ohrmuschel:<\/strong> Sichtbarer Teil des Ohres, bestehend aus Knorpel und Haut<\/li>\n\n\n\n<li><strong>Ohrknorpel:<\/strong> Formgebend, elastisch, entscheidend f\u00fcr die Anlegef\u00e4higkeit<\/li>\n\n\n\n<li><strong>Anthelix:<\/strong> Hauptknorpelfalte, sorgt f\u00fcr die korrekte Position am Kopf<\/li>\n\n\n\n<li><strong>Ohrl\u00e4ppchen:<\/strong> Weicher unterer Teil des Ohrs, oft \u00e4sthetisch ber\u00fccksichtigt<\/li>\n<\/ul>\n<\/div>\n\n\n\n<div class=\"wp-block-group is-style-boxed is-layout-constrained wp-block-group-is-layout-constrained\">\n<p class=\"wp-block-paragraph\"><strong>\u00d6nemli<\/strong><\/p>\n\n<p class=\"wp-block-paragraph\">Fachbegriffe wie <strong>Otopexie<\/strong>, <strong>Ohranlegeplastik<\/strong> veya <strong>Knorpelmodellierung<\/strong> bezeichnen unterschiedliche Techniken, mit denen der Knorpel geformt und die Ohren harmonisch angelegt werden k\u00f6nnen.<\/p>\n<\/div>\n\n\n\n<h2 class=\"wp-block-heading\" id=\"ohren-anlegen-lassen-fur-wen-ist-der-eingriff-geeignet\">Ohren anlegen lassen: F\u00fcr wen ist der Eingriff geeignet?<\/h2>\n\n\n\n<p class=\"wp-block-paragraph\">Die Ohrenkorrektur kann sowohl bei Kindern als auch bei Erwachsenen durchgef\u00fchrt werden. Entscheidend sind dabei Alter, k\u00f6rperliche Voraussetzungen und pers\u00f6nliche Motivation.<\/p>\n\n\n\n<div class=\"wp-block-group is-style-boxed has-apricot-light-background-color has-background is-layout-constrained wp-block-group-is-layout-constrained\">\n<p class=\"wp-block-paragraph\"><strong>Alter und Timing<\/strong><\/p>\n\n<ul class=\"wp-block-list\">\n<li><strong>Kinder:<\/strong> Das ideale Alter liegt meist <strong>vor der Einschulung (ab 4\u20135 Jahren)<\/strong>. In diesem Alter ist der Ohrknorpel noch weich und formbar, was die Korrektur erleichtert.<\/li>\n\n\n\n<li><strong>Erwachsene:<\/strong> Auch im Erwachsenenalter ist die Operation problemlos m\u00f6glich. Hier kann der Knorpel durch die chirurgischen Techniken ausreichend modelliert werden, allerdings ist die Heilung manchmal etwas langsamer als bei Kindern.<\/li>\n<\/ul>\n\n<div class=\"wp-block-buttons is-layout-flex wp-block-buttons-is-layout-flex\">\n<div class=\"wp-block-button\"><a class=\"wp-block-button__link wp-element-button\" href=\"https:\/\/4beauty-website-stage.247grad.de\/tr\/sonraki-masraf-sigortasi\/\">Sonraki masraflar\u0131 sigortalamak<\/a><\/div>\n<\/div>\n<\/div>\n\n\n\n<div class=\"wp-block-group is-style-boxed has-anchor-light-background-color has-background is-layout-constrained wp-block-group-is-layout-constrained\">\n<h2 class=\"wp-block-heading\" id=\"gut-zu-wissen\">Bilmek iyi olur<\/h2>\n\n<p class=\"wp-block-paragraph\">Welche Altersgruppe wovon profitiert und was jeweils zu beachten ist, zeigt die folgende \u00dcbersicht.<\/p>\n<\/div>\n\n\n\n<figure class=\"wp-block-table\"><table class=\"has-fixed-layout\"><thead><tr><th>Altersgruppe<\/th><th>Avantajlar<\/th><th>Hinweise<\/th><\/tr><\/thead><tbody><tr><td>4\u201312 Jahre<\/td><td>Knorpel sehr formbar, schnelle Anpassung<\/td><td>Eingriff meist unter D\u00e4mmerschlaf oder Vollnarkose<\/td><\/tr><tr><td>Jugendliche<\/td><td>Selbstbewusstsein ggf. gest\u00e4rkt, kleine \u00e4sthetische Korrektur<\/td><td>Motivation des Patienten entscheidend (keine Garantie f\u00fcr Auswirkung in Schule und Umfeld)<\/td><\/tr><tr><td>Erwachsene<\/td><td>Volle Entscheidungsfreiheit \u00fcber kosmetisches Ergebnis<\/td><td>Heilungsprozess ggf. etwas l\u00e4nger, An\u00e4sthesie nach Wahl<\/td><\/tr><\/tbody><\/table><\/figure>\n\n\n\n<div class=\"wp-block-group is-style-boxed has-apricot-light-background-color has-background is-layout-constrained wp-block-group-is-layout-constrained\">\n<p class=\"wp-block-paragraph\"><strong>Motivation und Entscheidung<\/strong><\/p>\n\n<ul class=\"wp-block-list\">\n<li>Kinder: Wichtig ist, dass der Wunsch nach einer Ohrenkorrektur vom Kind selbst kommt und nicht ausschlie\u00dflich von den Eltern initiiert wird.<\/li>\n\n\n\n<li>Erwachsene: Die Motivation ist oft \u00e4sthetischer oder psychologischer Natur \u2013 z. B. Wunsch nach mehr Selbstvertrauen oder Vermeidung gesellschaftlicher Nachteile.<\/li>\n<\/ul>\n<\/div>\n\n\n\n<p class=\"wp-block-paragraph\"><strong>Hinweise f\u00fcr Eltern und Betroffene<\/strong><\/p>\n\n\n\n<ol class=\"wp-block-list\">\n<li>Beratungsgespr\u00e4ch beim Facharzt f\u00fcr Plastische und \u00c4sthetische Chirurgie unbedingt wahrnehmen.<\/li>\n\n\n\n<li>Vorab \u00fcber die verschiedenen Operationsmethoden informieren.<\/li>\n\n\n\n<li>Realistische Erwartungen kl\u00e4ren: Korrektur zielt auf harmonisches Anlegen, nicht auf \u201eperfekte Symmetrie\u201c.<\/li>\n<\/ol>\n\n\n\n<h2 class=\"wp-block-heading\" id=\"korrektur-der-ohren-die-operationsmethoden-im-vergleich\">Korrektur der Ohren: Die Operationsmethoden im Vergleich<\/h2>\n\n\n\n<p class=\"wp-block-paragraph\">Bei der Ohrenkorrektur (Otopexie, Ohranlegeplastik) stehen verschiedene Operationsmethoden zur Verf\u00fcgung. Welche Technik zum Einsatz kommt, h\u00e4ngt von der Ohrfehlstellung, dem Alter des Patienten und der gew\u00fcnschten Korrekturstufe ab.<\/p>\n\n\n\n<h3 class=\"wp-block-heading\" id=\"klassische-schnitt-naht-technik\">Klassische Schnitt-Naht-Technik<\/h3>\n\n\n\n<p class=\"wp-block-paragraph\">Die klassische Methode ist die am h\u00e4ufigsten angewandte Technik. Hierbei wird hinter dem Ohr ein Schnitt gesetzt, um den Knorpel zu modellieren und die Anthelixfalte zu formen.<\/p>\n\n\n\n<div class=\"wp-block-group is-style-boxed has-apricot-light-background-color has-background is-layout-constrained wp-block-group-is-layout-constrained\">\n<p class=\"wp-block-paragraph\"><strong>Avantajlar<\/strong><\/p>\n\n<ul class=\"wp-block-list\">\n<li>Bew\u00e4hrte Methode mit hoher Langzeiterfahrung<\/li>\n\n\n\n<li>Dauerhafte Korrektur m\u00f6glich<\/li>\n\n\n\n<li>Pr\u00e4zise Modellierung des Knorpels durch exakte Schnittf\u00fchrung<\/li>\n<\/ul>\n<\/div>\n\n\n\n<div class=\"wp-block-group is-style-boxed has-apricot-light-background-color has-background is-layout-constrained wp-block-group-is-layout-constrained\">\n<p class=\"wp-block-paragraph\"><strong>Dezavantajlar\u0131<\/strong><\/p>\n\n<ul class=\"wp-block-list\">\n<li>Minimal sichtbare Narben hinter dem Ohr<\/li>\n\n\n\n<li>Etwas l\u00e4ngere Heilungsphase als bei minimal-invasiven Methoden<\/li>\n<\/ul>\n<\/div>\n\n\n\n<h3 class=\"wp-block-heading\" id=\"fadenmethode\">Fadenmethode<\/h3>\n\n\n\n<p class=\"wp-block-paragraph\">Die Fadenmethode ist eine minimal-invasive Technik, bei der der Knorpel ohne gro\u00dfen Schnitt geformt wird.<\/p>\n\n\n\n<div class=\"wp-block-group is-style-boxed has-apricot-light-background-color has-background is-layout-constrained wp-block-group-is-layout-constrained\">\n<p class=\"wp-block-paragraph\"><strong>Avantajlar<\/strong><\/p>\n\n<ul class=\"wp-block-list\">\n<li>Kein gro\u00dfer Schnitt, daher weniger Narben<\/li>\n\n\n\n<li>K\u00fcrzere Heilungszeit<\/li>\n\n\n\n<li>Schonendere Methode f\u00fcr Kinder<\/li>\n<\/ul>\n<\/div>\n\n\n\n<div class=\"wp-block-group is-style-boxed has-apricot-light-background-color has-background is-layout-constrained wp-block-group-is-layout-constrained\">\n<p class=\"wp-block-paragraph\"><strong>Dezavantajlar\u0131<\/strong><\/p>\n\n<ul class=\"wp-block-list\">\n<li>Nicht f\u00fcr alle Fehlstellungen geeignet<\/li>\n\n\n\n<li>Haltbarkeit kann geringer sein, Risiko von Komplikationen mit den F\u00e4den<\/li>\n<\/ul>\n<\/div>\n\n\n\n<div class=\"wp-block-group is-style-boxed is-layout-constrained wp-block-group-is-layout-constrained\">\n<p class=\"wp-block-paragraph\"><strong>\u00d6nemli<\/strong><\/p>\n\n<p class=\"wp-block-paragraph\">Die Fadenmethode eignet sich besonders bei leichten bis mittleren Abstehungen. Bei sehr ausgepr\u00e4gten Segelohren kann die klassische Schnitttechnik sinnvoller sein.<\/p>\n<\/div>\n\n\n\n<figure class=\"wp-block-table\"><table class=\"has-fixed-layout\"><thead><tr><th>Y\u00f6ntem<\/th><th>A\u00e7\u0131klama<\/th><th>Besonderheit<\/th><\/tr><\/thead><tbody><tr><td>Ritztechnik<\/td><td>Kleine Ritze im Knorpel zur Umformung<\/td><td>Minimale Narben, schnelle Heilung<\/td><\/tr><tr><td>Knorpelmodellierung<\/td><td>Gezieltes Formen des Knorpels mit N\u00e4hten<\/td><td>Pr\u00e4zise Anpassung der Anthelix<\/td><\/tr><tr><td>Earfold\u2122-Methode<\/td><td>Metallimplantat zur Ohrenanlegung<\/td><td>Sofort sichtbares Ergebnis, minimal-invasiv<\/td><\/tr><\/tbody><\/table><\/figure>\n\n\n\n<figure class=\"wp-block-table\"><table class=\"has-fixed-layout\"><thead><tr><th>Y\u00f6ntem<\/th><th>\u0130nvazivlik<\/th><th>Yara izi olu\u015fumu<\/th><th>Heilungszeit<\/th><th>Geeignet f\u00fcr<\/th><\/tr><\/thead><tbody><tr><td>Schnitt-Naht<\/td><td>hoch<\/td><td>minimal sichtbar<\/td><td>1\u20132 hafta<\/td><td>alle Fehlstellungen<\/td><\/tr><tr><td>Fadenmethode<\/td><td>gering<\/td><td>kaum sichtbar<\/td><td>1 Woche<\/td><td>leichte bis mittlere Abstehung<\/td><\/tr><tr><td>Ritztechnik<\/td><td>gering<\/td><td>minimal sichtbar<\/td><td>1 Woche<\/td><td>leichte Abstehung<\/td><\/tr><tr><td>Earfold\u2122<\/td><td>minimal<\/td><td>kaum sichtbar<\/td><td>sofort gesellschaftsf\u00e4hig<\/td><td>Erwachsene, moderate Fehlstellungen<\/td><\/tr><\/tbody><\/table><\/figure>\n\n\n\n<p class=\"wp-block-paragraph\">Die Wahl der Methode sollte individuell im Beratungsgespr\u00e4ch beim Facharzt entschieden werden. Neben der Fehlstellung spielen Alter, Knorpelfestigkeit und pers\u00f6nliche Pr\u00e4ferenz eine entscheidende Rolle.<\/p>\n\n\n\n<h2 class=\"wp-block-heading\" id=\"ablauf-der-ohrenkorrektur-schritte-von-der-beratung-bis-zur-operation\">Ablauf der Ohrenkorrektur: Schritte von der Beratung bis zur Operation<\/h2>\n\n\n\n<p class=\"wp-block-paragraph\">Eine erfolgreiche Ohrenkorrektur beginnt weit vor dem eigentlichen Eingriff. Die Patientenreise umfasst Beratung, Vorbereitung, die Operation selbst und die ersten Stunden danach.<\/p>\n\n\n\n<h3 class=\"wp-block-heading\" id=\"beratungsgesprach-der-erste-schritt\">Beratungsgespr\u00e4ch: Der erste Schritt<\/h3>\n\n\n\n<p class=\"wp-block-paragraph\">Ein ausf\u00fchrliches Beratungsgespr\u00e4ch ist entscheidend, um realistische Erwartungen zu setzen und die passende Methode auszuw\u00e4hlen.<\/p>\n\n\n\n<div class=\"wp-block-group is-style-boxed has-apricot-light-background-color has-background is-layout-constrained wp-block-group-is-layout-constrained\">\n<p class=\"wp-block-paragraph\"><strong>Wichtige Punkte im Gespr\u00e4ch<\/strong><\/p>\n\n<ul class=\"wp-block-list\">\n<li>Analyse der Ohrfehlstellung (Segelohren, abstehende Ohren, Asymmetrien)<\/li>\n\n\n\n<li>Auswahl der Operationsmethode (Schnitt-Naht, Fadenmethode, Earfold\u2122, etc.)<\/li>\n\n\n\n<li>Besprechung von An\u00e4sthesieoptionen: Lokalan\u00e4sthesie, D\u00e4mmerschlaf oder Vollnarkose<\/li>\n\n\n\n<li>Aufkl\u00e4rung zu Risiken, Heilungsprozess und Nachsorge<\/li>\n\n\n\n<li>Individuelle Kostenkl\u00e4rung und Finanzierungsm\u00f6glichkeiten<\/li>\n<\/ul>\n\n<div class=\"wp-block-buttons is-layout-flex wp-block-buttons-is-layout-flex\">\n<div class=\"wp-block-button\"><a class=\"wp-block-button__link wp-element-button\" href=\"https:\/\/4beauty-website-stage.247grad.de\/tr\/sonraki-masraf-sigortasi\/\">Sonraki masraflar\u0131 sigortalamak<\/a><\/div>\n<\/div>\n<\/div>\n\n\n\n<div class=\"wp-block-group is-style-boxed is-layout-constrained wp-block-group-is-layout-constrained\">\n<p class=\"wp-block-paragraph\"><strong>\u00d6nemli<\/strong><\/p>\n\n<p class=\"wp-block-paragraph\">Kinder sollten die Entscheidung idealerweise mitbegleiten. Oft wird empfohlen, dass der Wunsch nach der Korrektur vom Kind selbst kommen sollte, nicht nur von den Eltern.<\/p>\n<\/div>\n\n\n\n<div class=\"wp-block-media-text is-stacked-on-mobile\"><figure class=\"wp-block-media-text__media\"><img loading=\"lazy\" decoding=\"async\" width=\"252\" height=\"176\" src=\"https:\/\/4beauty-website-stage.247grad.de\/wp-content\/uploads\/2026\/08\/2025-09_Vorbereitung-auf-die-Operation.jpg\" alt=\"Vorbereitung auf die Operation einer Ohrenkorrektur\" class=\"wp-image-856 size-full\" srcset=\"https:\/\/4beauty-website-stage.247grad.de\/wp-content\/uploads\/2026\/08\/2025-09_Vorbereitung-auf-die-Operation.jpg 252w, https:\/\/4beauty-website-stage.247grad.de\/wp-content\/uploads\/2026\/08\/2025-09_Vorbereitung-auf-die-Operation-18x12.jpg 18w, https:\/\/4beauty-website-stage.247grad.de\/wp-content\/uploads\/2026\/08\/2025-09_Vorbereitung-auf-die-Operation-40x28.jpg 40w\" sizes=\"auto, (max-width: 252px) 100vw, 252px\" \/><\/figure><div class=\"wp-block-media-text__content\">\n<h2 class=\"wp-block-heading\" id=\"vorbereitung-auf-die-operation\">Vorbereitung auf die Operation<\/h2>\n\n<p class=\"wp-block-paragraph\">Eine sorgf\u00e4ltige Vorbereitung minimiert Risiken und erleichtert den Heilungsverlauf.<\/p>\n<\/div><\/div>\n\n\n\n<div class=\"wp-block-group is-style-boxed has-apricot-light-background-color has-background is-layout-constrained wp-block-group-is-layout-constrained\">\n<p class=\"wp-block-paragraph\"><strong>Vorbereitungstipps<\/strong><\/p>\n\n<ul class=\"wp-block-list\">\n<li>Blutverd\u00fcnnende Medikamente wie Aspirin rechtzeitig absetzen (nach R\u00fccksprache mit dem Arzt)<\/li>\n\n\n\n<li>Gesundheitscheck: Allergien, Vorerkrankungen und aktuelle Medikamente offenlegen<\/li>\n\n\n\n<li>Haarpflege: Haare vor dem Eingriff sauber waschen, da Kopfverb\u00e4nde getragen werden<\/li>\n\n\n\n<li>Transport: F\u00fcr D\u00e4mmerschlaf oder Vollnarkose sollte jemand die Heimfahrt \u00fcbernehmen<\/li>\n<\/ul>\n\n<div class=\"wp-block-buttons is-layout-flex wp-block-buttons-is-layout-flex\">\n<div class=\"wp-block-button\"><a class=\"wp-block-button__link wp-element-button\" href=\"https:\/\/4beauty-website-stage.247grad.de\/tr\/sonraki-masraf-sigortasi\/\">Sonraki masraflar\u0131 sigortalamak<\/a><\/div>\n<\/div>\n<\/div>\n\n\n\n<div class=\"wp-block-group is-style-boxed has-anchor-light-background-color has-background is-layout-constrained wp-block-group-is-layout-constrained\">\n<h2 class=\"wp-block-heading\" id=\"der-operationstag\">Der Operationstag<\/h2>\n\n<p class=\"wp-block-paragraph\">Die Operationsdauer betr\u00e4gt in der Regel 1 bis 2 Stunden, abh\u00e4ngig von Methode und Umfang.<\/p>\n<\/div>\n\n\n\n<p class=\"wp-block-paragraph\"><strong>\u0130\u015flem ak\u0131\u015f\u0131:<\/strong><\/p>\n\n\n\n<ol class=\"wp-block-list\">\n<li>An\u00e4sthesie: Lokalan\u00e4sthesie, D\u00e4mmerschlaf oder Vollnarkose<\/li>\n\n\n\n<li>Desinfektion und sterile Abdeckung des Operationsbereichs<\/li>\n\n\n\n<li>Durchf\u00fchrung der gew\u00e4hlten Methode (Schnitt-Naht, Fadenmethode, etc.)<\/li>\n\n\n\n<li>Fixierung der neuen Ohrform mit N\u00e4hten und ggf. Stirnband\/Kopfverband<\/li>\n\n\n\n<li>Abschlusskontrolle durch den Chirurgen<\/li>\n<\/ol>\n\n\n\n<div class=\"wp-block-group is-style-boxed has-anchor-light-background-color has-background is-layout-constrained wp-block-group-is-layout-constrained\">\n<p class=\"wp-block-paragraph\"><strong>Not<\/strong><\/p>\n\n<p class=\"wp-block-paragraph\">Nach minimal-invasiven Methoden wie der Faden- oder Earfold\u2122-Technik kann der Patient oft direkt nach Hause. Bei Vollnarkose empfiehlt sich eine kurze \u00dcberwachungszeit in der Praxis oder Klinik.<\/p>\n<\/div>\n\n\n\n<h2 class=\"wp-block-heading\" id=\"erste-stunden-nach-der-operation\">Erste Stunden nach der Operation<\/h2>\n\n\n\n<ul class=\"wp-block-list\">\n<li>Leichte <strong>Schwellung oder Bluterg\u00fcsse<\/strong> sind normal<\/li>\n\n\n\n<li><strong>Stirnband oder Kopfverband<\/strong> sch\u00fctzt die neue Form<\/li>\n\n\n\n<li>Schmerzmittel nach \u00e4rztlicher Anweisung<\/li>\n\n\n\n<li><strong>Ruhige Erholung<\/strong> und Vermeidung von Druck auf die Ohren<\/li>\n<\/ul>\n\n\n\n<div class=\"wp-block-buttons is-layout-flex wp-block-buttons-is-layout-flex\">\n<div class=\"wp-block-button\"><a class=\"wp-block-button__link wp-element-button\" href=\"https:\/\/4beauty-website-stage.247grad.de\/tr\/sonraki-masraf-sigortasi\/\">Sonraki masraflar\u0131 sigortalamak<\/a><\/div>\n<\/div>\n\n\n\n<figure class=\"wp-block-table\"><table class=\"has-fixed-layout\"><thead><tr><th>Anestezi<\/th><th>Avantajlar<\/th><th>Besonderheiten<\/th><\/tr><\/thead><tbody><tr><td>Lokal anestezi (yerel uyu\u015fturma)<\/td><td>Kein Narkoserisiko, schnelle Erholung<\/td><td>Nur f\u00fcr Erwachsene mit leichter Fehlstellung<\/td><\/tr><tr><td>Bet\u00e4ubung mit D\u00e4mmerschlaf<\/td><td>Entspannter Eingriff, kaum Schmerzempfinden<\/td><td>Begleitperson notwendig<\/td><\/tr><tr><td>Genel anestezi<\/td><td>Schmerzfrei, f\u00fcr komplexe Eingriffe<\/td><td><\/td><\/tr><\/tbody><\/table><\/figure>\n\n\n\n<p class=\"wp-block-paragraph\">Ein strukturierter Ablauf von Beratung, Vorbereitung und Operation sorgt daf\u00fcr, dass Patienten sicher und informiert in den Eingriff gehen. Die Wahl der An\u00e4sthesie, die genaue Methode und die Nachsorge werden individuell auf Patient und Fehlstellung abgestimmt.<\/p>\n\n\n\n<h2 class=\"wp-block-heading\" id=\"nachsorge-und-heilung-was-patienten-erwartet\">Nachsorge und Heilung: Was Patienten erwartet<\/h2>\n\n\n\n<p class=\"wp-block-paragraph\">Die Nachsorge ist ein entscheidender Teil der Ohrenkorrektur. Sie sorgt daf\u00fcr, dass die Ohren optimal heilen, das Ergebnis dauerhaft h\u00e4lt und Komplikationen minimiert werden.<\/p>\n\n\n\n<div class=\"wp-block-buttons is-layout-flex wp-block-buttons-is-layout-flex\">\n<div class=\"wp-block-button\"><a class=\"wp-block-button__link wp-element-button\" href=\"https:\/\/4beauty-website-stage.247grad.de\/tr\/sonraki-masraf-sigortasi\/\">Sonraki masraflar\u0131 sigortalamak<\/a><\/div>\n<\/div>\n\n\n\n<div class=\"wp-block-group is-style-boxed has-anchor-light-background-color has-background is-layout-constrained wp-block-group-is-layout-constrained\">\n<h2 class=\"wp-block-heading\" id=\"die-erste-woche\">Die erste Woche<\/h2>\n\n<p class=\"wp-block-paragraph\">Direkt nach der Operation sind die Ohren empfindlich und geschwollen. Ein Stirnband oder Kopfverband stabilisiert die neue Form und sch\u00fctzt die Ohren vor Druck oder St\u00f6\u00dfen.<\/p>\n<\/div>\n\n\n\n<div class=\"wp-block-group is-style-boxed has-apricot-light-background-color has-background is-layout-constrained wp-block-group-is-layout-constrained\">\n<p class=\"wp-block-paragraph\"><strong>Typische Begleiterscheinungen<\/strong><\/p>\n\n<ul class=\"wp-block-list\">\n<li>Leichte Schwellung und Bluterg\u00fcsse<\/li>\n\n\n\n<li>Spannungsgef\u00fchl im Ohrknorpel<\/li>\n\n\n\n<li>Minimale Schmerzen, die mit Schmerzmitteln gut kontrollierbar sind<\/li>\n<\/ul>\n<\/div>\n\n\n\n<div class=\"wp-block-group is-style-boxed has-apricot-light-background-color has-background is-layout-constrained wp-block-group-is-layout-constrained\">\n<p class=\"wp-block-paragraph\"><strong>Pflegehinweise<\/strong><\/p>\n\n<ul class=\"wp-block-list\">\n<li>Stirnband laut \u00e4rztlicher Anweisung tragen (oft rund um die Uhr in der ersten Woche)<\/li>\n\n\n\n<li>Kopf hoch lagern beim Schlafen, um Schwellungen zu reduzieren<\/li>\n\n\n\n<li>Keine direkte Sonneneinstrahlung oder K\u00e4lte auf die Ohren<\/li>\n<\/ul>\n<\/div>\n\n\n\n<div class=\"wp-block-group is-style-boxed has-white-warm-background-color has-background is-layout-constrained wp-block-group-is-layout-constrained\">\n<p class=\"wp-block-paragraph\"><strong>Info<\/strong><\/p>\n\n<p class=\"wp-block-paragraph\">Erste Kontrolle beim Arzt nach <strong>3\u20135 Tagen<\/strong>, um Verb\u00e4nde zu pr\u00fcfen und bei Bedarf anzupassen.<\/p>\n<\/div>\n\n\n\n<h2 class=\"wp-block-heading\" id=\"die-nachsten-wochen\">Die n\u00e4chsten Wochen<\/h2>\n\n\n\n<p class=\"wp-block-paragraph\">Nach der ersten Woche beginnt die eigentliche Heilungsphase. Schwellungen nehmen ab, aber das Ohr ist noch formbar und empfindlich.<\/p>\n\n\n\n<div class=\"wp-block-group is-style-boxed has-apricot-light-background-color has-background is-layout-constrained wp-block-group-is-layout-constrained\">\n<p class=\"wp-block-paragraph\"><strong>Wichtige Hinweise<\/strong><\/p>\n\n<ul class=\"wp-block-list\">\n<li>Stirnband weiterhin tragen, insbesondere nachts, meist f\u00fcr 2\u20136 Wochen<\/li>\n\n\n\n<li>Sport, Sauna oder Schwimmen vermeiden, um Druck und Feuchtigkeit zu minimieren<\/li>\n\n\n\n<li>F\u00e4den werden meist nach 7\u201310 Tagen gezogen (falls nicht selbstaufl\u00f6send)<\/li>\n\n\n\n<li>Gesellschafts- und arbeitsf\u00e4hig: in der Regel nach ca. 1 Woche, abh\u00e4ngig von beruflicher T\u00e4tigkeit und Heilungsverlauf<\/li>\n<\/ul>\n\n<div class=\"wp-block-buttons is-layout-flex wp-block-buttons-is-layout-flex\">\n<div class=\"wp-block-button\"><a class=\"wp-block-button__link wp-element-button\" href=\"https:\/\/4beauty-website-stage.247grad.de\/tr\/sonraki-masraf-sigortasi\/\">Sonraki masraflar\u0131 sigortalamak<\/a><\/div>\n<\/div>\n<\/div>\n\n\n\n<div class=\"wp-block-group is-style-boxed has-anchor-light-background-color has-background is-layout-constrained wp-block-group-is-layout-constrained\">\n<h2 class=\"wp-block-heading\" id=\"das-endergebnis\">Das Endergebnis<\/h2>\n\n<p class=\"wp-block-paragraph\">Das endg\u00fcltige Ergebnis zeigt sich erst, wenn alle Schwellungen abgeklungen sind und der Ohrknorpel stabil verheilt ist.<\/p>\n<\/div>\n\n\n\n<div class=\"wp-block-group is-style-boxed has-apricot-light-background-color has-background is-layout-constrained wp-block-group-is-layout-constrained\">\n<p class=\"wp-block-paragraph\"><strong>Realistische Zeitspanne<\/strong><\/p>\n\n<ul class=\"wp-block-list\">\n<li>2\u20133 Monate f\u00fcr das finale Aussehen<\/li>\n\n\n\n<li>Ohren f\u00fchlen sich danach nat\u00fcrlich an, Narben sind meist hinter dem Ohr verborgen<\/li>\n<\/ul>\n<\/div>\n\n\n\n<div class=\"wp-block-group is-style-boxed has-anchor-light-background-color has-background is-layout-constrained wp-block-group-is-layout-constrained\">\n<p class=\"wp-block-paragraph\"><strong>Not<\/strong><\/p>\n\n<ul class=\"wp-block-list\">\n<li>Minimal-invasive Methoden wie die <strong>Fadenmethode<\/strong> veya <strong>Earfold\u2122<\/strong> k\u00f6nnen die Heilung oft beschleunigen, da kein gro\u00dfer Schnitt n\u00f6tig ist<\/li>\n\n\n\n<li>Regelm\u00e4\u00dfige <strong>Nachkontrollen<\/strong> gew\u00e4hrleisten, dass die Ohren symmetrisch bleiben und m\u00f6gliche Probleme fr\u00fchzeitig erkannt werden<\/li>\n<\/ul>\n<\/div>\n\n\n\n<figure class=\"wp-block-table\"><table class=\"has-fixed-layout\"><thead><tr><th>Tipp<\/th><th>Nutzen<\/th><\/tr><\/thead><tbody><tr><td>Stirnband konsequent tragen<\/td><td>Stabilisiert die neue Form, reduziert Schwellungen<\/td><\/tr><tr><td>Kopf hoch lagern beim Schlafen<\/td><td>Minimiert Bluterg\u00fcsse<\/td><\/tr><\/tbody><\/table><\/figure>\n\n\n\n<p class=\"wp-block-paragraph\">Die Nachsorge ist mindestens genauso wichtig wie die Operation selbst. Wer sich an die Anweisungen h\u00e4lt, kann mit einem nat\u00fcrlich wirkenden Ergebnis rechnen, das das Selbstbewusstsein st\u00e4rkt. Ein erfahrener Facharzt begleitet die Patienten durch diese Phase, sodass Unsicherheiten und Komplikationen professionell abgefangen werden k\u00f6nnen.<\/p>\n\n\n\n<h2 class=\"wp-block-heading\" id=\"risiken-und-kosten-einer-ohrenkorrektur\">Risiken und Kosten einer Ohrenkorrektur<\/h2>\n\n\n\n<p class=\"wp-block-paragraph\">Eine Ohrenkorrektur ist ein sicherer Eingriff, birgt aber wie jede Operation gewisse Risiken. Gleichzeitig sollten Patienten die Kosten und Finanzierungsm\u00f6glichkeiten realistisch einsch\u00e4tzen k\u00f6nnen. Eine offene Kommunikation mit dem behandelnden Experten sorgt daher nat\u00fcrlich f\u00fcr mehr Vertrauen und Sicherheit.<\/p>\n\n\n\n<div class=\"wp-block-buttons is-layout-flex wp-block-buttons-is-layout-flex\">\n<div class=\"wp-block-button\"><a class=\"wp-block-button__link wp-element-button\" href=\"https:\/\/4beauty-website-stage.247grad.de\/tr\/sonraki-masraf-sigortasi\/\">Sonraki masraflar\u0131 sigortalamak<\/a><\/div>\n<\/div>\n\n\n\n<div class=\"wp-block-group is-style-boxed has-anchor-light-background-color has-background is-layout-constrained wp-block-group-is-layout-constrained\">\n<h2 class=\"wp-block-heading\" id=\"mogliche-risiken-und-komplikationen\">M\u00f6gliche Risiken und Komplikationen<\/h2>\n\n<p class=\"wp-block-paragraph\">Auch bei erfahrenen Fach\u00e4rzten k\u00f6nnen selten Komplikationen auftreten. Diese sollten Patienten kennen:<\/p>\n<\/div>\n\n\n\n<div class=\"wp-block-group is-style-boxed has-apricot-light-background-color has-background is-layout-constrained wp-block-group-is-layout-constrained\">\n<p class=\"wp-block-paragraph\"><strong>H\u00e4ufige, aber meist vor\u00fcbergehende Beschwerden<\/strong><\/p>\n\n<ul class=\"wp-block-list\">\n<li>Schwellungen und Bluterg\u00fcsse in den ersten Tagen<\/li>\n\n\n\n<li>Spannungsgef\u00fchl im Ohrknorpel<\/li>\n\n\n\n<li>leichte Schmerzen, gut kontrollierbar mit Schmerzmitteln<\/li>\n<\/ul>\n<\/div>\n\n\n\n<div class=\"wp-block-group is-style-boxed has-apricot-light-background-color has-background is-layout-constrained wp-block-group-is-layout-constrained\">\n<p class=\"wp-block-paragraph\"><strong>Seltene, ernstere Komplikationen<\/strong><\/p>\n\n<ul class=\"wp-block-list\">\n<li>Nachblutung oder Infektion<\/li>\n\n\n\n<li>Wundheilungsst\u00f6rung oder sichtbare Narben<\/li>\n\n\n\n<li>Asymmetrie zwischen beiden Ohren<\/li>\n\n\n\n<li>Rezidiv: erneutes Abstehen der Ohren<\/li>\n<\/ul>\n<\/div>\n\n\n\n<div class=\"wp-block-group is-style-boxed has-white-warm-background-color has-background is-layout-constrained wp-block-group-is-layout-constrained\">\n<p class=\"wp-block-paragraph\"><strong>Info<\/strong><\/p>\n\n<p class=\"wp-block-paragraph\">Regelm\u00e4\u00dfige Nachkontrollen helfen, Risiken fr\u00fchzeitig zu erkennen und ggf. sofort zu behandeln.<\/p>\n<\/div>\n\n\n\n<figure class=\"wp-block-table\"><table class=\"has-fixed-layout\"><thead><tr><th>Kostenfaktor<\/th><th>Durchschnitt<\/th><\/tr><\/thead><tbody><tr><td>Einfache Ohranlegeplastik<\/td><td>2.500 \u20ac \u2013 3.500 \u20ac<\/td><\/tr><tr><td>Aufw\u00e4ndigere Korrekturen \/ Erwachsene<\/td><td>3.500 \u20ac \u2013 4.500 \u20ac<\/td><\/tr><tr><td>An\u00e4sthesie (Lokalan\u00e4sthesie vs. D\u00e4mmerschlaf \/ Vollnarkose)<\/td><td>200 \u20ac \u2013 600 \u20ac zus\u00e4tzlich<\/td><\/tr><\/tbody><\/table><\/figure>\n\n\n\n<div class=\"wp-block-group is-style-boxed has-apricot-light-background-color has-background is-layout-constrained wp-block-group-is-layout-constrained\">\n<p class=\"wp-block-paragraph\"><strong>Finanzierungsm\u00f6glichkeiten<\/strong><\/p>\n\n<ul class=\"wp-block-list\">\n<li>Ratenzahlung in vielen Praxen m\u00f6glich<\/li>\n\n\n\n<li>Krankenkasse \u00fcbernimmt manchmal Kosten bei medizinischer Indikation, z. B. psychische Belastung bei Kindern oder Jugendlichen<\/li>\n<\/ul>\n<\/div>\n\n\n\n<div class=\"wp-block-group is-style-boxed has-anchor-light-background-color has-background is-layout-constrained wp-block-group-is-layout-constrained\">\n<p class=\"wp-block-paragraph\"><strong>Tipp<\/strong><\/p>\n\n<p class=\"wp-block-paragraph\">Vorab kl\u00e4ren, ob ein Kostenvoranschlag erstellt wird, um finanzielle \u00dcberraschungen zu vermeiden.<\/p>\n\n<div class=\"wp-block-buttons is-layout-flex wp-block-buttons-is-layout-flex\">\n<div class=\"wp-block-button\"><a class=\"wp-block-button__link wp-element-button\" href=\"https:\/\/4beauty-website-stage.247grad.de\/tr\/finansman\/\">Tedavi masraflar\u0131n\u0131 kar\u015f\u0131lamak<\/a><\/div>\n<\/div>\n<\/div>\n\n\n\n<h3 class=\"wp-block-heading\" id=\"sicherheit-zusatzliche-absicherung\">Sicherheit &#038; zus\u00e4tzliche Absicherung<\/h3>\n\n\n\n<p class=\"wp-block-paragraph\">Neben den medizinischen Risiken ist es wichtig, dass Patienten sich sicher f\u00fchlen.<\/p>\n\n\n\n<div class=\"wp-block-group is-style-boxed has-apricot-light-background-color has-background is-layout-constrained wp-block-group-is-layout-constrained\">\n<p class=\"wp-block-paragraph\"><strong>Sicherheitsma\u00dfnahmen<\/strong><\/p>\n\n<ul class=\"wp-block-list\">\n<li>Durchf\u00fchrung durch einen Facharzt f\u00fcr Plastische und \u00c4sthetische Chirurgie<\/li>\n\n\n\n<li>Ausf\u00fchrliches Beratungsgespr\u00e4ch inklusive Vorher-Nachher-Bildern<\/li>\n\n\n\n<li>Klare Nachsorgepl\u00e4ne und Ansprechpartner f\u00fcr eventuelle Nach-OPs oder Komplikationen<\/li>\n<\/ul>\n<\/div>\n\n\n\n<p class=\"wp-block-paragraph\"><strong>Sicherheit bedeutet nicht nur, dass die OP gut verl\u00e4uft, sondern auch, dass alle Eventualit\u00e4ten professionell begleitet und im Vorhinein angesprochen werden. Das reduziert Stress und st\u00e4rkt das Vertrauen in die Behandlung.<\/strong><\/p>\n\n\n\n<p class=\"wp-block-paragraph\">Eine Ohrenkorrektur bietet ein hohes Ma\u00df an Sicherheit und Erfolg, wenn Risiken bekannt und Kosten transparent kommuniziert werden. Wer sich vorher umfassend informiert, mit einem erfahrenen Facharzt spricht und einen klaren Nachsorgeplan hat, geht mit einem sicheren Gef\u00fchl in die Behandlung \u2013 und kann das neue Selbstbewusstsein entspannt genie\u00dfen.<\/p>\n\n\n\n<div class=\"wp-block-media-text is-stacked-on-mobile\"><figure class=\"wp-block-media-text__media\"><img loading=\"lazy\" decoding=\"async\" width=\"196\" height=\"195\" src=\"https:\/\/4beauty-website-stage.247grad.de\/wp-content\/uploads\/2026\/08\/2025-09_abgesichert.jpg\" alt=\"Abgesichert durch eine Folgekostenversicherung von 4beauty\" class=\"wp-image-857 size-full\" srcset=\"https:\/\/4beauty-website-stage.247grad.de\/wp-content\/uploads\/2026\/08\/2025-09_abgesichert.jpg 196w, https:\/\/4beauty-website-stage.247grad.de\/wp-content\/uploads\/2026\/08\/2025-09_abgesichert-150x150.jpg 150w, https:\/\/4beauty-website-stage.247grad.de\/wp-content\/uploads\/2026\/08\/2025-09_abgesichert-12x12.jpg 12w, https:\/\/4beauty-website-stage.247grad.de\/wp-content\/uploads\/2026\/08\/2025-09_abgesichert-120x120.jpg 120w, https:\/\/4beauty-website-stage.247grad.de\/wp-content\/uploads\/2026\/08\/2025-09_abgesichert-40x40.jpg 40w, https:\/\/4beauty-website-stage.247grad.de\/wp-content\/uploads\/2026\/08\/2025-09_abgesichert-80x80.jpg 80w, https:\/\/4beauty-website-stage.247grad.de\/wp-content\/uploads\/2026\/08\/2025-09_abgesichert-160x160.jpg 160w\" sizes=\"auto, (max-width: 196px) 100vw, 196px\" \/><\/figure><div class=\"wp-block-media-text__content\">\n<h2 class=\"wp-block-heading\" id=\"gut-abgesichert-in-jeder-phase-ihrer-behandlung-4beauty\">Gut abgesichert in jeder Phase Ihrer Behandlung: 4beauty<\/h2>\n\n<p class=\"wp-block-paragraph\">Neben der fach\u00e4rztlichen Betreuung ist es uns ein Anliegen, dass Sie sich w\u00e4hrend der gesamten Behandlungsreise sicher und gut aufgehoben f\u00fchlen. Unsere spezialisierten <a href=\"https:\/\/4beauty-website-stage.247grad.de\/tr\/sonraki-masraf-sigortasi\/\">Folgekostenversicherungen<\/a> bieten Ihnen Absicherung bei unerwarteten Nach-OPs oder Komplikationen, sodass Sie sich voll und ganz auf den Heilungsprozess und Ihr neues Selbstbewusstsein konzentrieren k\u00f6nnen. Vertrauen, Sicherheit und professionelle Begleitung \u2013 das ist unser Versprechen an Sie.<\/p>\n\n<p class=\"wp-block-paragraph\"><strong>Nehmen Sie jetzt den <a href=\"https:\/\/4beauty-website-stage.247grad.de\/tr\/hizmet-bilgileri\/iletisim\/\">\u0130leti\u015fim<\/a> auf!<\/strong><\/p>\n\n<div class=\"wp-block-buttons is-layout-flex wp-block-buttons-is-layout-flex\">\n<div class=\"wp-block-button\"><a class=\"wp-block-button__link wp-element-button\" href=\"https:\/\/4beauty-website-stage.247grad.de\/tr\/sonraki-masraf-sigortasi\/\">Sonraki masraflar\u0131 sigortalamak<\/a><\/div>\n<\/div>\n<\/div><\/div>\n\n\n\n<h2 class=\"wp-block-heading\" id=\"haufig-gestellte-fragen-faq\">S\u0131k Sorulan Sorular (SSS)<\/h2>\n\n\n\n<div data-wp-context=\"{ &quot;autoclose&quot;: false, &quot;accordionItems&quot;: [] }\" data-wp-interactive=\"core\/accordion\" role=\"group\" class=\"wp-block-accordion is-layout-flow wp-block-accordion-is-layout-flow\">\n<div data-wp-class--is-open=\"state.isOpen\" data-wp-context=\"{ &quot;id&quot;: &quot;accordion-item-1&quot;, &quot;openByDefault&quot;: false }\" data-wp-init=\"callbacks.initAccordionItems\" data-wp-on-window--hashchange=\"callbacks.hashChange\" class=\"wp-block-accordion-item is-layout-flow wp-block-accordion-item-is-layout-flow\">\n<h3 class=\"wp-block-accordion-heading\"><button aria-expanded=\"false\" aria-controls=\"accordion-item-1-panel\" data-wp-bind--aria-expanded=\"state.isOpen\" data-wp-on--click=\"actions.toggle\" id=\"accordion-item-1\" type=\"button\" class=\"wp-block-accordion-heading__toggle\"><span class=\"wp-block-accordion-heading__toggle-title\">Ist die Ohrenkorrektur schmerzhaft?<\/span><span class=\"wp-block-accordion-heading__toggle-icon\" aria-hidden=\"true\">+<\/span><\/button><\/h3>\n\n\n\n<div aria-labelledby=\"accordion-item-1\" data-wp-bind--hidden=\"state.isHidden\" data-wp-on--beforematch=\"actions.handleBeforeMatch\" id=\"accordion-item-1-panel\" role=\"region\" class=\"wp-block-accordion-panel is-layout-flow wp-block-accordion-panel-is-layout-flow\">\n<p class=\"wp-block-paragraph\">Die meisten Patienten berichten nur von <strong>leichten bis m\u00e4\u00dfigen Schmerzen<\/strong>, die gut mit Schmerzmitteln kontrollierbar sind. Dank moderner An\u00e4sthesieformen (Lokalan\u00e4sthesie, D\u00e4mmerschlaf oder Vollnarkose) ist der Eingriff selbst schmerzfrei.<\/p>\n<\/div>\n<\/div>\n\n\n\n<div data-wp-class--is-open=\"state.isOpen\" data-wp-context=\"{ &quot;id&quot;: &quot;accordion-item-2&quot;, &quot;openByDefault&quot;: false }\" data-wp-init=\"callbacks.initAccordionItems\" data-wp-on-window--hashchange=\"callbacks.hashChange\" class=\"wp-block-accordion-item is-layout-flow wp-block-accordion-item-is-layout-flow\">\n<h3 class=\"wp-block-accordion-heading\"><button aria-expanded=\"false\" aria-controls=\"accordion-item-2-panel\" data-wp-bind--aria-expanded=\"state.isOpen\" data-wp-on--click=\"actions.toggle\" id=\"accordion-item-2\" type=\"button\" class=\"wp-block-accordion-heading__toggle\"><span class=\"wp-block-accordion-heading__toggle-title\">Wie lange h\u00e4lt das Ergebnis?<\/span><span class=\"wp-block-accordion-heading__toggle-icon\" aria-hidden=\"true\">+<\/span><\/button><\/h3>\n\n\n\n<div aria-labelledby=\"accordion-item-2\" data-wp-bind--hidden=\"state.isHidden\" data-wp-on--beforematch=\"actions.handleBeforeMatch\" id=\"accordion-item-2-panel\" role=\"region\" class=\"wp-block-accordion-panel is-layout-flow wp-block-accordion-panel-is-layout-flow\">\n<p class=\"wp-block-paragraph\">In der Regel ist das Ergebnis <strong>kal\u0131c\u0131<\/strong>, da die Knorpelstellung dauerhaft ver\u00e4ndert wird. Nur selten kann ein Rezidiv auftreten, das dann korrigiert werden kann.<\/p>\n<\/div>\n<\/div>\n\n\n\n<div data-wp-class--is-open=\"state.isOpen\" data-wp-context=\"{ &quot;id&quot;: &quot;accordion-item-3&quot;, &quot;openByDefault&quot;: false }\" data-wp-init=\"callbacks.initAccordionItems\" data-wp-on-window--hashchange=\"callbacks.hashChange\" class=\"wp-block-accordion-item is-layout-flow wp-block-accordion-item-is-layout-flow\">\n<h3 class=\"wp-block-accordion-heading\"><button aria-expanded=\"false\" aria-controls=\"accordion-item-3-panel\" data-wp-bind--aria-expanded=\"state.isOpen\" data-wp-on--click=\"actions.toggle\" id=\"accordion-item-3\" type=\"button\" class=\"wp-block-accordion-heading__toggle\"><span class=\"wp-block-accordion-heading__toggle-title\">Bleiben sichtbare Narben zur\u00fcck?<\/span><span class=\"wp-block-accordion-heading__toggle-icon\" aria-hidden=\"true\">+<\/span><\/button><\/h3>\n\n\n\n<div aria-labelledby=\"accordion-item-3\" data-wp-bind--hidden=\"state.isHidden\" data-wp-on--beforematch=\"actions.handleBeforeMatch\" id=\"accordion-item-3-panel\" role=\"region\" class=\"wp-block-accordion-panel is-layout-flow wp-block-accordion-panel-is-layout-flow\">\n<p class=\"wp-block-paragraph\">Der Schnitt erfolgt meist <strong>hinter dem Ohr<\/strong>, sodass Narben kaum sichtbar sind. Mit einer sorgf\u00e4ltigen Nachsorge verheilen sie unauff\u00e4llig.<\/p>\n<\/div>\n<\/div>\n\n\n\n<div data-wp-class--is-open=\"state.isOpen\" data-wp-context=\"{ &quot;id&quot;: &quot;accordion-item-4&quot;, &quot;openByDefault&quot;: false }\" data-wp-init=\"callbacks.initAccordionItems\" data-wp-on-window--hashchange=\"callbacks.hashChange\" class=\"wp-block-accordion-item is-layout-flow wp-block-accordion-item-is-layout-flow\">\n<h3 class=\"wp-block-accordion-heading\"><button aria-expanded=\"false\" aria-controls=\"accordion-item-4-panel\" data-wp-bind--aria-expanded=\"state.isOpen\" data-wp-on--click=\"actions.toggle\" id=\"accordion-item-4\" type=\"button\" class=\"wp-block-accordion-heading__toggle\"><span class=\"wp-block-accordion-heading__toggle-title\">Wann kann ich wieder Sport machen?<\/span><span class=\"wp-block-accordion-heading__toggle-icon\" aria-hidden=\"true\">+<\/span><\/button><\/h3>\n\n\n\n<div aria-labelledby=\"accordion-item-4\" data-wp-bind--hidden=\"state.isHidden\" data-wp-on--beforematch=\"actions.handleBeforeMatch\" id=\"accordion-item-4-panel\" role=\"region\" class=\"wp-block-accordion-panel is-layout-flow wp-block-accordion-panel-is-layout-flow\">\n<p class=\"wp-block-paragraph\">Leichte Aktivit\u00e4ten k\u00f6nnen meist nach 1\u20132 Wochen wieder aufgenommen werden. <strong>Kontaktsport oder Aktivit\u00e4ten, bei denen das Ohr Druck bekommt<\/strong>, sollten f\u00fcr ca. 4\u20136 Wochen vermieden werden.<\/p>\n<\/div>\n<\/div>\n\n\n\n<div data-wp-class--is-open=\"state.isOpen\" data-wp-context=\"{ &quot;id&quot;: &quot;accordion-item-5&quot;, &quot;openByDefault&quot;: false }\" data-wp-init=\"callbacks.initAccordionItems\" data-wp-on-window--hashchange=\"callbacks.hashChange\" class=\"wp-block-accordion-item is-layout-flow wp-block-accordion-item-is-layout-flow\">\n<h3 class=\"wp-block-accordion-heading\"><button aria-expanded=\"false\" aria-controls=\"accordion-item-5-panel\" data-wp-bind--aria-expanded=\"state.isOpen\" data-wp-on--click=\"actions.toggle\" id=\"accordion-item-5\" type=\"button\" class=\"wp-block-accordion-heading__toggle\"><span class=\"wp-block-accordion-heading__toggle-title\">Wie finde ich den richtigen Arzt?<\/span><span class=\"wp-block-accordion-heading__toggle-icon\" aria-hidden=\"true\">+<\/span><\/button><\/h3>\n\n\n\n<div aria-labelledby=\"accordion-item-5\" data-wp-bind--hidden=\"state.isHidden\" data-wp-on--beforematch=\"actions.handleBeforeMatch\" id=\"accordion-item-5-panel\" role=\"region\" class=\"wp-block-accordion-panel is-layout-flow wp-block-accordion-panel-is-layout-flow\">\n<p class=\"wp-block-paragraph\">Achten Sie darauf, einen <strong>Facharzt f\u00fcr Plastische und \u00c4sthetische Chirurgie<\/strong> zu w\u00e4hlen. Ein ausf\u00fchrliches <strong>Dan\u0131\u015fmanl\u0131k g\u00f6r\u00fc\u015fmesi<\/strong> inklusive Vorher-Nachher-Bildern und Kl\u00e4rung der Risiken ist essenziell f\u00fcr Ihre Sicherheit.<\/p>\n<\/div>\n<\/div>\n\n\n\n<div data-wp-class--is-open=\"state.isOpen\" data-wp-context=\"{ &quot;id&quot;: &quot;accordion-item-6&quot;, &quot;openByDefault&quot;: false }\" data-wp-init=\"callbacks.initAccordionItems\" data-wp-on-window--hashchange=\"callbacks.hashChange\" class=\"wp-block-accordion-item is-layout-flow wp-block-accordion-item-is-layout-flow\">\n<h3 class=\"wp-block-accordion-heading\"><button aria-expanded=\"false\" aria-controls=\"accordion-item-6-panel\" data-wp-bind--aria-expanded=\"state.isOpen\" data-wp-on--click=\"actions.toggle\" id=\"accordion-item-6\" type=\"button\" class=\"wp-block-accordion-heading__toggle\"><span class=\"wp-block-accordion-heading__toggle-title\">K\u00f6nnen Kinder die Operation schon machen lassen?<\/span><span class=\"wp-block-accordion-heading__toggle-icon\" aria-hidden=\"true\">+<\/span><\/button><\/h3>\n\n\n\n<div aria-labelledby=\"accordion-item-6\" data-wp-bind--hidden=\"state.isHidden\" data-wp-on--beforematch=\"actions.handleBeforeMatch\" id=\"accordion-item-6-panel\" role=\"region\" class=\"wp-block-accordion-panel is-layout-flow wp-block-accordion-panel-is-layout-flow\">\n<p class=\"wp-block-paragraph\">Ja, oft schon ab <strong>4\u20135 Jahren<\/strong>, wenn die Ohren fast ausgewachsen und der Knorpel noch formbar ist. Besonders wichtig: Der Wunsch zur Korrektur sollte vom Kind selbst kommen, nicht nur von den Eltern.<\/p>\n<\/div>\n<\/div>\n\n\n\n<div data-wp-class--is-open=\"state.isOpen\" data-wp-context=\"{ &quot;id&quot;: &quot;accordion-item-7&quot;, &quot;openByDefault&quot;: false }\" data-wp-init=\"callbacks.initAccordionItems\" data-wp-on-window--hashchange=\"callbacks.hashChange\" class=\"wp-block-accordion-item is-layout-flow wp-block-accordion-item-is-layout-flow\">\n<h3 class=\"wp-block-accordion-heading\"><button aria-expanded=\"false\" aria-controls=\"accordion-item-7-panel\" data-wp-bind--aria-expanded=\"state.isOpen\" data-wp-on--click=\"actions.toggle\" id=\"accordion-item-7\" type=\"button\" class=\"wp-block-accordion-heading__toggle\"><span class=\"wp-block-accordion-heading__toggle-title\">Sa\u011fl\u0131k sigortas\u0131 masraflar\u0131 kar\u015f\u0131lar m\u0131?<\/span><span class=\"wp-block-accordion-heading__toggle-icon\" aria-hidden=\"true\">+<\/span><\/button><\/h3>\n\n\n\n<div aria-labelledby=\"accordion-item-7\" data-wp-bind--hidden=\"state.isHidden\" data-wp-on--beforematch=\"actions.handleBeforeMatch\" id=\"accordion-item-7-panel\" role=\"region\" class=\"wp-block-accordion-panel is-layout-flow wp-block-accordion-panel-is-layout-flow\">\n<p class=\"wp-block-paragraph\">Bir <strong>Kosten\u00fcbernahme<\/strong> ist m\u00f6glich, insbesondere bei Kindern und Jugendlichen mit nachweisbarer psychischer Belastung durch abstehende Ohren. Bei Erwachsenen erfolgt die Finanzierung meist privat, beispielsweise \u00fcber Ratenzahlung.<\/p>\n<\/div>\n<\/div>\n<\/div>","protected":false},"excerpt":{"rendered":"<p>\u00c7\u0131k\u0131k kulaklar nadir g\u00f6r\u00fclen bir durum de\u011fildir, ancak pek \u00e7ok ki\u015fi bundan rahats\u0131zl\u0131k duyar. Otopeksi ameliyat\u0131n\u0131n nas\u0131l yap\u0131ld\u0131\u011f\u0131, maliyeti ve hangi riskleri bar\u0131nd\u0131rd\u0131\u011f\u0131 hakk\u0131nda bilgileri burada bulabilirsiniz.<\/p>","protected":false},"author":1,"featured_media":854,"comment_status":"open","ping_status":"open","sticky":false,"template":"","format":"standard","meta":{"_acf_changed":false,"inline_featured_image":false,"footnotes":""},"categories":[14],"tags":[],"class_list":["post-961","post","type-post","status-publish","format-standard","has-post-thumbnail","hentry","category-behandlungen"],"acf":[],"_links":{"self":[{"href":"https:\/\/4beauty-website-stage.247grad.de\/tr\/wp-json\/wp\/v2\/posts\/961","targetHints":{"allow":["GET"]}}],"collection":[{"href":"https:\/\/4beauty-website-stage.247grad.de\/tr\/wp-json\/wp\/v2\/posts"}],"about":[{"href":"https:\/\/4beauty-website-stage.247grad.de\/tr\/wp-json\/wp\/v2\/types\/post"}],"author":[{"embeddable":true,"href":"https:\/\/4beauty-website-stage.247grad.de\/tr\/wp-json\/wp\/v2\/users\/1"}],"replies":[{"embeddable":true,"href":"https:\/\/4beauty-website-stage.247grad.de\/tr\/wp-json\/wp\/v2\/comments?post=961"}],"version-history":[{"count":1,"href":"https:\/\/4beauty-website-stage.247grad.de\/tr\/wp-json\/wp\/v2\/posts\/961\/revisions"}],"predecessor-version":[{"id":1004,"href":"https:\/\/4beauty-website-stage.247grad.de\/tr\/wp-json\/wp\/v2\/posts\/961\/revisions\/1004"}],"wp:featuredmedia":[{"embeddable":true,"href":"https:\/\/4beauty-website-stage.247grad.de\/tr\/wp-json\/wp\/v2\/media\/854"}],"wp:attachment":[{"href":"https:\/\/4beauty-website-stage.247grad.de\/tr\/wp-json\/wp\/v2\/media?parent=961"}],"wp:term":[{"taxonomy":"category","embeddable":true,"href":"https:\/\/4beauty-website-stage.247grad.de\/tr\/wp-json\/wp\/v2\/categories?post=961"},{"taxonomy":"post_tag","embeddable":true,"href":"https:\/\/4beauty-website-stage.247grad.de\/tr\/wp-json\/wp\/v2\/tags?post=961"}],"curies":[{"name":"wp","href":"https:\/\/api.w.org\/{rel}","templated":true}]}}