{"id":962,"date":"2025-11-06T16:49:55","date_gmt":"2025-11-06T15:49:55","guid":{"rendered":"https:\/\/4beauty-website-stage.247grad.de\/?p=962"},"modified":"2026-08-27T15:23:26","modified_gmt":"2026-08-27T13:23:26","slug":"alles-zum-stirnlifting-methoden-nachsorge-kosten-risiken","status":"publish","type":"post","link":"https:\/\/4beauty-website-stage.247grad.de\/tr\/alles-zum-stirnlifting-methoden-nachsorge-kosten-risiken\/","title":{"rendered":"Alles zum Stirnlifting: Methoden, Nachsorge, Kosten &#038; Risiken"},"content":{"rendered":"<p class=\"wp-block-paragraph\">Mit den Jahren verliert unsere Haut an Elastizit\u00e4t \u2013 Falten entstehen, Augenbrauen sinken ab und der Gesichtsausdruck wirkt oft m\u00fcder oder strenger, als wir uns f\u00fchlen. Ein Stirnlifting \u2013 auch bekannt als Stirnstraffung, Brauenlifting oder oberes Facelift \u2013 kann hier gezielt Abhilfe schaffen. Durch die Anhebung der Stirnpartie und der Augenbrauen wird der Blick ge\u00f6ffnet, Falten werden gegl\u00e4ttet und das gesamte Gesicht erscheint wacher, freundlicher und verj\u00fcngt.<\/p>\n\n\n\n<p class=\"wp-block-paragraph\">Dieser Eingriff geh\u00f6rt zu den bew\u00e4hrten Methoden zur operativen Faltenbehandlung der plastischen Chirurgie und wird sowohl von Frauen als auch von M\u00e4nnern gew\u00e4hlt, die sich ein frisches, nat\u00fcrliches Aussehen w\u00fcnschen \u2013 ohne die charakteristischen Gesichtsz\u00fcge zu verlieren.<\/p>\n\n\n\n<div class=\"wp-block-group is-style-boxed has-apricot-light-background-color has-background is-layout-constrained wp-block-group-is-layout-constrained\">\n<p class=\"wp-block-paragraph\"><strong>Kurz erkl\u00e4rt<\/strong><\/p>\n\n<p class=\"wp-block-paragraph\">Beim Stirnlifting wird die Haut der Stirn gestrafft und die Muskulatur, die f\u00fcr Zornes- oder Sorgenfalten verantwortlich ist, kann bei Bedarf gezielt entspannt werden. Das Ergebnis ist ein harmonischer, lebendiger Gesichtsausdruck, der einen oft Jahre j\u00fcnger wirken l\u00e4sst.<\/p>\n<\/div>\n\n\n\n<div class=\"wp-block-rank-math-toc-block\" id=\"rank-math-toc\"><h2>\u0130\u00e7indekiler<\/h2><nav><ul><li class=\"\"><a href=\"#grunde-fur-ein-stirnlifting-wann-ist-der-eingriff-sinnvoll\">Gr\u00fcnde f\u00fcr ein Stirnlifting: Wann ist der Eingriff sinnvoll?<\/a><\/li><li class=\"\"><a href=\"#fur-wen-eignet-sich-ein-stirnlifting\">F\u00fcr wen eignet sich ein Stirnlifting?<\/a><\/li><li class=\"\"><a href=\"#vorbereitung-auf-die-stirnstraffung-gut-informiert-sicher-und-entspannt-in-die-behandlung\">Vorbereitung auf die Stirnstraffung: Gut informiert, sicher und entspannt in die Behandlung<\/a><\/li><li class=\"\"><a href=\"#das-personliche-beratungsgesprach\">Das pers\u00f6nliche Beratungsgespr\u00e4ch<\/a><\/li><li class=\"\"><a href=\"#ablauf-des-eingriffs-schritt-fur-schritt\">Ablauf des Eingriffs \u2013 Schritt f\u00fcr Schritt<\/a><\/li><li class=\"\"><a href=\"#mogliche-komplikationen-und-risiken-eines-stirnliftings\">M\u00f6gliche Komplikationen und Risiken eines Stirnliftings<\/a><\/li><li class=\"\"><a href=\"#absicherung-bei-komplikationen-fur-ein-sicheres-gefuhl-vor-der-op\">Absicherung bei Komplikationen \u2013 f\u00fcr ein sicheres Gef\u00fchl vor der OP<\/a><\/li><li class=\"\"><a href=\"#nachsorge-und-heilungsverlauf-so-unterstutzen-sie-beim-stirnlift-ein-optimales-ergebnis\">Nachsorge und Heilungsverlauf \u2013 So unterst\u00fctzen Sie beim Stirnlift ein optimales Ergebnis<\/a><\/li><li class=\"\"><a href=\"#kosten-finanzierung-absicherung-fur-ein-beruhigtes-op-erlebnis\">Kosten, Finanzierung &#038; Absicherung: F\u00fcr ein beruhigtes OP-Erlebnis<\/a><\/li><li class=\"\"><a href=\"#unsere-folgekostenversicherung-sicher-fuhlen-sorglos-operieren\">Unsere Folgekostenversicherung: Sicher f\u00fchlen, sorglos operieren<\/a><\/li><li class=\"\"><a href=\"#faq-haufige-fragen-zum-stirnlifting-facelift\">FAQ \u2013 H\u00e4ufige Fragen zum Stirnlifting (Facelift)<\/a><\/li><\/ul><\/nav><\/div>\n\n\n\n<div class=\"wp-block-group is-style-boxed has-white-warm-background-color has-background is-layout-constrained wp-block-group-is-layout-constrained\">\n<p class=\"wp-block-paragraph\"><strong>\u00d6nemli uyar\u0131<\/strong><\/p>\n\n\n\n<p class=\"wp-block-paragraph\">Bu makale yaln\u0131zca bilgilendirme ama\u00e7l\u0131d\u0131r ve t\u0131bbi tan\u0131 veya tavsiyenin yerini almaz. Herhangi bir belirsizlik durumunda ve ki\u015fiye \u00f6zel bir tedavi plan\u0131 haz\u0131rlamak i\u00e7in, uzman bir hekimle g\u00f6r\u00fc\u015fmek \u015fartt\u0131r.<\/p>\n<\/div>\n\n\n\n<div class=\"wp-block-media-text is-stacked-on-mobile\"><figure class=\"wp-block-media-text__media\"><img loading=\"lazy\" decoding=\"async\" width=\"2048\" height=\"2048\" src=\"https:\/\/4beauty-website-stage.247grad.de\/wp-content\/uploads\/2026\/08\/2025-02_stirnlifting.jpeg\" alt=\"Al\u0131n germe\" class=\"wp-image-841 size-full\" srcset=\"https:\/\/4beauty-website-stage.247grad.de\/wp-content\/uploads\/2026\/08\/2025-02_stirnlifting.jpeg 2048w, https:\/\/4beauty-website-stage.247grad.de\/wp-content\/uploads\/2026\/08\/2025-02_stirnlifting-150x150.jpeg 150w, https:\/\/4beauty-website-stage.247grad.de\/wp-content\/uploads\/2026\/08\/2025-02_stirnlifting-300x300.jpeg 300w, https:\/\/4beauty-website-stage.247grad.de\/wp-content\/uploads\/2026\/08\/2025-02_stirnlifting-768x768.jpeg 768w, https:\/\/4beauty-website-stage.247grad.de\/wp-content\/uploads\/2026\/08\/2025-02_stirnlifting-1024x1024.jpeg 1024w, https:\/\/4beauty-website-stage.247grad.de\/wp-content\/uploads\/2026\/08\/2025-02_stirnlifting-1536x1536.jpeg 1536w, https:\/\/4beauty-website-stage.247grad.de\/wp-content\/uploads\/2026\/08\/2025-02_stirnlifting-12x12.jpeg 12w, https:\/\/4beauty-website-stage.247grad.de\/wp-content\/uploads\/2026\/08\/2025-02_stirnlifting-120x120.jpeg 120w, https:\/\/4beauty-website-stage.247grad.de\/wp-content\/uploads\/2026\/08\/2025-02_stirnlifting-40x40.jpeg 40w, https:\/\/4beauty-website-stage.247grad.de\/wp-content\/uploads\/2026\/08\/2025-02_stirnlifting-80x80.jpeg 80w, https:\/\/4beauty-website-stage.247grad.de\/wp-content\/uploads\/2026\/08\/2025-02_stirnlifting-160x160.jpeg 160w, https:\/\/4beauty-website-stage.247grad.de\/wp-content\/uploads\/2026\/08\/2025-02_stirnlifting-500x500.jpeg 500w, https:\/\/4beauty-website-stage.247grad.de\/wp-content\/uploads\/2026\/08\/2025-02_stirnlifting-1000x1000.jpeg 1000w\" sizes=\"auto, (max-width: 2048px) 100vw, 2048px\" \/><\/figure><div class=\"wp-block-media-text__content\">\n<h2 class=\"wp-block-heading\" id=\"grunde-fur-ein-stirnlifting-wann-ist-der-eingriff-sinnvoll\">Gr\u00fcnde f\u00fcr ein Stirnlifting: Wann ist der Eingriff sinnvoll?<\/h2>\n\n<p class=\"wp-block-paragraph\">Mit zunehmendem Alter oder aufgrund genetischer Faktoren kann sich die obere Gesichtspartie ver\u00e4ndern: Die Haut und das Bindegewebe verlieren Spannkraft, Falten vertiefen sich und die Augenbrauen sinken leicht ab. Diese Ver\u00e4nderungen k\u00f6nnen den Gesichtsausdruck ungewollt m\u00fcde, traurig oder streng wirken lassen.<\/p>\n\n<p class=\"wp-block-paragraph\">Eine Straffung der Stirn kann hier helfen, indem sie die nat\u00fcrliche Harmonie und Offenheit des Blicks wiederherstellt.<\/p>\n\n<p class=\"wp-block-paragraph\"><strong>Typische Gr\u00fcnde f\u00fcr eine Stirnstraffung:<\/strong><\/p>\n\n<ul class=\"wp-block-list\">\n<li><strong>Tiefe Stirnfalten (Sorgenfalten)<\/strong> veya <strong>Zornesfalten (Glabellafalten)<\/strong> zwischen den Augenbrauen<\/li>\n\n\n\n<li><strong>Abgesunkene oder asymmetrische Augenbrauen (Brauenptosis)<\/strong>, die den Blick beschweren<\/li>\n\n\n\n<li><strong>Erschlaffte Stirnhaut<\/strong> durch nachlassende Elastizit\u00e4t<\/li>\n\n\n\n<li><strong>Ein m\u00fcder oder grimmiger Gesichtsausdruck<\/strong>, der nicht dem inneren Empfinden entspricht<\/li>\n\n\n\n<li><strong>Unzureichende Wirkung minimalinvasiver Methoden<\/strong>, z. B. Botox oder Filler<\/li>\n\n\n\n<li><strong>Funktionelle Einschr\u00e4nkungen<\/strong>, etwa bei h\u00e4ngenden Brauen, die das Sichtfeld beeinflussen<\/li>\n<\/ul>\n<\/div><\/div>\n\n\n\n<div class=\"wp-block-group is-style-boxed has-anchor-light-background-color has-background is-layout-constrained wp-block-group-is-layout-constrained\">\n<h2 class=\"wp-block-heading\" id=\"fur-wen-eignet-sich-ein-stirnlifting\">F\u00fcr wen eignet sich ein Stirnlifting?<\/h2>\n\n<p class=\"wp-block-paragraph\">Ideal ist ein Stirnlifting f\u00fcr Patient:innen,<\/p>\n\n<ul class=\"wp-block-list\">\n<li>die sich ein frischeres, offeneres Erscheinungsbild w\u00fcnschen,<\/li>\n\n\n\n<li>bei denen nicht-invasive Behandlungen nicht mehr ausreichen,<\/li>\n\n\n\n<li>oder die altersbedingte Hauterschlaffungen im oberen Gesicht korrigieren m\u00f6chten.<\/li>\n<\/ul>\n<\/div>\n\n\n\n<p class=\"wp-block-paragraph\">Ein Lifting im Stirnbereich verbessert nicht nur das \u00e4u\u00dfere Erscheinungsbild, sondern kann auch das Selbstbewusstsein und das allgemeine Wohlbefinden st\u00e4rken. Viele Patient:innen berichten, dass sie sich nach dem Eingriff wieder so f\u00fchlen, wie sie sich innerlich sehen \u2013 lebendig, offen und voller Energie.<\/p>\n\n\n\n<h2 class=\"wp-block-heading\" id=\"vorbereitung-auf-die-stirnstraffung-gut-informiert-sicher-und-entspannt-in-die-behandlung\">Vorbereitung auf die Stirnstraffung: Gut informiert, sicher und entspannt in die Behandlung<\/h2>\n\n\n\n<p class=\"wp-block-paragraph\">Ein erfolgreiches Stirnlifting beginnt lange vor dem eigentlichen Eingriff: mit einer sorgf\u00e4ltigen Vorbereitung, einem ehrlichen Beratungsgespr\u00e4ch und realistischen Erwartungen. Ziel ist es, medizinische Sicherheit, \u00e4sthetisches Feingef\u00fchl und Ihr pers\u00f6nliches Wohlbefinden optimal miteinander zu verbinden.<\/p>\n\n\n\n<div class=\"wp-block-media-text is-stacked-on-mobile\"><figure class=\"wp-block-media-text__media\"><img loading=\"lazy\" decoding=\"async\" width=\"698\" height=\"572\" src=\"https:\/\/4beauty-website-stage.247grad.de\/wp-content\/uploads\/2026\/08\/2025-11_Beratung_Stirnlifting.png\" alt=\"Y\u00fcz germe ameliyat\u0131 \u00f6ncesi dan\u0131\u015fmanl\u0131k\" class=\"wp-image-861 size-full\" srcset=\"https:\/\/4beauty-website-stage.247grad.de\/wp-content\/uploads\/2026\/08\/2025-11_Beratung_Stirnlifting.png 698w, https:\/\/4beauty-website-stage.247grad.de\/wp-content\/uploads\/2026\/08\/2025-11_Beratung_Stirnlifting-300x246.png 300w, https:\/\/4beauty-website-stage.247grad.de\/wp-content\/uploads\/2026\/08\/2025-11_Beratung_Stirnlifting-15x12.png 15w, https:\/\/4beauty-website-stage.247grad.de\/wp-content\/uploads\/2026\/08\/2025-11_Beratung_Stirnlifting-40x33.png 40w\" sizes=\"auto, (max-width: 698px) 100vw, 698px\" \/><\/figure><div class=\"wp-block-media-text__content\">\n<h2 class=\"wp-block-heading\" id=\"das-personliche-beratungsgesprach\">Das pers\u00f6nliche Beratungsgespr\u00e4ch<\/h2>\n\n<p class=\"wp-block-paragraph\">Der erste Schritt ist ein ausf\u00fchrliches Gespr\u00e4ch mit einem erfahrenen Facharzt f\u00fcr Plastische und \u00c4sthetische Chirurgie. Dabei werden Ihre Gesichtsproportionen, Hautqualit\u00e4t, Mimik und individuelle W\u00fcnsche genau analysiert. Der Arzt erkl\u00e4rt die verschiedenen Methoden (z. B. endoskopisches oder klassisches Stirnlifting), zeigt m\u00f6gliche Ergebnisse auf und geht auf Ihre Fragen ein \u2013 von der Narkoseform bis zum Heilungsverlauf.<\/p>\n\n<p class=\"wp-block-paragraph\"><strong>Ziel des Beratungsgespr\u00e4chs:<\/strong> Ein realistisches, transparentes Verst\u00e4ndnis dar\u00fcber,<\/p>\n\n<ul class=\"wp-block-list\">\n<li>welche Technik am besten geeignet ist,<\/li>\n\n\n\n<li>welche Ergebnisse erreichbar sind,<\/li>\n\n\n\n<li>und wie Sie sich optimal vorbereiten k\u00f6nnen.<\/li>\n<\/ul>\n<\/div><\/div>\n\n\n\n<h3 class=\"wp-block-heading\" id=\"wichtige-schritte-vor-der-operation\">Wichtige Schritte vor der Operation<\/h3>\n\n\n\n<p class=\"wp-block-paragraph\">Eine gute Vorbereitung minimiert Risiken und unterst\u00fctzt eine schnelle Heilung. Hier die wichtigsten Punkte im \u00dcberblick:<\/p>\n\n\n\n<figure class=\"wp-block-table\"><table class=\"has-fixed-layout\"><thead><tr><th>Vorbereitungsschritt<\/th><th>Empfehlung \/ Hinweis<\/th><\/tr><\/thead><tbody><tr><td><strong>Medizinische Anamnese<\/strong><\/td><td>Offenlegung aller relevanten Vorerkrankungen, Allergien und Medikamenteneinnahmen (besonders blutverd\u00fcnnende Mittel).<\/td><\/tr><tr><td><strong>Medikamentenpause<\/strong><\/td><td>2 Wochen vor dem Eingriff keine Blutverd\u00fcnner (z. B. Aspirin, Vitamin E, Fisch\u00f6l, Rheumamittel).<\/td><\/tr><tr><td><strong>Rauchen &#038; Alkohol<\/strong><\/td><td>Nikotin und Alkohol mindestens 1\u20132 Wochen vor der OP meiden \u2013 sie beeintr\u00e4chtigen die Durchblutung und Wundheilung.<\/td><\/tr><tr><td><strong>Gesundheitszustand<\/strong><\/td><td>Die OP sollte nur erfolgen, wenn Sie sich gesund f\u00fchlen. Bei Erk\u00e4ltung oder Infekten bitte Termin verschieben.<\/td><\/tr><tr><td><strong>Haarpflege<\/strong><\/td><td>Eine Rasur ist meist nicht n\u00f6tig \u2013 die Haare im OP-Bereich werden geschont.<\/td><\/tr><tr><td><strong>Organisation<\/strong><\/td><td>Planen Sie eine kurze Auszeit von Beruf und Sport (ca. 1\u20132 Wochen) und organisieren Sie ggf. eine Abholung nach dem Eingriff.<\/td><\/tr><\/tbody><\/table><\/figure>\n\n\n\n<h3 class=\"wp-block-heading\" id=\"vorbereitung-auf-die-anasthesie\">Vorbereitung auf die An\u00e4sthesie<\/h3>\n\n\n\n<p class=\"wp-block-paragraph\">Je nach Operationsmethode kann das Stirnlifting unter Lokalan\u00e4sthesie, D\u00e4mmerschlaf oder Vollnarkose durchgef\u00fchrt werden. Ihr Arzt bespricht mit Ihnen die passende Variante. Am Vortag der OP sollten Sie leichte Mahlzeiten bevorzugen und ab Mitternacht \u2013 bei Vollnarkose \u2013 nichts mehr essen oder trinken.<\/p>\n\n\n\n<div class=\"wp-block-group is-style-boxed has-anchor-light-background-color has-background is-layout-constrained wp-block-group-is-layout-constrained\">\n<p class=\"wp-block-paragraph\"><strong>Tipp<\/strong><\/p>\n\n<p class=\"wp-block-paragraph\">Schreiben Sie sich im Vorfeld alle Fragen auf, die Ihnen wichtig sind \u2013 etwa zu Narkose, Narben, Kosten oder Nachsorge. So gehen Sie entspannt und mit einem sicheren Gef\u00fchl in Ihren Behandlungstag.<\/p>\n<\/div>\n\n\n\n<h3 class=\"wp-block-heading\" id=\"sicherheit-die-vertrauen-schafft-unsere-empfehlung-absicherung-fur-den-fall-der-falle\">Sicherheit, die Vertrauen schafft \u2013 unsere Empfehlung: Absicherung f\u00fcr den Fall der F\u00e4lle<\/h3>\n\n\n\n<p class=\"wp-block-paragraph\">Auch wenn ein Stirnlifting heute als sehr sicher gilt, ist es ein medizinischer Eingriff \u2013 und damit nie v\u00f6llig frei von Risiken. Damit Sie sich mit einem rundum guten Gef\u00fchl auf Ihre Behandlung einlassen k\u00f6nnen, empfehlen wir eine \u00e4sthetische <a href=\"https:\/\/4beauty-website-stage.247grad.de\/tr\/sonraki-masraf-sigortasi\/\">Sonras\u0131 Maliyet Sigortas\u0131<\/a>. Diese greift, falls unvorhergesehene Komplikationen, Nachkorrekturen oder medizinisch notwendige Folgeeingriffe entstehen sollten.<\/p>\n\n\n\n<p class=\"wp-block-paragraph\"><strong>Vorteile auf einen Blick:<\/strong><\/p>\n\n\n\n<ul class=\"wp-block-list\">\n<li>Finanzielle Sicherheit im Fall von Komplikationen oder Nach-OPs<\/li>\n\n\n\n<li>Volle Konzentration auf Ihre Genesung statt auf m\u00f6gliche Kosten<\/li>\n\n\n\n<li>Beruhigendes Gef\u00fchl \u2013 von der Vorbereitung bis zum Endergebnis<\/li>\n<\/ul>\n\n\n\n<p class=\"wp-block-paragraph\">Ein gesch\u00fctztes Gef\u00fchl gibt Ihnen die Freiheit, sich auf das Wesentliche zu konzentrieren: <strong>Ihre Freude am neuen, verj\u00fcngten Aussehen.<\/strong><\/p>\n\n\n\n<div class=\"wp-block-media-text is-stacked-on-mobile\"><figure class=\"wp-block-media-text__media\"><img loading=\"lazy\" decoding=\"async\" width=\"252\" height=\"176\" src=\"https:\/\/4beauty-website-stage.247grad.de\/wp-content\/uploads\/2026\/08\/2025-09_Vorbereitung-auf-die-Operation.jpg\" alt=\"Vorbereitung auf die Operation einer Ohrenkorrektur\" class=\"wp-image-856 size-full\" srcset=\"https:\/\/4beauty-website-stage.247grad.de\/wp-content\/uploads\/2026\/08\/2025-09_Vorbereitung-auf-die-Operation.jpg 252w, https:\/\/4beauty-website-stage.247grad.de\/wp-content\/uploads\/2026\/08\/2025-09_Vorbereitung-auf-die-Operation-18x12.jpg 18w, https:\/\/4beauty-website-stage.247grad.de\/wp-content\/uploads\/2026\/08\/2025-09_Vorbereitung-auf-die-Operation-40x28.jpg 40w\" sizes=\"auto, (max-width: 252px) 100vw, 252px\" \/><\/figure><div class=\"wp-block-media-text__content\">\n<h2 class=\"wp-block-heading\" id=\"ablauf-des-eingriffs-schritt-fur-schritt\">Ablauf des Eingriffs \u2013 Schritt f\u00fcr Schritt<\/h2>\n\n<p class=\"wp-block-paragraph\">Ein Stirnlifting folgt einem klar strukturierten Ablauf, der Sicherheit und Pr\u00e4zision gew\u00e4hrleistet:<\/p>\n<\/div><\/div>\n\n\n\n<ol class=\"wp-block-list is-style-step-list\">\n<li><strong>An\u00e4sthesie &#038; Vorbereitung<\/strong> Der Eingriff erfolgt je nach Methode unter Lokalan\u00e4sthesie mit D\u00e4mmerschlaf oder Vollnarkose. Das OP-Areal wird vor der Bet\u00e4ubung markiert und desinfiziert.<\/li>\n\n\n\n<li><strong>Haut- und Gewebepr\u00e4paration<\/strong> \u00dcber kleine, sorgf\u00e4ltig platzierte Schnitte werden Haut, Unterhaut und Muskeln der Stirn gel\u00f6st, modelliert und \u2013 falls n\u00f6tig \u2013 \u00fcbersch\u00fcssiges Gewebe entfernt.<\/li>\n\n\n\n<li><strong>Fixierung &#038; Straffung<\/strong> Die Haut wird sanft nach oben repositioniert und in der neuen Position fixiert, meist mit resorbierbaren F\u00e4den oder kleinen Ankern.<\/li>\n\n\n\n<li><strong>Wundverschluss &#038; Verband<\/strong> Die Schnitte werden fein vern\u00e4ht, anschlie\u00dfend erfolgt ein leichter Kopfverband zur Schonung der behandelten Region.<\/li>\n<\/ol>\n\n\n\n<div class=\"wp-block-buttons is-layout-flex wp-block-buttons-is-layout-flex\">\n<div class=\"wp-block-button\"><a class=\"wp-block-button__link wp-element-button\" href=\"https:\/\/4beauty-website-stage.247grad.de\/tr\/sonraki-masraf-sigortasi\/\">Sonraki masraflar\u0131 sigortalamak<\/a><\/div>\n<\/div>\n\n\n\n<div class=\"wp-block-group is-style-boxed has-apricot-light-background-color has-background is-layout-constrained wp-block-group-is-layout-constrained\">\n<p class=\"wp-block-paragraph\"><strong>Dauer und Aufenthalt<\/strong><\/p>\n\n<ul class=\"wp-block-list\">\n<li><strong>S\u00fcre:<\/strong> Je nach Methode dauert ein Stirnlifting etwa 1 bis 2 Stunden, bei kombinierten Eingriffen (z. B. Facelift oder Lidstraffung) etwas l\u00e4nger.<\/li>\n\n\n\n<li><strong>Aufenthalt:<\/strong> In der Regel ambulant, in einigen F\u00e4llen mit 1\u20132 Tagen station\u00e4rer Beobachtung.<\/li>\n<\/ul>\n<\/div>\n\n\n\n<h3 class=\"wp-block-heading\" id=\"methoden-des-stirnliftings-im-uberblick\">Methoden des Stirnliftings im \u00dcberblick<\/h3>\n\n\n\n<p class=\"wp-block-paragraph\">Jede Methode hat ihre spezifischen Vorteile \u2013 die Wahl h\u00e4ngt von individuellen Voraussetzungen und W\u00fcnschen ab.<\/p>\n\n\n\n<figure class=\"wp-block-table\"><table class=\"has-fixed-layout\"><thead><tr><th>Y\u00f6ntem<\/th><th>A\u00e7\u0131klama<\/th><th>Avantajlar<\/th><th>Empfohlen bei<\/th><\/tr><\/thead><tbody><tr><td><strong>Endoskopisches Stirnlifting<\/strong><\/td><td>Minimalinvasive Technik mit 3\u20136 kleinen Schnitten (1\u20132 cm) im behaarten Kopfbereich. Mithilfe eines Endoskops werden Stirnhaut und Muskeln gel\u00f6st und die Brauen in neuer Position fixiert.<\/td><td>Kaum sichtbare Narben, schnelle Heilung, nat\u00fcrliches Ergebnis<\/td><td>Erste bis mittlere Alterserscheinungen<\/td><\/tr><tr><td><strong>Klassisches \/ Offenes Stirnlifting<\/strong><\/td><td>L\u00e4ngere Schnittf\u00fchrung entlang oder hinter dem Haaransatz. \u00dcbersch\u00fcssige Haut und Gewebe werden entfernt, Stirn und Augenbrauen umfassend gestrafft.<\/td><td>St\u00e4rkere Straffung, langanhaltender Effekt (10 Jahre +)<\/td><td>Deutlich erschlaffte Haut, ausgepr\u00e4gte Falten<\/td><\/tr><tr><td><strong>Pr\u00e4trichiales Stirnlifting<\/strong><\/td><td>Schnitt entlang des Haaransatzes, ideal zur optischen Verk\u00fcrzung der Stirn.<\/td><td>Korrektur hoher Stirn, pr\u00e4zise Konturen<\/td><td>Hoher Haaransatz<\/td><\/tr><tr><td><strong>Koronares Stirnlifting<\/strong><\/td><td>Schnitt ca. 4 cm hinter der Haarlinie, Narbe vollst\u00e4ndig im Haar verborgen.<\/td><td>Unsichtbare Narbe, nat\u00fcrlicher Effekt<\/td><td>Dichte Haarlinie<\/td><\/tr><tr><td><strong>Temporales Brauenlifting (Schl\u00e4fenlift)<\/strong><\/td><td>Kurze Schnitte in der Schl\u00e4fenregion zur gezielten Anhebung des seitlichen Augenbrauenbereichs.<\/td><td>Kaum Narben, gezielte Augen\u00f6ffnung<\/td><td>H\u00e4ngende \u00e4u\u00dfere Brauenpartien<\/td><\/tr><tr><td><strong>Direktes Brauenlifting<\/strong><\/td><td>Hautspindelentfernung direkt oberhalb der Augenbraue.<\/td><td>Exakte Form- und Positionskorrektur<\/td><td>Lokale Brauenasymmetrie<\/td><\/tr><tr><td><strong>Interne Browpexy<\/strong><\/td><td>Fixierung der Augenbraue von innen bei gleichzeitiger Oberlidstraffung.<\/td><td>Kein zus\u00e4tzlicher Schnitt, kurzer Eingriff<\/td><td>Leichte Brauensenkung, Lidkorrektur geplant<\/td><\/tr><\/tbody><\/table><\/figure>\n\n\n\n<h4 class=\"wp-block-heading\" id=\"technische-details-modern-prazise-narbenschonend\">Technische Details: Modern, pr\u00e4zise, narbenschonend<\/h4>\n\n\n\n<ul class=\"wp-block-list\">\n<li><strong>Fixierungstechniken:<\/strong> resorbierbare F\u00e4den, Mikroplatten oder Bohrlochanker im Sch\u00e4delknochen<\/li>\n\n\n\n<li><strong>Instrumente:<\/strong> feine endoskopische Systeme erm\u00f6glichen millimetergenaue Pr\u00e4zision<\/li>\n\n\n\n<li><strong>Hautn\u00e4hte:<\/strong> mikrofeine, oft selbstaufl\u00f6sende F\u00e4den f\u00fcr eine unauff\u00e4llige Narbenbildung<\/li>\n<\/ul>\n\n\n\n<div class=\"wp-block-group is-style-boxed has-white-warm-background-color has-background is-layout-constrained wp-block-group-is-layout-constrained\">\n<p class=\"wp-block-paragraph\"><strong>Bilmek iyi olur<\/strong><\/p>\n\n<p class=\"wp-block-paragraph\">Beim endoskopischen Stirnlifting wachsen die Haare direkt an den kleinen Narben wieder nach \u2013 die Spuren sind nach wenigen Wochen praktisch unsichtbar.<\/p>\n<\/div>\n\n\n\n<h3 class=\"wp-block-heading\" id=\"kombination-mit-anderen-behandlungen\">Kombination mit anderen Behandlungen<\/h3>\n\n\n\n<p class=\"wp-block-paragraph\">Ein Stirnlifting kann f\u00fcr ein harmonisches Gesamtbild ideal mit weiteren \u00e4sthetischen Eingriffen kombiniert werden, etwa:<\/p>\n\n\n\n<ul class=\"wp-block-list\">\n<li><strong>Oberlidstraffung (Blepharoplastik)<\/strong> \u2013 f\u00fcr einen offenen, frischen Blick<\/li>\n\n\n\n<li><strong>Y\u00fcz germe<\/strong> \u2013 zur Gl\u00e4ttung der unteren Gesichtspartie<\/li>\n\n\n\n<li><strong>Botulinumtoxin (Botox) oder Hyaluron-Filler<\/strong> \u2013 zur gezielten Behandlung feiner Mimikfalten<\/li>\n\n\n\n<li><strong>Laserbehandlungen oder medizinisches Needling<\/strong> \u2013 zur Verbesserung der Hautstruktur<\/li>\n\n\n\n<li><strong>Eigenfett-Transplantation<\/strong> \u2013 f\u00fcr nat\u00fcrliches Volumen<\/li>\n<\/ul>\n\n\n\n<div class=\"wp-block-group is-style-boxed has-anchor-light-background-color has-background is-layout-constrained wp-block-group-is-layout-constrained\">\n<p class=\"wp-block-paragraph\"><strong>Tipp<\/strong><\/p>\n\n<p class=\"wp-block-paragraph\">Durch die Kombination mehrerer Techniken l\u00e4sst sich oft ein besonders harmonisches und langanhaltendes Gesamtergebnis erzielen.<\/p>\n<\/div>\n\n\n\n<h2 class=\"wp-block-heading\" id=\"mogliche-komplikationen-und-risiken-eines-stirnliftings\">M\u00f6gliche Komplikationen und Risiken eines Stirnliftings<\/h2>\n\n\n\n<p class=\"wp-block-paragraph\">Ein Stirnlift gilt als sicherer Eingriff, wenn er durch einen erfahrenen Facharzt f\u00fcr Plastische und \u00c4sthetische Chirurgie durchgef\u00fchrt wird. Dennoch \u2013 wie bei jeder Operation \u2013 k\u00f6nnen auch hier Risiken und Komplikationen auftreten. Eine offene, ehrliche Aufkl\u00e4rung ist daher essenziell, um realistische Erwartungen zu schaffen und Vertrauen zu f\u00f6rdern.<\/p>\n\n\n\n<h3 class=\"wp-block-heading\" id=\"allgemeine-op-risiken\">Allgemeine OP-Risiken<\/h3>\n\n\n\n<p class=\"wp-block-paragraph\">Zu den allgemeinen Operationsrisiken z\u00e4hlen:<\/p>\n\n\n\n<ul class=\"wp-block-list\">\n<li><strong>Schwellungen und Bluterg\u00fcsse:<\/strong> meist vor\u00fcbergehend, klingen innerhalb von 1\u20132 Wochen ab<\/li>\n\n\n\n<li><strong>Infektionen oder Wundheilungsst\u00f6rungen:<\/strong> sehr selten, k\u00f6nnen durch sorgf\u00e4ltige Hygiene vermieden werden<\/li>\n\n\n\n<li><strong>Nachblutungen:<\/strong> insbesondere in den ersten Stunden nach dem Eingriff m\u00f6glich<\/li>\n\n\n\n<li><strong>Thrombose-Risiko:<\/strong> gering, besonders bei ausreichender Bewegung nach der OP<\/li>\n<\/ul>\n\n\n\n<figure class=\"wp-block-table\"><table class=\"has-fixed-layout\"><thead><tr><th>M\u00f6gliche Komplikationen<\/th><th>H\u00e4ufigkeit<\/th><th>Empfohlene Ma\u00dfnahmen \/ Vorbeugung<\/th><\/tr><\/thead><tbody><tr><td><strong>Schwellungen \/ H\u00e4matome<\/strong><\/td><td>H\u00e4ufig, vor\u00fcbergehend<\/td><td>K\u00fchlung, Hochlagerung des Kopfes<\/td><\/tr><tr><td><strong>Nachblutung<\/strong><\/td><td>Selten<\/td><td>Verbanddruck, \u00e4rztliche Kontrolle<\/td><\/tr><tr><td><strong>Enfeksiyon<\/strong><\/td><td>Sehr selten<\/td><td>Antibiotikaprophylaxe, sterile Nachsorge<\/td><\/tr><tr><td><strong>Wundheilungsst\u00f6rung<\/strong><\/td><td>Selten<\/td><td>Rauchverzicht, gute Hautpflege<\/td><\/tr><tr><td><strong>Taubheitsgef\u00fchl<\/strong><\/td><td>H\u00e4ufig (vor\u00fcbergehend)<\/td><td>R\u00fcckbildung nach Wochen bis Monaten<\/td><\/tr><\/tbody><\/table><\/figure>\n\n\n\n<h3 class=\"wp-block-heading\" id=\"spezifische-risiken-eines-stirnliftings\">Spezifische Risiken eines Stirnliftings<\/h3>\n\n\n\n<p class=\"wp-block-paragraph\">Neben allgemeinen Risiken k\u00f6nnen bei einer Stirnstraffung auch spezifische Komplikationen auftreten, die vom Umfang des Eingriffs und der verwendeten Methode abh\u00e4ngen.<\/p>\n\n\n\n<h4 class=\"wp-block-heading\" id=\"mogliche-spezifische-risiken\">M\u00f6gliche spezifische Risiken:<\/h4>\n\n\n\n<ul class=\"wp-block-list\">\n<li><strong>Vor\u00fcbergehende Taubheitsgef\u00fchle oder Sensibilit\u00e4tsst\u00f6rungen<\/strong> im Stirn- oder Kopfhautbereich<\/li>\n\n\n\n<li><strong>Asimetriler<\/strong> der Augenbrauen oder Stirnkontur (meist vor\u00fcbergehend durch Schwellung)<\/li>\n\n\n\n<li><strong>Haarausfall<\/strong> an der Schnittlinie (besonders bei offenen Methoden, meist tempor\u00e4r)<\/li>\n\n\n\n<li><strong>Narbenbildung oder Pigmentver\u00e4nderungen<\/strong>, abh\u00e4ngig von Hauttyp und Wundheilung<\/li>\n\n\n\n<li><strong>\u00dcber- oder Unterkorrektur<\/strong> (selten, kann ggf. nachkorrigiert werden)<\/li>\n<\/ul>\n\n\n\n<div class=\"wp-block-group is-style-boxed has-white-warm-background-color has-background is-layout-constrained wp-block-group-is-layout-constrained\">\n<p class=\"wp-block-paragraph\"><strong>Not<\/strong><\/p>\n\n<p class=\"wp-block-paragraph\">Moderne endoskopische Verfahren minimieren viele dieser Risiken, da sie mit winzigen Schnitten und feiner Instrumentierung arbeiten.<\/p>\n<\/div>\n\n\n\n<h3 class=\"wp-block-heading\" id=\"risikofaktoren-die-den-heilungsverlauf-beeinflussen\">Risikofaktoren, die den Heilungsverlauf beeinflussen<\/h3>\n\n\n\n<p class=\"wp-block-paragraph\">Einige Faktoren k\u00f6nnen das Risiko von Komplikationen erh\u00f6hen oder die Wundheilung verz\u00f6gern:<\/p>\n\n\n\n<ul class=\"wp-block-list\">\n<li><strong>Rauchen oder regelm\u00e4\u00dfiger Nikotinkonsum<\/strong><\/li>\n\n\n\n<li><strong>Chronische Erkrankungen<\/strong> (z. B. Diabetes, Herz-Kreislauf-Erkrankungen)<\/li>\n\n\n\n<li><strong>Einnahme blutverd\u00fcnnender Medikamente<\/strong><\/li>\n\n\n\n<li><strong>Starke Sonneneinstrahlung w\u00e4hrend der Heilungsphase<\/strong><\/li>\n\n\n\n<li><strong>Unzureichende Nachsorge oder Belastung in den ersten Tagen<\/strong><\/li>\n<\/ul>\n\n\n\n<div class=\"wp-block-group is-style-boxed has-anchor-light-background-color has-background is-layout-constrained wp-block-group-is-layout-constrained\">\n<p class=\"wp-block-paragraph\"><strong>Tipp<\/strong><\/p>\n\n<p class=\"wp-block-paragraph\">Eine sorgf\u00e4ltige Vorbereitung und Nachsorge, angepasst an Ihre individuellen Bed\u00fcrfnisse, tr\u00e4gt entscheidend zu einem komplikationsfreien Heilungsverlauf bei.<\/p>\n<\/div>\n\n\n\n<div class=\"wp-block-media-text has-media-on-the-right is-stacked-on-mobile\"><div class=\"wp-block-media-text__content\">\n<h2 class=\"wp-block-heading\" id=\"absicherung-bei-komplikationen-fur-ein-sicheres-gefuhl-vor-der-op\">Absicherung bei Komplikationen \u2013 f\u00fcr ein sicheres Gef\u00fchl vor der OP<\/h2>\n\n<p class=\"wp-block-paragraph\">Trotz gr\u00f6\u00dfter Sorgfalt lassen sich Komplikationen nie v\u00f6llig ausschlie\u00dfen. In solchen F\u00e4llen kann es beruhigend sein, finanziell abgesichert zu sein. Mit einer <a href=\"https:\/\/4beauty-website-stage.247grad.de\/tr\/sonraki-masraf-sigortasi\/\">Sonras\u0131 Maliyet Sigortas\u0131<\/a> \u2013 wie wir sie bei 4beauty anbietet \u2013 sind Sie auch dann gesch\u00fctzt, wenn unerwartete Nachbehandlungen oder Korrektureingriffe erforderlich werden.<\/p>\n\n<p class=\"wp-block-paragraph\"><strong>Unser Anliegen:<\/strong><br> <em>Wir m\u00f6chten, dass Sie Ihrer Sch\u00f6nheitsbehandlung mit einem sicheren, entspannten Gef\u00fchl entgegensehen k\u00f6nnen. Unsere Versicherung sch\u00fctzt Sie vor hohen Zusatzkosten, damit Sie sich ganz auf das Wesentliche konzentrieren k\u00f6nnen \u2013 Ihre Heilung und Ihr Wohlbefinden.<\/em><\/p>\n\n<div class=\"wp-block-buttons is-layout-flex wp-block-buttons-is-layout-flex\">\n<div class=\"wp-block-button\"><a class=\"wp-block-button__link wp-element-button\" href=\"https:\/\/4beauty-website-stage.247grad.de\/tr\/hizmet-bilgileri\/iletisim\/\">Ba\u011flay\u0131c\u0131 olmayan bir \u015fekilde ileti\u015fime ge\u00e7in<\/a><\/div>\n<\/div>\n<\/div><figure class=\"wp-block-media-text__media\"><img loading=\"lazy\" decoding=\"async\" width=\"500\" height=\"333\" src=\"https:\/\/4beauty-website-stage.247grad.de\/wp-content\/uploads\/2026\/08\/2023-11_shutterstock_1898270626.jpg\" alt=\"Absicherung bei Komplikationen\" class=\"wp-image-811 size-full\" srcset=\"https:\/\/4beauty-website-stage.247grad.de\/wp-content\/uploads\/2026\/08\/2023-11_shutterstock_1898270626.jpg 500w, https:\/\/4beauty-website-stage.247grad.de\/wp-content\/uploads\/2026\/08\/2023-11_shutterstock_1898270626-300x200.jpg 300w, https:\/\/4beauty-website-stage.247grad.de\/wp-content\/uploads\/2026\/08\/2023-11_shutterstock_1898270626-18x12.jpg 18w, https:\/\/4beauty-website-stage.247grad.de\/wp-content\/uploads\/2026\/08\/2023-11_shutterstock_1898270626-40x27.jpg 40w\" sizes=\"auto, (max-width: 500px) 100vw, 500px\" \/><\/figure><\/div>\n\n\n\n<h2 class=\"wp-block-heading\" id=\"nachsorge-und-heilungsverlauf-so-unterstutzen-sie-beim-stirnlift-ein-optimales-ergebnis\">Nachsorge und Heilungsverlauf \u2013 So unterst\u00fctzen Sie beim Stirnlift ein optimales Ergebnis<\/h2>\n\n\n\n<p class=\"wp-block-paragraph\">Die Nachsorge nach einem Stirnlifting ist entscheidend f\u00fcr ein nat\u00fcrliches, langfristiges Ergebnis. Sie hilft, Schwellungen und Bluterg\u00fcsse zu minimieren, die Narbenheilung zu f\u00f6rdern und Risiken zu reduzieren.<\/p>\n\n\n\n<h3 class=\"wp-block-heading\" id=\"unmittelbar-nach-der-operation-1-7-tag\">Unmittelbar nach der Operation (1.\u20137. Tag)<\/h3>\n\n\n\n<ul class=\"wp-block-list\">\n<li><strong>Kopfverband \/ Stirnband:<\/strong> Ein weicher Verband wird meist 1\u20132 Tage getragen, um die Stirn zu stabilisieren und Schwellungen zu reduzieren.<\/li>\n\n\n\n<li><strong>Schwellungen und Bluterg\u00fcsse:<\/strong> Diese sind normal und k\u00f6nnen bis in die Unterlider reichen. K\u00fchlen (nicht direkt auf der Haut) und Hochlagerung des Kopfes beschleunigen die R\u00fcckbildung.<\/li>\n\n\n\n<li><strong>Schmerzen \/ Spannungsgef\u00fchle:<\/strong> Leichte Schmerzen sind normal und lassen sich gut mit den verschriebenen Medikamenten behandeln.<\/li>\n\n\n\n<li><strong>Koruma:<\/strong> Druck, Reiben oder starke Mimik vermeiden; leichte Alltagsaktivit\u00e4ten sind nach einigen Tagen m\u00f6glich.<\/li>\n<\/ul>\n\n\n\n<div class=\"wp-block-group is-style-boxed has-anchor-light-background-color has-background is-layout-constrained wp-block-group-is-layout-constrained\">\n<p class=\"wp-block-paragraph\"><strong>Tipp<\/strong><\/p>\n\n<p class=\"wp-block-paragraph\">Nikotin, Alkohol und blutverd\u00fcnnende Medikamente unbedingt meiden.<\/p>\n<\/div>\n\n\n\n<div class=\"wp-block-group is-style-boxed has-apricot-light-background-color has-background is-layout-constrained wp-block-group-is-layout-constrained\">\n<p class=\"wp-block-paragraph\"><strong>Fadenzug &#038; gesellschaftsf\u00e4hig<\/strong><\/p>\n\n<ul class=\"wp-block-list\">\n<li><strong>F\u00e4den oder Klammern<\/strong> werden in der Regel nach 5\u201310 Tagen entfernt (bei resorbierbaren Materialien entf\u00e4llt dieser Schritt).<\/li>\n\n\n\n<li><strong>Sosyal beceri:<\/strong> Die meisten sichtbaren Spuren sind nach 1\u20132 Wochen deutlich reduziert, B\u00fcroarbeit ist oft bereits nach 5\u20137 Tagen wieder m\u00f6glich.<\/li>\n<\/ul>\n<\/div>\n\n\n\n<div class=\"wp-block-group is-style-boxed has-apricot-light-background-color has-background is-layout-constrained wp-block-group-is-layout-constrained\">\n<p class=\"wp-block-paragraph\"><strong>Sport &#038; k\u00f6rperliche Aktivit\u00e4ten<\/strong><\/p>\n\n<ul class=\"wp-block-list\">\n<li><strong>Leichte k\u00f6rperliche Aktivit\u00e4ten:<\/strong> nach ca. 2 Wochen wieder erlaubt<\/li>\n\n\n\n<li><strong>Intensiver Sport \/ schweres Heben:<\/strong> 4\u20136 Wochen pausieren<\/li>\n\n\n\n<li><strong>Sonnenschutz:<\/strong> direkte Sonne, Solarium und Sauna vermeiden; UV-Schutz (LSF 50) wird f\u00fcr mindestens 3 Monate empfohlen oder bis die Narben verblasst sind<\/li>\n<\/ul>\n<\/div>\n\n\n\n<div class=\"wp-block-group is-style-boxed has-apricot-light-background-color has-background is-layout-constrained wp-block-group-is-layout-constrained\">\n<p class=\"wp-block-paragraph\"><strong>Langfristiger Heilungsverlauf (2 Wochen \u2013 6 Monate)<\/strong><\/p>\n\n<ul class=\"wp-block-list\">\n<li><strong>Schwellungen und Bluterg\u00fcsse<\/strong> klingen nach 2\u20133 Wochen weitgehend ab<\/li>\n\n\n\n<li><strong>Narben:<\/strong> Die meisten Narben sind gut im Haar versteckt; regelm\u00e4\u00dfige Pflege (Silikongele, sanfte Massage) unterst\u00fctzt die Heilung<\/li>\n\n\n\n<li><strong>Endg\u00fcltiges Ergebnis:<\/strong> In der Regel nach 3\u20136 Monaten sichtbar, das Ergebnis kann 5\u201310 Jahre und l\u00e4nger stabil bleiben<\/li>\n\n\n\n<li><strong>Kontrolltermine:<\/strong> Regelm\u00e4\u00dfige Nachsorgetermine beim Chirurgen sind wichtig, um den Heilungsverlauf zu \u00fcberwachen<\/li>\n<\/ul>\n<\/div>\n\n\n\n<div class=\"wp-block-group is-style-boxed has-apricot-light-background-color has-background is-layout-constrained wp-block-group-is-layout-constrained\">\n<p class=\"wp-block-paragraph\"><strong>Do\u2019s &#038; Don\u2019ts<\/strong><\/p>\n\n<ul class=\"wp-block-list\">\n<li><strong>Do\u2019s:<\/strong> Kopf hoch lagern, K\u00fchlen, Medikamente wie verordnet einnehmen, Nachsorgetermine wahrnehmen<\/li>\n\n\n\n<li><strong>Don\u2019ts:<\/strong> Druck auf Stirn aus\u00fcben, Sport zu fr\u00fch, direkte Sonne, Rauchen, blutverd\u00fcnnende Medikamente<\/li>\n<\/ul>\n<\/div>\n\n\n\n<h2 class=\"wp-block-heading\" id=\"kosten-finanzierung-absicherung-fur-ein-beruhigtes-op-erlebnis\">Kosten, Finanzierung &#038; Absicherung: F\u00fcr ein beruhigtes OP-Erlebnis<\/h2>\n\n\n\n<p class=\"wp-block-paragraph\">Ein Stirnlifting ist ein individuell geplanter \u00e4sthetischer Eingriff, dessen Kosten von mehreren Faktoren abh\u00e4ngen. Eine transparente Aufkl\u00e4rung hilft, finanzielle \u00dcberraschungen zu vermeiden und die Behandlung sorglos zu genie\u00dfen.<\/p>\n\n\n\n<figure class=\"wp-block-table\"><table class=\"has-fixed-layout\"><thead><tr><th>Kostenfaktor<\/th><th><\/th><\/tr><\/thead><tbody><tr><td><strong>Operationsmethode<\/strong><\/td><td>Endoskopisch vs. offenes Stirnlifting<\/td><\/tr><tr><td><strong>Umfang \/ Komplexit\u00e4t<\/strong><\/td><td>Kombination mit Oberlidstraffung, Facelift, Botox\/Filler, Laser etc.<\/td><\/tr><tr><td><strong>Anestezi<\/strong><\/td><td>Lokalan\u00e4sthesie, D\u00e4mmerschlaf, Vollnarkose<\/td><\/tr><tr><td><strong>Klinikaufenthalt<\/strong><\/td><td>Ambulant oder 1\u20132 Tage station\u00e4r<\/td><\/tr><tr><td><strong>Fixationsmaterial &#038; Nachbehandlungen<\/strong><\/td><td>Resorbierbare Anker, F\u00e4den, Kontrollen<\/td><\/tr><\/tbody><\/table><\/figure>\n\n\n\n<div class=\"wp-block-group is-style-boxed has-white-warm-background-color has-background is-layout-constrained wp-block-group-is-layout-constrained\">\n<p class=\"wp-block-paragraph\"><strong>Typischer Kostenrahmen<\/strong><\/p>\n\n<p class=\"wp-block-paragraph\">Ca. 3.000 \u2013 5.700 \u20ac f\u00fcr Standardbehandlungen, bei komplexen Kombinationen kann der Preis bis 16.800 \u20ac betragen.<\/p>\n\n<p class=\"wp-block-paragraph\"><strong>Not:<\/strong> Da es sich um einen \u00e4sthetischen Eingriff handelt, \u00fcbernehmen die Krankenkassen in der Regel <strong>hay\u0131r<\/strong> die Kosten. Ausnahmen bestehen bei medizinischer Notwendigkeit (z. B. erhebliche Sichtfeldeinschr\u00e4nkung).<\/p>\n<\/div>\n\n\n\n<h3 class=\"wp-block-heading\" id=\"finanzierungsmoglichkeiten\">Finanzierungsm\u00f6glichkeiten<\/h3>\n\n\n\n<p class=\"wp-block-paragraph\">Viele Kliniken bieten flexible Ratenzahlungen an, sodass Sie die Behandlung auf bequeme Weise finanzieren k\u00f6nnen. Bereits vorab kann ein Beratungsgespr\u00e4ch kl\u00e4ren, welche Optionen f\u00fcr Sie infrage kommen.<\/p>\n\n\n\n<div class=\"wp-block-media-text has-media-on-the-right is-stacked-on-mobile\"><div class=\"wp-block-media-text__content\">\n<h2 class=\"wp-block-heading\" id=\"unsere-folgekostenversicherung-sicher-fuhlen-sorglos-operieren\">Unsere Folgekostenversicherung: Sicher f\u00fchlen, sorglos operieren<\/h2>\n\n<p class=\"wp-block-paragraph\">Neben der fach\u00e4rztlichen Betreuung ist es uns wichtig, dass Sie sich w\u00e4hrend der gesamten Behandlungsreise sicher und gut aufgehoben f\u00fchlen. Unsere spezialisierte Versicherung unterst\u00fctzt Sie:<\/p>\n\n<ul class=\"wp-block-list\">\n<li><strong>Absicherung bei Nach-OPs oder Komplikationen<\/strong><\/li>\n\n\n\n<li><strong>Beruhigtes Vorgehen:<\/strong> Sie k\u00f6nnen sich voll und ganz auf den Heilungsprozess und Ihr neues Aussehen konzentrieren<\/li>\n\n\n\n<li><strong>Professionelle Begleitung:<\/strong> Wir stehen Ihnen beratend zur Seite, auch wenn wir nicht direkt an der Behandlung beteiligt sind<\/li>\n<\/ul>\n\n<div class=\"wp-block-buttons is-layout-flex wp-block-buttons-is-layout-flex\">\n<div class=\"wp-block-button\"><a class=\"wp-block-button__link wp-element-button\" href=\"https:\/\/4beauty-website-stage.247grad.de\/tr\/hizmet-bilgileri\/iletisim\/\">Ba\u011flay\u0131c\u0131 olmayan bir \u015fekilde ileti\u015fime ge\u00e7in<\/a><\/div>\n<\/div>\n<\/div><figure class=\"wp-block-media-text__media\"><img loading=\"lazy\" decoding=\"async\" width=\"1921\" height=\"1039\" src=\"https:\/\/4beauty-website-stage.247grad.de\/wp-content\/uploads\/2026\/08\/2021-09_blog_keyvisual_iStock-165129327.jpg\" alt=\"Folgekostenversicherung f\u00fcr \u00e4sthetische Eingriffe\" class=\"wp-image-800 size-full\" srcset=\"https:\/\/4beauty-website-stage.247grad.de\/wp-content\/uploads\/2026\/08\/2021-09_blog_keyvisual_iStock-165129327.jpg 1921w, https:\/\/4beauty-website-stage.247grad.de\/wp-content\/uploads\/2026\/08\/2021-09_blog_keyvisual_iStock-165129327-300x162.jpg 300w, https:\/\/4beauty-website-stage.247grad.de\/wp-content\/uploads\/2026\/08\/2021-09_blog_keyvisual_iStock-165129327-768x415.jpg 768w, https:\/\/4beauty-website-stage.247grad.de\/wp-content\/uploads\/2026\/08\/2021-09_blog_keyvisual_iStock-165129327-1024x554.jpg 1024w, https:\/\/4beauty-website-stage.247grad.de\/wp-content\/uploads\/2026\/08\/2021-09_blog_keyvisual_iStock-165129327-1536x831.jpg 1536w, https:\/\/4beauty-website-stage.247grad.de\/wp-content\/uploads\/2026\/08\/2021-09_blog_keyvisual_iStock-165129327-18x10.jpg 18w, https:\/\/4beauty-website-stage.247grad.de\/wp-content\/uploads\/2026\/08\/2021-09_blog_keyvisual_iStock-165129327-40x22.jpg 40w\" sizes=\"auto, (max-width: 1921px) 100vw, 1921px\" \/><\/figure><\/div>\n\n\n\n<div class=\"wp-block-group is-style-boxed has-anchor-light-background-color has-background is-layout-constrained wp-block-group-is-layout-constrained\">\n<p class=\"wp-block-paragraph\"><strong>Tipp<\/strong><\/p>\n\n<p class=\"wp-block-paragraph\">Eine Folgekostenversicherung gibt Ihnen die n\u00f6tige Ruhe, um den Eingriff ohne Sorgen zu genie\u00dfen und im Fall der F\u00e4lle abgesichert zu sein. <a href=\"https:\/\/4beauty-website-stage.247grad.de\/tr\/sonraki-masraf-sigortasi\/\">Hier<\/a> mehr erfahren!<\/p>\n<\/div>\n\n\n\n<h2 class=\"wp-block-heading\" id=\"faq-haufige-fragen-zum-stirnlifting-facelift\">FAQ \u2013 H\u00e4ufige Fragen zum Stirnlifting (Facelift)<\/h2>\n\n\n\n<div data-wp-context=\"{ &quot;autoclose&quot;: false, &quot;accordionItems&quot;: [] }\" data-wp-interactive=\"core\/accordion\" role=\"group\" class=\"wp-block-accordion is-layout-flow wp-block-accordion-is-layout-flow\">\n<div data-wp-class--is-open=\"state.isOpen\" data-wp-context=\"{ &quot;id&quot;: &quot;accordion-item-1&quot;, &quot;openByDefault&quot;: false }\" data-wp-init=\"callbacks.initAccordionItems\" data-wp-on-window--hashchange=\"callbacks.hashChange\" class=\"wp-block-accordion-item is-layout-flow wp-block-accordion-item-is-layout-flow\">\n<h3 class=\"wp-block-accordion-heading\"><button aria-expanded=\"false\" aria-controls=\"accordion-item-1-panel\" data-wp-bind--aria-expanded=\"state.isOpen\" data-wp-on--click=\"actions.toggle\" id=\"accordion-item-1\" type=\"button\" class=\"wp-block-accordion-heading__toggle\"><span class=\"wp-block-accordion-heading__toggle-title\">Wie lange h\u00e4lt das Ergebnis eines Stirnliftings?<\/span><span class=\"wp-block-accordion-heading__toggle-icon\" aria-hidden=\"true\">+<\/span><\/button><\/h3>\n\n\n\n<div aria-labelledby=\"accordion-item-1\" data-wp-bind--hidden=\"state.isHidden\" data-wp-on--beforematch=\"actions.handleBeforeMatch\" id=\"accordion-item-1-panel\" role=\"region\" class=\"wp-block-accordion-panel is-layout-flow wp-block-accordion-panel-is-layout-flow\">\n<p class=\"wp-block-paragraph\">Das Ergebnis ist in der Regel langanhaltend. Erste Ver\u00e4nderungen sind nach 1\u20132 Wochen sichtbar, das endg\u00fcltige Ergebnis zeigt sich nach 3\u20136 Monaten. Die Wirkung kann 5\u201310 Jahre und l\u00e4nger anhalten, wird jedoch mit der fortschreitenden nat\u00fcrlichen Hautalterung allm\u00e4hlich geringer.<\/p>\n<\/div>\n<\/div>\n\n\n\n<div data-wp-class--is-open=\"state.isOpen\" data-wp-context=\"{ &quot;id&quot;: &quot;accordion-item-2&quot;, &quot;openByDefault&quot;: false }\" data-wp-init=\"callbacks.initAccordionItems\" data-wp-on-window--hashchange=\"callbacks.hashChange\" class=\"wp-block-accordion-item is-layout-flow wp-block-accordion-item-is-layout-flow\">\n<h3 class=\"wp-block-accordion-heading\"><button aria-expanded=\"false\" aria-controls=\"accordion-item-2-panel\" data-wp-bind--aria-expanded=\"state.isOpen\" data-wp-on--click=\"actions.toggle\" id=\"accordion-item-2\" type=\"button\" class=\"wp-block-accordion-heading__toggle\"><span class=\"wp-block-accordion-heading__toggle-title\">Ist ein Stirnlifting schmerzhaft?<\/span><span class=\"wp-block-accordion-heading__toggle-icon\" aria-hidden=\"true\">+<\/span><\/button><\/h3>\n\n\n\n<div aria-labelledby=\"accordion-item-2\" data-wp-bind--hidden=\"state.isHidden\" data-wp-on--beforematch=\"actions.handleBeforeMatch\" id=\"accordion-item-2-panel\" role=\"region\" class=\"wp-block-accordion-panel is-layout-flow wp-block-accordion-panel-is-layout-flow\">\n<p class=\"wp-block-paragraph\">W\u00e4hrend der Operation sp\u00fcren Sie keine Schmerzen dank An\u00e4sthesie (Lokalan\u00e4sthesie, D\u00e4mmerschlaf oder Vollnarkose). In den ersten Tagen nach der OP k\u00f6nnen Spannungsgef\u00fchle, leichte Schmerzen oder Schwellungen auftreten, die jedoch gut medikament\u00f6s behandelt werden k\u00f6nnen.<\/p>\n<\/div>\n<\/div>\n\n\n\n<div data-wp-class--is-open=\"state.isOpen\" data-wp-context=\"{ &quot;id&quot;: &quot;accordion-item-3&quot;, &quot;openByDefault&quot;: false }\" data-wp-init=\"callbacks.initAccordionItems\" data-wp-on-window--hashchange=\"callbacks.hashChange\" class=\"wp-block-accordion-item is-layout-flow wp-block-accordion-item-is-layout-flow\">\n<h3 class=\"wp-block-accordion-heading\"><button aria-expanded=\"false\" aria-controls=\"accordion-item-3-panel\" data-wp-bind--aria-expanded=\"state.isOpen\" data-wp-on--click=\"actions.toggle\" id=\"accordion-item-3\" type=\"button\" class=\"wp-block-accordion-heading__toggle\"><span class=\"wp-block-accordion-heading__toggle-title\">Bleiben sichtbare Narben zur\u00fcck?<\/span><span class=\"wp-block-accordion-heading__toggle-icon\" aria-hidden=\"true\">+<\/span><\/button><\/h3>\n\n\n\n<div aria-labelledby=\"accordion-item-3\" data-wp-bind--hidden=\"state.isHidden\" data-wp-on--beforematch=\"actions.handleBeforeMatch\" id=\"accordion-item-3-panel\" role=\"region\" class=\"wp-block-accordion-panel is-layout-flow wp-block-accordion-panel-is-layout-flow\">\n<p class=\"wp-block-paragraph\">Bei minimal-invasiven endoskopischen Methoden sind die Schnitte sehr klein und gut im Haaransatz verborgen. Klassische offene Verfahren hinterlassen l\u00e4ngere Narben entlang oder innerhalb des Haaransatzes, die meist unauff\u00e4llig verheilen. Die Narbenpflege (Silikongel, Massagen) unterst\u00fctzt den Heilungsprozess.<\/p>\n<\/div>\n<\/div>\n\n\n\n<div data-wp-class--is-open=\"state.isOpen\" data-wp-context=\"{ &quot;id&quot;: &quot;accordion-item-4&quot;, &quot;openByDefault&quot;: false }\" data-wp-init=\"callbacks.initAccordionItems\" data-wp-on-window--hashchange=\"callbacks.hashChange\" class=\"wp-block-accordion-item is-layout-flow wp-block-accordion-item-is-layout-flow\">\n<h3 class=\"wp-block-accordion-heading\"><button aria-expanded=\"false\" aria-controls=\"accordion-item-4-panel\" data-wp-bind--aria-expanded=\"state.isOpen\" data-wp-on--click=\"actions.toggle\" id=\"accordion-item-4\" type=\"button\" class=\"wp-block-accordion-heading__toggle\"><span class=\"wp-block-accordion-heading__toggle-title\">Wann bin ich wieder gesellschafts- und arbeitsf\u00e4hig?<\/span><span class=\"wp-block-accordion-heading__toggle-icon\" aria-hidden=\"true\">+<\/span><\/button><\/h3>\n\n\n\n<div aria-labelledby=\"accordion-item-4\" data-wp-bind--hidden=\"state.isHidden\" data-wp-on--beforematch=\"actions.handleBeforeMatch\" id=\"accordion-item-4-panel\" role=\"region\" class=\"wp-block-accordion-panel is-layout-flow wp-block-accordion-panel-is-layout-flow\">\n<p class=\"wp-block-paragraph\">Die meisten Patienten sind nach 7\u201314 Tagen wieder gesellschaftsf\u00e4hig. Leichte B\u00fcroarbeit ist oft nach 5\u20137 Tagen m\u00f6glich. Sport und k\u00f6rperlich anstrengende T\u00e4tigkeiten sollten f\u00fcr 4\u20136 Wochen vermieden werden.<\/p>\n<\/div>\n<\/div>\n\n\n\n<div data-wp-class--is-open=\"state.isOpen\" data-wp-context=\"{ &quot;id&quot;: &quot;accordion-item-5&quot;, &quot;openByDefault&quot;: false }\" data-wp-init=\"callbacks.initAccordionItems\" data-wp-on-window--hashchange=\"callbacks.hashChange\" class=\"wp-block-accordion-item is-layout-flow wp-block-accordion-item-is-layout-flow\">\n<h3 class=\"wp-block-accordion-heading\"><button aria-expanded=\"false\" aria-controls=\"accordion-item-5-panel\" data-wp-bind--aria-expanded=\"state.isOpen\" data-wp-on--click=\"actions.toggle\" id=\"accordion-item-5\" type=\"button\" class=\"wp-block-accordion-heading__toggle\"><span class=\"wp-block-accordion-heading__toggle-title\">Welche Risiken gibt es bei einem Stirnlifting?<\/span><span class=\"wp-block-accordion-heading__toggle-icon\" aria-hidden=\"true\">+<\/span><\/button><\/h3>\n\n\n\n<div aria-labelledby=\"accordion-item-5\" data-wp-bind--hidden=\"state.isHidden\" data-wp-on--beforematch=\"actions.handleBeforeMatch\" id=\"accordion-item-5-panel\" role=\"region\" class=\"wp-block-accordion-panel is-layout-flow wp-block-accordion-panel-is-layout-flow\">\n<p class=\"wp-block-paragraph\">Wie bei jedem chirurgischen Eingriff bestehen allgemeine OP-Risiken wie Infektionen, Bluterg\u00fcsse, H\u00e4matome, Wundheilungsst\u00f6rungen oder Narkoserisiken. Spezifische Risiken sind vor\u00fcbergehende Empfindungsst\u00f6rungen, seltene Nervensch\u00e4digungen, asymmetrische Ergebnisse, tempor\u00e4re Haarwuchsst\u00f6rungen oder sichtbare Narben.<\/p>\n<\/div>\n<\/div>\n\n\n\n<div data-wp-class--is-open=\"state.isOpen\" data-wp-context=\"{ &quot;id&quot;: &quot;accordion-item-6&quot;, &quot;openByDefault&quot;: false }\" data-wp-init=\"callbacks.initAccordionItems\" data-wp-on-window--hashchange=\"callbacks.hashChange\" class=\"wp-block-accordion-item is-layout-flow wp-block-accordion-item-is-layout-flow\">\n<h3 class=\"wp-block-accordion-heading\"><button aria-expanded=\"false\" aria-controls=\"accordion-item-6-panel\" data-wp-bind--aria-expanded=\"state.isOpen\" data-wp-on--click=\"actions.toggle\" id=\"accordion-item-6\" type=\"button\" class=\"wp-block-accordion-heading__toggle\"><span class=\"wp-block-accordion-heading__toggle-title\">Kann das Stirnlifting mit anderen Behandlungen kombiniert werden?<\/span><span class=\"wp-block-accordion-heading__toggle-icon\" aria-hidden=\"true\">+<\/span><\/button><\/h3>\n\n\n\n<div aria-labelledby=\"accordion-item-6\" data-wp-bind--hidden=\"state.isHidden\" data-wp-on--beforematch=\"actions.handleBeforeMatch\" id=\"accordion-item-6-panel\" role=\"region\" class=\"wp-block-accordion-panel is-layout-flow wp-block-accordion-panel-is-layout-flow\">\n<p class=\"wp-block-paragraph\">Ja, h\u00e4ufig wird es kombiniert mit:<\/p>\n\n<ul class=\"wp-block-list\">\n<li>Oberlidstraffung (Blepharoplastik)<\/li>\n\n\n\n<li>Y\u00fcz germe \/ Y\u00fcz germe ameliyat\u0131<\/li>\n\n\n\n<li>Botox oder Hyalurons\u00e4ure-Fillern<\/li>\n\n\n\n<li>Hautstraffenden Verfahren wie Laser, Needling oder Peelings<\/li>\n\n\n\n<li>Eigenfett-Transplantationen<\/li>\n\n\n\n<li>Halsstraffung<\/li>\n<\/ul>\n<\/div>\n<\/div>\n\n\n\n<div data-wp-class--is-open=\"state.isOpen\" data-wp-context=\"{ &quot;id&quot;: &quot;accordion-item-7&quot;, &quot;openByDefault&quot;: false }\" data-wp-init=\"callbacks.initAccordionItems\" data-wp-on-window--hashchange=\"callbacks.hashChange\" class=\"wp-block-accordion-item is-layout-flow wp-block-accordion-item-is-layout-flow\">\n<h3 class=\"wp-block-accordion-heading\"><button aria-expanded=\"false\" aria-controls=\"accordion-item-7-panel\" data-wp-bind--aria-expanded=\"state.isOpen\" data-wp-on--click=\"actions.toggle\" id=\"accordion-item-7\" type=\"button\" class=\"wp-block-accordion-heading__toggle\"><span class=\"wp-block-accordion-heading__toggle-title\">Was kostet ein Stirnlifting?<\/span><span class=\"wp-block-accordion-heading__toggle-icon\" aria-hidden=\"true\">+<\/span><\/button><\/h3>\n\n\n\n<div aria-labelledby=\"accordion-item-7\" data-wp-bind--hidden=\"state.isHidden\" data-wp-on--beforematch=\"actions.handleBeforeMatch\" id=\"accordion-item-7-panel\" role=\"region\" class=\"wp-block-accordion-panel is-layout-flow wp-block-accordion-panel-is-layout-flow\">\n<p class=\"wp-block-paragraph\">Die Kosten variieren je nach Methode, Umfang, Narkoseform und Klinikaufenthalt. Typischerweise liegen sie zwischen 3.000 \u20ac und 5.700 \u20ac. Komplexe Kombinationseingriffe k\u00f6nnen aber deutlich teurer sein. Krankenkassen \u00fcbernehmen die Kosten in der Regel nicht, au\u00dfer bei medizinischer Notwendigkeit.<\/p>\n<\/div>\n<\/div>\n\n\n\n<div data-wp-class--is-open=\"state.isOpen\" data-wp-context=\"{ &quot;id&quot;: &quot;accordion-item-8&quot;, &quot;openByDefault&quot;: false }\" data-wp-init=\"callbacks.initAccordionItems\" data-wp-on-window--hashchange=\"callbacks.hashChange\" class=\"wp-block-accordion-item is-layout-flow wp-block-accordion-item-is-layout-flow\">\n<h3 class=\"wp-block-accordion-heading\"><button aria-expanded=\"false\" aria-controls=\"accordion-item-8-panel\" data-wp-bind--aria-expanded=\"state.isOpen\" data-wp-on--click=\"actions.toggle\" id=\"accordion-item-8\" type=\"button\" class=\"wp-block-accordion-heading__toggle\"><span class=\"wp-block-accordion-heading__toggle-title\">Wie finde ich den richtigen Facharzt?<\/span><span class=\"wp-block-accordion-heading__toggle-icon\" aria-hidden=\"true\">+<\/span><\/button><\/h3>\n\n\n\n<div aria-labelledby=\"accordion-item-8\" data-wp-bind--hidden=\"state.isHidden\" data-wp-on--beforematch=\"actions.handleBeforeMatch\" id=\"accordion-item-8-panel\" role=\"region\" class=\"wp-block-accordion-panel is-layout-flow wp-block-accordion-panel-is-layout-flow\">\n<p class=\"wp-block-paragraph\">Achten Sie auf den <em>Titel \u201eFacharzt f\u00fcr Plastische und \u00c4sthetische Chirurgie\u201c<\/em>, Mitgliedschaft in anerkannten Fachgesellschaften (z. B. DG\u00c4PC), transparente Kostenaufstellung, zertifizierte Operationsr\u00e4ume und ein umfassendes Nachsorgekonzept.<\/p>\n<\/div>\n<\/div>\n<\/div>","protected":false},"excerpt":{"rendered":"<p>Yorgun g\u00f6zler, sarkm\u0131\u015f ka\u015flar, derin k\u0131r\u0131\u015f\u0131kl\u0131klar m\u0131? Al\u0131n germe ameliyat\u0131, y\u00fcz\u00fcn\u00fcz\u00fcn g\u00f6r\u00fcn\u00fcm\u00fcn\u00fc g\u00f6zle g\u00f6r\u00fcl\u00fcr \u015fekilde gen\u00e7le\u015ftirebilir. Hangi y\u00f6ntemler mevcut ve ameliyat sonras\u0131 bak\u0131m ile maliyetler konusunda nelere dikkat edilmeli?.<\/p>","protected":false},"author":1,"featured_media":861,"comment_status":"open","ping_status":"open","sticky":false,"template":"","format":"standard","meta":{"_acf_changed":false,"inline_featured_image":false,"footnotes":""},"categories":[14],"tags":[],"class_list":["post-962","post","type-post","status-publish","format-standard","has-post-thumbnail","hentry","category-behandlungen"],"acf":[],"_links":{"self":[{"href":"https:\/\/4beauty-website-stage.247grad.de\/tr\/wp-json\/wp\/v2\/posts\/962","targetHints":{"allow":["GET"]}}],"collection":[{"href":"https:\/\/4beauty-website-stage.247grad.de\/tr\/wp-json\/wp\/v2\/posts"}],"about":[{"href":"https:\/\/4beauty-website-stage.247grad.de\/tr\/wp-json\/wp\/v2\/types\/post"}],"author":[{"embeddable":true,"href":"https:\/\/4beauty-website-stage.247grad.de\/tr\/wp-json\/wp\/v2\/users\/1"}],"replies":[{"embeddable":true,"href":"https:\/\/4beauty-website-stage.247grad.de\/tr\/wp-json\/wp\/v2\/comments?post=962"}],"version-history":[{"count":1,"href":"https:\/\/4beauty-website-stage.247grad.de\/tr\/wp-json\/wp\/v2\/posts\/962\/revisions"}],"predecessor-version":[{"id":1005,"href":"https:\/\/4beauty-website-stage.247grad.de\/tr\/wp-json\/wp\/v2\/posts\/962\/revisions\/1005"}],"wp:featuredmedia":[{"embeddable":true,"href":"https:\/\/4beauty-website-stage.247grad.de\/tr\/wp-json\/wp\/v2\/media\/861"}],"wp:attachment":[{"href":"https:\/\/4beauty-website-stage.247grad.de\/tr\/wp-json\/wp\/v2\/media?parent=962"}],"wp:term":[{"taxonomy":"category","embeddable":true,"href":"https:\/\/4beauty-website-stage.247grad.de\/tr\/wp-json\/wp\/v2\/categories?post=962"},{"taxonomy":"post_tag","embeddable":true,"href":"https:\/\/4beauty-website-stage.247grad.de\/tr\/wp-json\/wp\/v2\/tags?post=962"}],"curies":[{"name":"wp","href":"https:\/\/api.w.org\/{rel}","templated":true}]}}