{"id":968,"date":"2025-11-25T15:12:03","date_gmt":"2025-11-25T14:12:03","guid":{"rendered":"https:\/\/4beauty-website-stage.247grad.de\/?p=968"},"modified":"2026-02-02T16:03:26","modified_gmt":"2026-02-02T15:03:26","slug":"bullhornlift-alles-wichtige-zum-bullhorn-lift-auf-einen-blick-fuer-patienten","status":"publish","type":"post","link":"https:\/\/4beauty-website-stage.247grad.de\/tr\/bullhornlift-alles-wichtige-zum-bullhorn-lift-auf-einen-blick-fuer-patienten\/","title":{"rendered":"Bullhornlift: Alles Wichtige zum Bullhorn Lift auf einen Blick f\u00fcr Patienten"},"content":{"rendered":"<p class=\"wp-block-paragraph\">Der Bullhornlift, auch bekannt als <em>subnasales Lippenlift<\/em> veya <em>Bullhorn Lip Lift<\/em>, ist ein chirurgischer Eingriff, der die Oberlippe anhebt, das Philtrum verk\u00fcrzt und die Lippenkontur verj\u00fcngt. Dabei wird ein stierhornf\u00f6rmiger Hautstreifen direkt unter der Nase entfernt, wodurch die Oberlippe nach au\u00dfen gedreht wird (Eversion) und die oberen Schneidez\u00e4hne beim L\u00e4cheln besser sichtbar werden \u2013 die sogenannte Dental Show.<\/p>\n\n\n\n<p class=\"wp-block-paragraph\">Im Vergleich zu Lippen-Fillern, die das Volumen der Lippe erh\u00f6hen, bietet der Bullhorn Lift eine dauerhafte operative L\u00f6sung f\u00fcr Patienten, die eine harmonische Lippenform und verj\u00fcngte Mundpartie w\u00fcnschen. Die Narbe liegt dezent unter der Nase und verblasst in der Regel innerhalb von 12 Monaten.<\/p>\n\n\n\n<div class=\"wp-block-group is-style-boxed has-apricot-light-background-color has-background is-layout-constrained wp-block-group-is-layout-constrained\">\n<p class=\"wp-block-paragraph\"><strong>Der Bullhornlift auf einen Blick:<\/strong><\/p>\n\n<ul class=\"wp-block-list\">\n<li>Verk\u00fcrzung des Philtrums bei genetischer oder altersbedingter Verl\u00e4ngerung<\/li>\n\n\n\n<li>Verbesserung der Sichtbarkeit der oberen Z\u00e4hne beim L\u00e4cheln<\/li>\n\n\n\n<li>Dauerhafte Lippenverj\u00fcngung ohne wiederholte Injektionen<\/li>\n\n\n\n<li>Nat\u00fcrliche Anhebung der Lippenkontur und unauff\u00e4llige Narbe<\/li>\n<\/ul>\n<\/div>\n\n\n\n<div class=\"wp-block-rank-math-toc-block\" id=\"rank-math-toc\"><h2>\u0130\u00e7indekiler<\/h2><nav><ul><li class=\"\"><a href=\"#wer-ist-geeignet-fur-eine-bullhornlift-behandlung-zielgruppe-und-indikationen\">Wer ist geeignet f\u00fcr eine Bullhornlift-Behandlung? Zielgruppe und Indikationen<\/a><\/li><li class=\"\"><a href=\"#typische-indikationen-fur-den-eingriff\">Typische Indikationen f\u00fcr den Eingriff<\/a><\/li><li class=\"\"><a href=\"#ablauf-und-methoden-des-bullhorn-lip-lifts-schritt-fur-schritt-erklart\">Ablauf und Methoden des Bullhorn Lip Lifts: Schritt f\u00fcr Schritt erkl\u00e4rt<\/a><\/li><li class=\"\"><a href=\"#nachbehandlung-und-pflege-nach-einem-bullhornlift-so-unterstutzen-sie-die-heilung\">Nachbehandlung und Pflege nach einem Bullhornlift: So unterst\u00fctzen Sie die Heilung<\/a><\/li><li class=\"\"><a href=\"#narbenpflege-kritischer-erfolgsfaktor\">Narbenpflege \u2013 kritischer Erfolgsfaktor<\/a><\/li><li class=\"\"><a href=\"#risiken-eines-bullhornlifts-was-sie-wissen-sollten\">Risiken eines Bullhornlifts: Was Sie wissen sollten<\/a><\/li><li class=\"\"><a href=\"#langzeitrisiken-und-besonderheiten\">Langzeitrisiken und Besonderheiten<\/a><\/li><li class=\"\"><a href=\"#kosten-eines-bullhornlifts-preisspanne-und-einflussfaktoren\">Kosten eines Bullhornlifts: Preisspanne und Einflussfaktoren<\/a><\/li><li class=\"\"><a href=\"#bullhornlift-vs-lippen-filler-welche-methode-ist-die-richtige\">Bullhornlift vs. Lippen-Filler: Welche Methode ist die richtige?<\/a><\/li><li class=\"\"><a href=\"#kombinationen-mit-anderen-eingriffen\">Kombinationen mit anderen Eingriffen<\/a><\/li><li class=\"\"><a href=\"#4beauty-versicherung-fur-bullhornlift-und-kosmetische-eingriffe\">4beauty: Versicherung f\u00fcr Bullhornlift und kosmetische Eingriffe<\/a><\/li><li class=\"\"><a href=\"#faq-haufig-gestellte-fragen-zum-bullhorn-lift\">FAQ \u2013 H\u00e4ufig gestellte Fragen zum Bullhorn Lift<\/a><\/li><\/ul><\/nav><\/div>\n\n\n\n<div class=\"wp-block-group is-style-boxed has-white-warm-background-color has-background is-layout-constrained wp-block-group-is-layout-constrained\">\n<p class=\"wp-block-paragraph\"><strong>\u00d6nemli uyar\u0131<\/strong><\/p>\n\n\n\n<p class=\"wp-block-paragraph\">Bu makale yaln\u0131zca bilgilendirme ama\u00e7l\u0131d\u0131r ve t\u0131bbi tan\u0131 veya tavsiyenin yerini almaz. Herhangi bir belirsizlik durumunda ve ki\u015fiye \u00f6zel bir tedavi plan\u0131 haz\u0131rlamak i\u00e7in, uzman bir hekimle g\u00f6r\u00fc\u015fmek \u015fartt\u0131r.<\/p>\n<\/div>\n\n\n\n<div class=\"wp-block-media-text is-stacked-on-mobile\"><figure class=\"wp-block-media-text__media\"><img loading=\"lazy\" decoding=\"async\" width=\"1017\" height=\"930\" src=\"https:\/\/4beauty-website-stage.247grad.de\/wp-content\/uploads\/2026\/08\/2025-11_Bullhornlift-2.png\" alt=\"Bullhornlift anwendung\" class=\"wp-image-864 size-full\" srcset=\"https:\/\/4beauty-website-stage.247grad.de\/wp-content\/uploads\/2026\/08\/2025-11_Bullhornlift-2.png 1017w, https:\/\/4beauty-website-stage.247grad.de\/wp-content\/uploads\/2026\/08\/2025-11_Bullhornlift-2-300x274.png 300w, https:\/\/4beauty-website-stage.247grad.de\/wp-content\/uploads\/2026\/08\/2025-11_Bullhornlift-2-768x702.png 768w, https:\/\/4beauty-website-stage.247grad.de\/wp-content\/uploads\/2026\/08\/2025-11_Bullhornlift-2-13x12.png 13w, https:\/\/4beauty-website-stage.247grad.de\/wp-content\/uploads\/2026\/08\/2025-11_Bullhornlift-2-40x37.png 40w\" sizes=\"auto, (max-width: 1017px) 100vw, 1017px\" \/><\/figure><div class=\"wp-block-media-text__content\">\n<h2 class=\"wp-block-heading\" id=\"wer-ist-geeignet-fur-eine-bullhornlift-behandlung-zielgruppe-und-indikationen\">Wer ist geeignet f\u00fcr eine Bullhornlift-Behandlung? Zielgruppe und Indikationen<\/h2>\n\n<p class=\"wp-block-paragraph\">Ein Bullhorn Lippenlift richtet sich an Menschen, die mit dem vertikalen Abstand zwischen Nase und Oberlippe unzufrieden sind. Ein Philtrum von mehr als 15 mm wird oft als zu lang empfunden, insbesondere im Alter, wenn die Oberlippe durch den nat\u00fcrlichen Alterungsprozess an Volumen verliert.<\/p>\n<\/div><\/div>\n\n\n\n<div class=\"wp-block-group is-style-boxed has-anchor-light-background-color has-background is-layout-constrained wp-block-group-is-layout-constrained\">\n<h2 class=\"wp-block-heading\" id=\"typische-indikationen-fur-den-eingriff\">Typische Indikationen f\u00fcr den Eingriff<\/h2>\n\n<ul class=\"wp-block-list\">\n<li>Altersbedingte Verl\u00e4ngerung der Oberlippe<\/li>\n\n\n\n<li>Genetisch bedingte Form der Lippen mit langem Philtrum<\/li>\n\n\n\n<li>Wunsch nach vollerer Oberlippe ohne Volumenzunahme durch Filler<\/li>\n\n\n\n<li>Verbesserung der Lippenkontur und Verj\u00fcngung der Mundpartie<\/li>\n\n\n\n<li>Erh\u00f6hung der Dental Show f\u00fcr ein harmonisches L\u00e4cheln<\/li>\n<\/ul>\n<\/div>\n\n\n\n<div class=\"wp-block-media-text is-stacked-on-mobile\"><figure class=\"wp-block-media-text__media\"><img loading=\"lazy\" decoding=\"async\" width=\"1020\" height=\"934\" src=\"https:\/\/4beauty-website-stage.247grad.de\/wp-content\/uploads\/2026\/08\/2025-11_Bullhornlift-1.png\" alt=\"Bullhornlift beratung\" class=\"wp-image-863 size-full\" srcset=\"https:\/\/4beauty-website-stage.247grad.de\/wp-content\/uploads\/2026\/08\/2025-11_Bullhornlift-1.png 1020w, https:\/\/4beauty-website-stage.247grad.de\/wp-content\/uploads\/2026\/08\/2025-11_Bullhornlift-1-300x275.png 300w, https:\/\/4beauty-website-stage.247grad.de\/wp-content\/uploads\/2026\/08\/2025-11_Bullhornlift-1-768x703.png 768w, https:\/\/4beauty-website-stage.247grad.de\/wp-content\/uploads\/2026\/08\/2025-11_Bullhornlift-1-13x12.png 13w, https:\/\/4beauty-website-stage.247grad.de\/wp-content\/uploads\/2026\/08\/2025-11_Bullhornlift-1-40x37.png 40w\" sizes=\"auto, (max-width: 1020px) 100vw, 1020px\" \/><\/figure><div class=\"wp-block-media-text__content\">\n<h2 class=\"wp-block-heading\" id=\"ablauf-und-methoden-des-bullhorn-lip-lifts-schritt-fur-schritt-erklart\">Ablauf und Methoden des Bullhorn Lip Lifts: Schritt f\u00fcr Schritt erkl\u00e4rt<\/h2>\n\n<p class=\"wp-block-paragraph\">Der Bullhornlift wird in der Regel ambulant unter lokaler Bet\u00e4ubung durchgef\u00fchrt. Optional kann ein D\u00e4mmerschlaf erfolgen, um den Eingriff f\u00fcr den Patienten komfortabler zu gestalten. Die Operationsdauer betr\u00e4gt in der Regel 45 bis 90 Minuten, abh\u00e4ngig vom Umfang der Korrektur.<\/p>\n<\/div><\/div>\n\n\n\n<h3 class=\"wp-block-heading\" id=\"so-verlauft-die-behandlung\">So verl\u00e4uft die Behandlung<\/h3>\n\n\n\n<ol class=\"wp-block-list is-style-step-list\">\n<li><strong>Vorbereitung und Markierung:<\/strong> Der Chirurg markiert die Schnittlinie entlang der Nasenkontur, die sich harmonisch in die Gesichtsz\u00fcge einf\u00fcgt.<\/li>\n\n\n\n<li><strong>Subnasale Exzision:<\/strong> Ein stierhornf\u00f6rmiger Hautstreifen wird direkt unter der Nase entfernt.<\/li>\n\n\n\n<li><strong>Gewebeentfernung:<\/strong> Durch das Entfernen der Haut wird das Philtrum verk\u00fcrzt und die Oberlippe leicht nach au\u00dfen gedreht.<\/li>\n\n\n\n<li><strong>Nahttechnik:<\/strong> Die Wunde wird fein und mehrschichtig vern\u00e4ht, um eine m\u00f6glichst unsichtbare Narbe zu gew\u00e4hrleisten.<\/li>\n\n\n\n<li><strong>Abschluss:<\/strong> Aufbringen von Wundschutz, K\u00fchlung zur Reduktion von Schwellung und erste postoperative Kontrolle.<\/li>\n<\/ol>\n\n\n\n<h3 class=\"wp-block-heading\" id=\"alternative-lippenlifting-techniken-zur-lippenkorrektur\">Alternative Lippenlifting-Techniken zur Lippenkorrektur<\/h3>\n\n\n\n<ul class=\"wp-block-list\">\n<li><strong>Gullwing-Lift:<\/strong> \u00c4hnlicher Effekt, andere Schnittf\u00fchrung<\/li>\n\n\n\n<li><strong>Corner-Lift:<\/strong> Hebung der Mundwinkel zus\u00e4tzlich zur Oberlippe<\/li>\n<\/ul>\n\n\n\n<div class=\"wp-block-group is-style-boxed is-layout-constrained wp-block-group-is-layout-constrained\">\n<p class=\"wp-block-paragraph\"><strong>Wichtige Hinweise:<\/strong><\/p>\n\n<ul class=\"wp-block-list\">\n<li>Der Eingriff erfolgt ambulant unter \u00f6rtlicher Bet\u00e4ubung und erm\u00f6glicht meist schon nach 7\u201310 Tagen die R\u00fcckkehr in die \u00d6ffentlichkeit.<\/li>\n\n\n\n<li>Eine pr\u00e4zise Planung und Erfahrung des Chirurgen sind entscheidend, um Asymmetrien, \u00dcberkorrektur oder sichtbare Narben zu vermeiden.<\/li>\n<\/ul>\n\n<div class=\"wp-block-buttons is-layout-flex wp-block-buttons-is-layout-flex\">\n<div class=\"wp-block-button\"><a class=\"wp-block-button__link wp-element-button\" href=\"https:\/\/4beauty-website-stage.247grad.de\/tr\/sonraki-masraf-sigortasi\/\">Sonraki masraflar\u0131 sigortalamak<\/a><\/div>\n<\/div>\n<\/div>\n\n\n\n<div class=\"wp-block-group is-style-boxed has-anchor-light-background-color has-background is-layout-constrained wp-block-group-is-layout-constrained\">\n<h2 class=\"wp-block-heading\" id=\"nachbehandlung-und-pflege-nach-einem-bullhornlift-so-unterstutzen-sie-die-heilung\">Nachbehandlung und Pflege nach einem Bullhornlift: So unterst\u00fctzen Sie die Heilung<\/h2>\n\n<p class=\"wp-block-paragraph\">Die Nachbehandlung nach einem Bullhornlift ist entscheidend f\u00fcr ein optimales Ergebnis und die minimale Sichtbarkeit der Narbe. Obwohl der Eingriff ambulant erfolgt, sollten Patienten einige wichtige Richtlinien beachten, um Schwellungen zu reduzieren und die Wundheilung zu f\u00f6rdern.<\/p>\n<\/div>\n\n\n\n<h3 class=\"wp-block-heading\" id=\"typische-begleiterscheinungen\">Typische Begleiterscheinungen<\/h3>\n\n\n\n<ul class=\"wp-block-list\">\n<li><strong>Schwellungen und Bluterg\u00fcsse:<\/strong> Tritt h\u00e4ufig in den ersten 1\u20132 Wochen auf und klingt danach ab.<\/li>\n\n\n\n<li><strong>Fadenentfernung:<\/strong> Nach ca. 5\u20137 Tagen; die F\u00e4den sind fein und schonend gesetzt.<\/li>\n\n\n\n<li><strong>R\u00f6tung der Narbe:<\/strong> Anfangs sichtbar, verblasst \u00fcber 6\u201312 Monate.<\/li>\n\n\n\n<li><strong>Sosyal beceri:<\/strong> Meist nach 7\u201310 Tagen wiederhergestellt.<\/li>\n\n\n\n<li><strong>Sportpause:<\/strong> Leichte k\u00f6rperliche Aktivit\u00e4ten nach 2\u20134 Wochen wieder m\u00f6glich.<\/li>\n<\/ul>\n\n\n\n<div class=\"wp-block-group is-style-boxed has-anchor-light-background-color has-background is-layout-constrained wp-block-group-is-layout-constrained\">\n<h2 class=\"wp-block-heading\" id=\"narbenpflege-kritischer-erfolgsfaktor\">Narbenpflege \u2013 kritischer Erfolgsfaktor<\/h2>\n\n<p class=\"wp-block-paragraph\">Die Pflege der Narbe entscheidet ma\u00dfgeblich \u00fcber das \u00e4sthetische Ergebnis. Empfohlene Ma\u00dfnahmen:<\/p>\n\n<ul class=\"wp-block-list\">\n<li><strong>Narbencremes oder Silikon-Pflaster:<\/strong> T\u00e4glich auftragen, um die Narbe weich zu halten.<\/li>\n\n\n\n<li><strong>Sonnenschutz:<\/strong> Mindestens LSF 50, direkte Sonnenexposition vermeiden.<\/li>\n\n\n\n<li><strong>Sanfte Massage:<\/strong> Nach vollst\u00e4ndiger Heilung kann die Narbe vorsichtig massiert werden.<\/li>\n\n\n\n<li><strong>Geduld:<\/strong> Die Narbe verblasst meist erst nach 12 Monaten deutlich.<\/li>\n<\/ul>\n<\/div>\n\n\n\n<div class=\"wp-block-group is-style-boxed has-anchor-light-background-color has-background is-layout-constrained wp-block-group-is-layout-constrained\">\n<p class=\"wp-block-paragraph\"><strong>Tipps f\u00fcr optimale Narbenheilung<\/strong><\/p>\n\n<ul class=\"wp-block-list\">\n<li>Keine direkte Sonneneinstrahlung auf die Narbe<\/li>\n\n\n\n<li>Rauchverzicht unterst\u00fctzt die Wundheilung<\/li>\n\n\n\n<li>Entz\u00fcndungshemmende Medikamente nur nach \u00e4rztlicher Absprache<\/li>\n\n\n\n<li>Leichte Bewegung f\u00f6rdert die Durchblutung, intensive Belastung vermeiden<\/li>\n<\/ul>\n\n<div class=\"wp-block-buttons is-layout-flex wp-block-buttons-is-layout-flex\">\n<div class=\"wp-block-button\"><a class=\"wp-block-button__link wp-element-button\" href=\"https:\/\/4beauty-website-stage.247grad.de\/tr\/sonraki-masraf-sigortasi\/\">Sonraki masraflar\u0131 sigortalamak<\/a><\/div>\n<\/div>\n<\/div>\n\n\n\n<div class=\"wp-block-group is-style-boxed has-anchor-light-background-color has-background is-layout-constrained wp-block-group-is-layout-constrained\">\n<h2 class=\"wp-block-heading\" id=\"risiken-eines-bullhornlifts-was-sie-wissen-sollten\">Risiken eines Bullhornlifts: Was Sie wissen sollten<\/h2>\n\n<p class=\"wp-block-paragraph\">Obwohl der Bullhornlift ein sicherer, minimalinvasiver Eingriff ist, birgt er wie jede Operation bestimmte Risiken. Eine ehrliche Aufkl\u00e4rung \u00fcber m\u00f6gliche Komplikationen ist essenziell.<\/p>\n<\/div>\n\n\n\n<figure class=\"wp-block-table\"><table class=\"has-fixed-layout\"><thead><tr><th>Risk<\/th><th>A\u00e7\u0131klama<\/th><\/tr><\/thead><tbody><tr><td>Sichtbare Narbe<\/td><td>Feine Linie unter der Nase, hypertrophe Narben selten<\/td><\/tr><tr><td>Asymmetrie<\/td><td>Ungleichm\u00e4\u00dfige Lippenkontur, selten<\/td><\/tr><tr><td>Taubheitsgef\u00fchl<\/td><td>Tempor\u00e4r durch Nervenreizung, normalerweise reversibel<\/td><\/tr><tr><td>A\u015f\u0131r\u0131 d\u00fczeltme<\/td><td>Philtrum zu stark verk\u00fcrzt, unnat\u00fcrliches Ergebnis<\/td><\/tr><tr><td>Yara iyile\u015fme bozukluklar\u0131<\/td><td>Infektionen oder verz\u00f6gerte Heilung<\/td><\/tr><tr><td>Schwellungen \/ Bluterg\u00fcsse<\/td><td>Vor\u00fcbergehend, meist innerhalb von 1\u20132 Wochen zur\u00fcckgehend<\/td><\/tr><\/tbody><\/table><\/figure>\n\n\n\n<div class=\"wp-block-buttons is-layout-flex wp-block-buttons-is-layout-flex\">\n<div class=\"wp-block-button\"><a class=\"wp-block-button__link wp-element-button\" href=\"https:\/\/4beauty-website-stage.247grad.de\/tr\/sonraki-masraf-sigortasi\/\">Sonraki masraflar\u0131 sigortalamak<\/a><\/div>\n<\/div>\n\n\n\n<div class=\"wp-block-group is-style-boxed has-anchor-light-background-color has-background is-layout-constrained wp-block-group-is-layout-constrained\">\n<h2 class=\"wp-block-heading\" id=\"langzeitrisiken-und-besonderheiten\">Langzeitrisiken und Besonderheiten<\/h2>\n\n<ul class=\"wp-block-list\">\n<li>Die Narbe ist der unvermeidbare \u201eTrade-Off\u201c des Eingriffs, selbst bei perfekter Technik.<\/li>\n\n\n\n<li>Eine \u00dcberkorrektur kann auftreten, wenn zu viel Gewebe entfernt wird, die Erfahrung des Chirurgen ist entscheidend.<\/li>\n\n\n\n<li>Tempor\u00e4res Taubheitsgef\u00fchl oder ein leicht ver\u00e4ndertes Hautgef\u00fchl der Oberlippe ist m\u00f6glich, klingt jedoch in der Regel ab.<\/li>\n<\/ul>\n<\/div>\n\n\n\n<div class=\"wp-block-group is-style-boxed has-white-warm-background-color has-background is-layout-constrained wp-block-group-is-layout-constrained\">\n<p class=\"wp-block-paragraph\"><strong>Not:<\/strong><\/p>\n\n<p class=\"wp-block-paragraph\">Ein erfahrener Facharzt f\u00fcr \u00e4sthetische Chirurgie minimiert diese Risiken durch pr\u00e4zise Planung, schonende Nahttechniken und sorgf\u00e4ltige postoperative Betreuung.<\/p>\n<\/div>\n\n\n\n<h2 class=\"wp-block-heading\" id=\"kosten-eines-bullhornlifts-preisspanne-und-einflussfaktoren\">Kosten eines Bullhornlifts: Preisspanne und Einflussfaktoren<\/h2>\n\n\n\n<p class=\"wp-block-paragraph\">Die Kosten eines Bullhornlifts in Deutschland variieren und liegen in der Regel zwischen <strong>2.500 \u20ac und 5.000 \u20ac<\/strong>. Es handelt sich um einen rein kosmetischen Eingriff, daher werden die Kosten von der Krankenkasse nicht \u00fcbernommen.<\/p>\n\n\n\n<h3 class=\"wp-block-heading\" id=\"einflussfaktoren-auf-die-kosten\">Einflussfaktoren auf die Kosten<\/h3>\n\n\n\n<ul class=\"wp-block-list\">\n<li><strong>Erfahrung des Chirurgen:<\/strong> Hochqualifizierte Fach\u00e4rzte berechnen oft h\u00f6here Honorare.<\/li>\n\n\n\n<li><strong>Anestezi:<\/strong> Lokale Bet\u00e4ubung ist g\u00fcnstiger, D\u00e4mmerschlaf erh\u00f6ht die Kosten um 300\u2013600 \u20ac.<\/li>\n\n\n\n<li><strong>Klinikausstattung und Standort:<\/strong> Gro\u00dfst\u00e4dte und moderne Kliniken sind meist teurer.<\/li>\n\n\n\n<li><strong>Son i\u015flem:<\/strong> Narbenpflege, Kontrolltermine und ggf. Fadenentfernung sind meist inkludiert, k\u00f6nnen aber Zusatzkosten verursachen.<\/li>\n<\/ul>\n\n\n\n<div class=\"wp-block-buttons is-layout-flex wp-block-buttons-is-layout-flex\">\n<div class=\"wp-block-button\"><a class=\"wp-block-button__link wp-element-button\" href=\"https:\/\/4beauty-website-stage.247grad.de\/tr\/sonraki-masraf-sigortasi\/\">Sonraki masraflar\u0131 sigortalamak<\/a><\/div>\n<\/div>\n\n\n\n<figure class=\"wp-block-table\"><table class=\"has-fixed-layout\"><thead><tr><th>Kostenfaktor<\/th><th>Preisspanne<\/th><\/tr><\/thead><tbody><tr><td>Basis-OP<\/td><td>2.500 \u2013 3.500 \u20ac<\/td><\/tr><tr><td>An\u00e4sthesie (D\u00e4mmerschlaf)<\/td><td>+300 \u2013 600 \u20ac<\/td><\/tr><tr><td>Zusatzleistungen (Narbenpflege)<\/td><td>+100 \u2013 300 \u20ac<\/td><\/tr><\/tbody><\/table><\/figure>\n\n\n\n<div class=\"wp-block-group is-style-boxed has-white-warm-background-color has-background is-layout-constrained wp-block-group-is-layout-constrained\">\n<p class=\"wp-block-paragraph\"><strong>Transparenz-Hinweis:<\/strong><\/p>\n\n<p class=\"wp-block-paragraph\">Eine offene Kommunikation mit dem Chirurgen \u00fcber alle Preisfaktoren ist entscheidend, um unliebsame \u00dcberraschungen zu vermeiden.<\/p>\n<\/div>\n\n\n\n<h2 class=\"wp-block-heading\" id=\"bullhornlift-vs-lippen-filler-welche-methode-ist-die-richtige\">Bullhornlift vs. Lippen-Filler: Welche Methode ist die richtige?<\/h2>\n\n\n\n<p class=\"wp-block-paragraph\">Viele Patienten fragen sich, ob ein Bullhornlift oder ein Lippen-Filler besser geeignet ist. Beide Methoden haben ihre spezifischen Vor- und Nachteile, die individuell abgewogen werden sollten.<\/p>\n\n\n\n<figure class=\"wp-block-table\"><table class=\"has-fixed-layout\"><thead><tr><th>\u00d6zellik<\/th><th>Bullhornlift<\/th><th>Lippen-Filler<\/th><\/tr><\/thead><tbody><tr><td>Ama\u00e7<\/td><td>Verk\u00fcrzung des Philtrums, Lippenverj\u00fcngung<\/td><td>Volumenzunahme, Formkorrektur<\/td><\/tr><tr><td>Dauer der Wirkung<\/td><td>Dauerhaft<\/td><td>Tempor\u00e4r (6\u201312 Monate)<\/td><\/tr><tr><td>\u0130nvazivlik<\/td><td>Chirurgisch, kleiner Schnitt unter der Nase<\/td><td>Minimalinvasiv, Injektionen<\/td><\/tr><tr><td>Yara izleri<\/td><td>Feine, dezente Narbe<\/td><td>Yok<\/td><\/tr><tr><td>Eignung<\/td><td>Altersbedingt, genetische Lippenform<\/td><td>Volumenmangel, unregelm\u00e4\u00dfige Form<\/td><\/tr><tr><td>Wiederholungsbedarf<\/td><td>Nicht erforderlich<\/td><td>Regelm\u00e4\u00dfige Auff\u00fcllung notwendig<\/td><\/tr><\/tbody><\/table><\/figure>\n\n\n\n<p class=\"wp-block-paragraph\">Der Bullhornlift ist ideal f\u00fcr Patienten, die eine dauerhafte, harmonische Ver\u00e4nderung der Lippenform w\u00fcnschen. Lippen-Filler eignen sich eher f\u00fcr tempor\u00e4re Volumenkorrekturen oder zus\u00e4tzliche Akzente. In manchen F\u00e4llen kann auch eine Kombination beider Methoden sinnvoll sein.<\/p>\n\n\n\n<div class=\"wp-block-buttons is-layout-flex wp-block-buttons-is-layout-flex\">\n<div class=\"wp-block-button\"><a class=\"wp-block-button__link wp-element-button\" href=\"https:\/\/4beauty-website-stage.247grad.de\/tr\/sonraki-masraf-sigortasi\/\">Sonraki masraflar\u0131 sigortalamak<\/a><\/div>\n<\/div>\n\n\n\n<div class=\"wp-block-group is-style-boxed has-anchor-light-background-color has-background is-layout-constrained wp-block-group-is-layout-constrained\">\n<h2 class=\"wp-block-heading\" id=\"kombinationen-mit-anderen-eingriffen\">Kombinationen mit anderen Eingriffen<\/h2>\n\n<p class=\"wp-block-paragraph\">Ein Bullhornlift kann gezielt in Kombination mit anderen \u00e4sthetischen Eingriffen durchgef\u00fchrt werden, um ein harmonisches Gesamtbild zu erzielen:<\/p>\n\n<ul class=\"wp-block-list\">\n<li><strong>Facelift oder Halsstraffung:<\/strong> Verbessert die gesamte Gesichts\u00e4sthetik und strafft gleichzeitig den unteren Gesichtsbereich.<\/li>\n\n\n\n<li><strong>Lippenunterspritzungen:<\/strong> Erg\u00e4nzt das Volumen der Lippen, wenn zus\u00e4tzlich zur Formkorrektur mehr F\u00fclle gew\u00fcnscht wird.<\/li>\n\n\n\n<li><strong>Zahn\u00e4sthetik:<\/strong> Eine optimale Dental Show kann durch zahn\u00e4rztliche Ma\u00dfnahmen wie Zahnaufhellung unterst\u00fctzt werden.<\/li>\n<\/ul>\n<\/div>\n\n\n\n<div class=\"wp-block-group is-style-boxed has-white-warm-background-color has-background is-layout-constrained wp-block-group-is-layout-constrained\">\n<p class=\"wp-block-paragraph\"><strong>Infokasten:<\/strong><\/p>\n\n<p class=\"wp-block-paragraph\">Kombinationseingriffe erm\u00f6glichen oft einheitlichere Ergebnisse und reduzieren den Aufwand f\u00fcr mehrere einzelne Operationen.<\/p>\n<\/div>\n\n\n\n<div class=\"wp-block-media-text is-stacked-on-mobile\"><figure class=\"wp-block-media-text__media\"><img loading=\"lazy\" decoding=\"async\" width=\"499\" height=\"754\" src=\"https:\/\/4beauty-website-stage.247grad.de\/wp-content\/uploads\/2026\/08\/2025-11_Bullhornlift-3.png\" alt=\"Bullhornlift\" class=\"wp-image-865 size-full\" srcset=\"https:\/\/4beauty-website-stage.247grad.de\/wp-content\/uploads\/2026\/08\/2025-11_Bullhornlift-3.png 499w, https:\/\/4beauty-website-stage.247grad.de\/wp-content\/uploads\/2026\/08\/2025-11_Bullhornlift-3-199x300.png 199w, https:\/\/4beauty-website-stage.247grad.de\/wp-content\/uploads\/2026\/08\/2025-11_Bullhornlift-3-8x12.png 8w, https:\/\/4beauty-website-stage.247grad.de\/wp-content\/uploads\/2026\/08\/2025-11_Bullhornlift-3-26x40.png 26w\" sizes=\"auto, (max-width: 499px) 100vw, 499px\" \/><\/figure><div class=\"wp-block-media-text__content\">\n<h2 class=\"wp-block-heading\" id=\"4beauty-versicherung-fur-bullhornlift-und-kosmetische-eingriffe\">4beauty: Versicherung f\u00fcr Bullhornlift und kosmetische Eingriffe<\/h2>\n\n<p class=\"wp-block-paragraph\">Kosmetische Eingriffe wie der Bullhornlift sind nicht von der gesetzlichen Krankenversicherung abgedeckt. Komplikationen oder Nachoperationen k\u00f6nnen jedoch hohe Zusatzkosten verursachen. Hier setzt die <a href=\"https:\/\/4beauty-website-stage.247grad.de\/tr\/sonraki-masraf-sigortasi\/\">Sonras\u0131 Maliyet Sigortas\u0131<\/a> an:<\/p>\n<\/div><\/div>\n\n\n\n<h3 class=\"wp-block-heading\" id=\"vorteile-der-folgekostenversicherung\">Vorteile der Folgekostenversicherung<\/h3>\n\n\n\n<ul class=\"wp-block-list\">\n<li>\u00dcbernahme von Kosten bei Komplikationen nach \u00e4sthetischen Eingriffen<\/li>\n\n\n\n<li>Schutz bei Nachoperationen oder Korrekturen, z. B. Narbenbehandlung<\/li>\n\n\n\n<li>Finanzielle Entlastung und Sicherheit f\u00fcr Patienten<\/li>\n\n\n\n<li>Flexibel und speziell auf Sch\u00f6nheitsoperationen abgestimmt<\/li>\n<\/ul>\n\n\n\n<p class=\"wp-block-paragraph\">Unsere Folgekostenversicherung bietet Ihnen zus\u00e4tzliche Sicherheit und unterst\u00fctzt Sie im Ernstfall, sodass Sie unbesorgt Ihre OP antreten k\u00f6nnen.<\/p>\n\n\n\n<div class=\"wp-block-buttons is-layout-flex wp-block-buttons-is-layout-flex\">\n<div class=\"wp-block-button\"><a class=\"wp-block-button__link wp-element-button\" href=\"https:\/\/4beauty-website-stage.247grad.de\/tr\/sonraki-masraf-sigortasi\/\">Sonraki masraflar\u0131 sigortalamak<\/a><\/div>\n<\/div>\n\n\n\n<h2 class=\"wp-block-heading\" id=\"faq-haufig-gestellte-fragen-zum-bullhorn-lift\">FAQ \u2013 H\u00e4ufig gestellte Fragen zum Bullhorn Lift<\/h2>\n\n\n\n<div data-wp-context=\"{ &quot;autoclose&quot;: false, &quot;accordionItems&quot;: [] }\" data-wp-interactive=\"core\/accordion\" role=\"group\" class=\"wp-block-accordion is-layout-flow wp-block-accordion-is-layout-flow\">\n<div data-wp-class--is-open=\"state.isOpen\" data-wp-context=\"{ &quot;id&quot;: &quot;accordion-item-1&quot;, &quot;openByDefault&quot;: false }\" data-wp-init=\"callbacks.initAccordionItems\" data-wp-on-window--hashchange=\"callbacks.hashChange\" class=\"wp-block-accordion-item is-layout-flow wp-block-accordion-item-is-layout-flow\">\n<h3 class=\"wp-block-accordion-heading\"><button aria-expanded=\"false\" aria-controls=\"accordion-item-1-panel\" data-wp-bind--aria-expanded=\"state.isOpen\" data-wp-on--click=\"actions.toggle\" id=\"accordion-item-1\" type=\"button\" class=\"wp-block-accordion-heading__toggle\"><span class=\"wp-block-accordion-heading__toggle-title\">Wie lange h\u00e4lt das Ergebnis eines Bullhornlifts?<\/span><span class=\"wp-block-accordion-heading__toggle-icon\" aria-hidden=\"true\">+<\/span><\/button><\/h3>\n\n\n\n<div aria-labelledby=\"accordion-item-1\" data-wp-bind--hidden=\"state.isHidden\" data-wp-on--beforematch=\"actions.handleBeforeMatch\" id=\"accordion-item-1-panel\" role=\"region\" class=\"wp-block-accordion-panel is-layout-flow wp-block-accordion-panel-is-layout-flow\">\n<p class=\"wp-block-paragraph\">Das Ergebnis ist dauerhaft, auch wenn nat\u00fcrliche Alterungsprozesse die Lippen minimal ver\u00e4ndern k\u00f6nnen.<\/p>\n<\/div>\n<\/div>\n\n\n\n<div data-wp-class--is-open=\"state.isOpen\" data-wp-context=\"{ &quot;id&quot;: &quot;accordion-item-2&quot;, &quot;openByDefault&quot;: false }\" data-wp-init=\"callbacks.initAccordionItems\" data-wp-on-window--hashchange=\"callbacks.hashChange\" class=\"wp-block-accordion-item is-layout-flow wp-block-accordion-item-is-layout-flow\">\n<h3 class=\"wp-block-accordion-heading\"><button aria-expanded=\"false\" aria-controls=\"accordion-item-2-panel\" data-wp-bind--aria-expanded=\"state.isOpen\" data-wp-on--click=\"actions.toggle\" id=\"accordion-item-2\" type=\"button\" class=\"wp-block-accordion-heading__toggle\"><span class=\"wp-block-accordion-heading__toggle-title\">Ist die Narbe sichtbar?<\/span><span class=\"wp-block-accordion-heading__toggle-icon\" aria-hidden=\"true\">+<\/span><\/button><\/h3>\n\n\n\n<div aria-labelledby=\"accordion-item-2\" data-wp-bind--hidden=\"state.isHidden\" data-wp-on--beforematch=\"actions.handleBeforeMatch\" id=\"accordion-item-2-panel\" role=\"region\" class=\"wp-block-accordion-panel is-layout-flow wp-block-accordion-panel-is-layout-flow\">\n<p class=\"wp-block-paragraph\">Die Narbe liegt direkt unter der Nase. Anfangs ist sie leicht ger\u00f6tet, verblasst jedoch innerhalb von 6\u201312 Monaten deutlich. Feine Linien k\u00f6nnen sichtbar bleiben, sind aber meist unauff\u00e4llig.<\/p>\n<\/div>\n<\/div>\n\n\n\n<div data-wp-class--is-open=\"state.isOpen\" data-wp-context=\"{ &quot;id&quot;: &quot;accordion-item-3&quot;, &quot;openByDefault&quot;: false }\" data-wp-init=\"callbacks.initAccordionItems\" data-wp-on-window--hashchange=\"callbacks.hashChange\" class=\"wp-block-accordion-item is-layout-flow wp-block-accordion-item-is-layout-flow\">\n<h3 class=\"wp-block-accordion-heading\"><button aria-expanded=\"false\" aria-controls=\"accordion-item-3-panel\" data-wp-bind--aria-expanded=\"state.isOpen\" data-wp-on--click=\"actions.toggle\" id=\"accordion-item-3\" type=\"button\" class=\"wp-block-accordion-heading__toggle\"><span class=\"wp-block-accordion-heading__toggle-title\">\u0130yile\u015fme s\u00fcreci ne kadar s\u00fcrer?<\/span><span class=\"wp-block-accordion-heading__toggle-icon\" aria-hidden=\"true\">+<\/span><\/button><\/h3>\n\n\n\n<div aria-labelledby=\"accordion-item-3\" data-wp-bind--hidden=\"state.isHidden\" data-wp-on--beforematch=\"actions.handleBeforeMatch\" id=\"accordion-item-3-panel\" role=\"region\" class=\"wp-block-accordion-panel is-layout-flow wp-block-accordion-panel-is-layout-flow\">\n<p class=\"wp-block-paragraph\">Gesellschaftsf\u00e4hig nach ca. 7\u201310 Tagen, Sportpause 2\u20134 Wochen. Schwellungen und Bluterg\u00fcsse klingen meist innerhalb von 1\u20132 Wochen ab.<\/p>\n<\/div>\n<\/div>\n\n\n\n<div data-wp-class--is-open=\"state.isOpen\" data-wp-context=\"{ &quot;id&quot;: &quot;accordion-item-4&quot;, &quot;openByDefault&quot;: false }\" data-wp-init=\"callbacks.initAccordionItems\" data-wp-on-window--hashchange=\"callbacks.hashChange\" class=\"wp-block-accordion-item is-layout-flow wp-block-accordion-item-is-layout-flow\">\n<h3 class=\"wp-block-accordion-heading\"><button aria-expanded=\"false\" aria-controls=\"accordion-item-4-panel\" data-wp-bind--aria-expanded=\"state.isOpen\" data-wp-on--click=\"actions.toggle\" id=\"accordion-item-4\" type=\"button\" class=\"wp-block-accordion-heading__toggle\"><span class=\"wp-block-accordion-heading__toggle-title\">Welche Risiken gibt es beim Bullhornlift?<\/span><span class=\"wp-block-accordion-heading__toggle-icon\" aria-hidden=\"true\">+<\/span><\/button><\/h3>\n\n\n\n<div aria-labelledby=\"accordion-item-4\" data-wp-bind--hidden=\"state.isHidden\" data-wp-on--beforematch=\"actions.handleBeforeMatch\" id=\"accordion-item-4-panel\" role=\"region\" class=\"wp-block-accordion-panel is-layout-flow wp-block-accordion-panel-is-layout-flow\">\n<p class=\"wp-block-paragraph\">Haupts\u00e4chlich: feine Narbe, vor\u00fcbergehendes Taubheitsgef\u00fchl, selten Asymmetrien oder \u00dcberkorrektur.<\/p>\n<\/div>\n<\/div>\n\n\n\n<div data-wp-class--is-open=\"state.isOpen\" data-wp-context=\"{ &quot;id&quot;: &quot;accordion-item-5&quot;, &quot;openByDefault&quot;: false }\" data-wp-init=\"callbacks.initAccordionItems\" data-wp-on-window--hashchange=\"callbacks.hashChange\" class=\"wp-block-accordion-item is-layout-flow wp-block-accordion-item-is-layout-flow\">\n<h3 class=\"wp-block-accordion-heading\"><button aria-expanded=\"false\" aria-controls=\"accordion-item-5-panel\" data-wp-bind--aria-expanded=\"state.isOpen\" data-wp-on--click=\"actions.toggle\" id=\"accordion-item-5\" type=\"button\" class=\"wp-block-accordion-heading__toggle\"><span class=\"wp-block-accordion-heading__toggle-title\">Wie teuer ist ein Bullhornlift?<\/span><span class=\"wp-block-accordion-heading__toggle-icon\" aria-hidden=\"true\">+<\/span><\/button><\/h3>\n\n\n\n<div aria-labelledby=\"accordion-item-5\" data-wp-bind--hidden=\"state.isHidden\" data-wp-on--beforematch=\"actions.handleBeforeMatch\" id=\"accordion-item-5-panel\" role=\"region\" class=\"wp-block-accordion-panel is-layout-flow wp-block-accordion-panel-is-layout-flow\">\n<p class=\"wp-block-paragraph\">Typischerweise zwischen 2.500 \u20ac und 5.000 \u20ac, abh\u00e4ngig von Chirurg, An\u00e4sthesie und Klinikstandort.<\/p>\n<\/div>\n<\/div>\n\n\n\n<div data-wp-class--is-open=\"state.isOpen\" data-wp-context=\"{ &quot;id&quot;: &quot;accordion-item-6&quot;, &quot;openByDefault&quot;: false }\" data-wp-init=\"callbacks.initAccordionItems\" data-wp-on-window--hashchange=\"callbacks.hashChange\" class=\"wp-block-accordion-item is-layout-flow wp-block-accordion-item-is-layout-flow\">\n<h3 class=\"wp-block-accordion-heading\"><button aria-expanded=\"false\" aria-controls=\"accordion-item-6-panel\" data-wp-bind--aria-expanded=\"state.isOpen\" data-wp-on--click=\"actions.toggle\" id=\"accordion-item-6\" type=\"button\" class=\"wp-block-accordion-heading__toggle\"><span class=\"wp-block-accordion-heading__toggle-title\">Kann ein Bullhornlift mit Fillern kombiniert werden?<\/span><span class=\"wp-block-accordion-heading__toggle-icon\" aria-hidden=\"true\">+<\/span><\/button><\/h3>\n\n\n\n<div aria-labelledby=\"accordion-item-6\" data-wp-bind--hidden=\"state.isHidden\" data-wp-on--beforematch=\"actions.handleBeforeMatch\" id=\"accordion-item-6-panel\" role=\"region\" class=\"wp-block-accordion-panel is-layout-flow wp-block-accordion-panel-is-layout-flow\">\n<p class=\"wp-block-paragraph\">Ja, eine Kombination ist m\u00f6glich, z. B. f\u00fcr mehr Volumen oder harmonische Konturen.<\/p>\n<\/div>\n<\/div>\n\n\n\n<div data-wp-class--is-open=\"state.isOpen\" data-wp-context=\"{ &quot;id&quot;: &quot;accordion-item-7&quot;, &quot;openByDefault&quot;: false }\" data-wp-init=\"callbacks.initAccordionItems\" data-wp-on-window--hashchange=\"callbacks.hashChange\" class=\"wp-block-accordion-item is-layout-flow wp-block-accordion-item-is-layout-flow\">\n<h3 class=\"wp-block-accordion-heading\"><button aria-expanded=\"false\" aria-controls=\"accordion-item-7-panel\" data-wp-bind--aria-expanded=\"state.isOpen\" data-wp-on--click=\"actions.toggle\" id=\"accordion-item-7\" type=\"button\" class=\"wp-block-accordion-heading__toggle\"><span class=\"wp-block-accordion-heading__toggle-title\">Wird der Eingriff von der Krankenkasse \u00fcbernommen?<\/span><span class=\"wp-block-accordion-heading__toggle-icon\" aria-hidden=\"true\">+<\/span><\/button><\/h3>\n\n\n\n<div aria-labelledby=\"accordion-item-7\" data-wp-bind--hidden=\"state.isHidden\" data-wp-on--beforematch=\"actions.handleBeforeMatch\" id=\"accordion-item-7-panel\" role=\"region\" class=\"wp-block-accordion-panel is-layout-flow wp-block-accordion-panel-is-layout-flow\">\n<p class=\"wp-block-paragraph\">Nein, es handelt sich um einen rein kosmetischen Eingriff. Komplikationen k\u00f6nnen jedoch \u00fcber eine Folgekostenversicherung abgesichert werden.<\/p>\n<\/div>\n<\/div>\n<\/div>","protected":false},"excerpt":{"rendered":"<p>Volle Lippen ganz ohne Filler: Der Bullhornlift hebt die Oberlippe dauerhaft an und sorgt f\u00fcr mehr Dental Show. Alles zu Ablauf, Nachsorge, Kosten und Risiken.<\/p>","protected":false},"author":1,"featured_media":864,"comment_status":"open","ping_status":"open","sticky":false,"template":"","format":"standard","meta":{"_acf_changed":false,"inline_featured_image":false,"footnotes":""},"categories":[14],"tags":[],"class_list":["post-968","post","type-post","status-publish","format-standard","has-post-thumbnail","hentry","category-behandlungen"],"acf":[],"_links":{"self":[{"href":"https:\/\/4beauty-website-stage.247grad.de\/tr\/wp-json\/wp\/v2\/posts\/968","targetHints":{"allow":["GET"]}}],"collection":[{"href":"https:\/\/4beauty-website-stage.247grad.de\/tr\/wp-json\/wp\/v2\/posts"}],"about":[{"href":"https:\/\/4beauty-website-stage.247grad.de\/tr\/wp-json\/wp\/v2\/types\/post"}],"author":[{"embeddable":true,"href":"https:\/\/4beauty-website-stage.247grad.de\/tr\/wp-json\/wp\/v2\/users\/1"}],"replies":[{"embeddable":true,"href":"https:\/\/4beauty-website-stage.247grad.de\/tr\/wp-json\/wp\/v2\/comments?post=968"}],"version-history":[{"count":1,"href":"https:\/\/4beauty-website-stage.247grad.de\/tr\/wp-json\/wp\/v2\/posts\/968\/revisions"}],"predecessor-version":[{"id":1011,"href":"https:\/\/4beauty-website-stage.247grad.de\/tr\/wp-json\/wp\/v2\/posts\/968\/revisions\/1011"}],"wp:featuredmedia":[{"embeddable":true,"href":"https:\/\/4beauty-website-stage.247grad.de\/tr\/wp-json\/wp\/v2\/media\/864"}],"wp:attachment":[{"href":"https:\/\/4beauty-website-stage.247grad.de\/tr\/wp-json\/wp\/v2\/media?parent=968"}],"wp:term":[{"taxonomy":"category","embeddable":true,"href":"https:\/\/4beauty-website-stage.247grad.de\/tr\/wp-json\/wp\/v2\/categories?post=968"},{"taxonomy":"post_tag","embeddable":true,"href":"https:\/\/4beauty-website-stage.247grad.de\/tr\/wp-json\/wp\/v2\/tags?post=968"}],"curies":[{"name":"wp","href":"https:\/\/api.w.org\/{rel}","templated":true}]}}