{"id":981,"date":"2026-01-03T17:36:34","date_gmt":"2026-01-03T16:36:34","guid":{"rendered":"https:\/\/4beauty-website-stage.247grad.de\/?p=981"},"modified":"2026-02-05T09:36:22","modified_gmt":"2026-02-05T08:36:22","slug":"haartransplantation-bei-haarausfall-methoden-kosten-die-unterschaetzten-risiken","status":"publish","type":"post","link":"https:\/\/4beauty-website-stage.247grad.de\/tr\/haartransplantation-bei-haarausfall-methoden-kosten-die-unterschaetzten-risiken\/","title":{"rendered":"Haartransplantation bei Haarausfall: Methoden, Kosten &#038; die untersch\u00e4tzten Risiken"},"content":{"rendered":"<p class=\"wp-block-paragraph\">Haartransplantationen boomen \u2013 wir zeigen, worauf man achten sollte.<\/p>\n\n\n\n<p class=\"wp-block-paragraph\">Haarausfall betrifft Millionen von Menschen weltweit und kann das Selbstbewusstsein stark beeintr\u00e4chtigen. Kein Wunder, dass Haartransplantationen in den letzten Jahren stark zugenommen haben \u2013 sowohl in Deutschland als auch international.<br> Trotz der Popularit\u00e4t ist es wichtig zu verstehen: Eine Haartransplantation ist kein Routineeingriff. Der Erfolg h\u00e4ngt von mehreren Faktoren ab: der Haarqualit\u00e4t, der gew\u00e4hlten Methode, dem k\u00f6nnen des Arztes und der richtigen Nachsorge. In diesem Beitrag erfahren Sie alles Wissenswerte zu Eingriff, Pflege, Risiken und Kosten.<\/p>\n\n\n\n<p class=\"wp-block-paragraph\"><strong>\u00d6nemli:<\/strong>Eine realistische Erwartungshaltung ist entscheidend. Auch die beste Transplantation ersetzt keine genetisch bedingte Dichte und erzeugt in der Regel eine optische Haardichte von etwa 50\u201360 %.<\/p>\n\n\n\n<div class=\"wp-block-group is-style-boxed has-anchor-light-background-color has-background is-layout-constrained wp-block-group-is-layout-constrained\">\n<p class=\"wp-block-paragraph\"><strong>Warum Menschen eine Haartransplantation w\u00e4hlen<\/strong><\/p>\n\n<ul class=\"wp-block-list\">\n<li>Behandlung von erblich bedingtem Haarausfall (androgenetische Alopezie)<\/li>\n\n\n\n<li>Auff\u00fcllen von Geheimratsecken oder Tonsur (Glanzstelle am Oberkopf)<\/li>\n\n\n\n<li>Korrektur misslungener oder verpfuschter fr\u00fcherer Eingriffe<\/li>\n\n\n\n<li>Steigerung des Selbstbewusstseins und Verbesserung der \u00e4sthetischen Ausstrahlung<\/li>\n<\/ul>\n<\/div>\n\n\n\n<div class=\"wp-block-rank-math-toc-block\" id=\"rank-math-toc\"><h2>\u0130\u00e7indekiler<\/h2><nav><ul><li class=\"\"><a href=\"#wann-ist-man-geeignet-kriterien-fur-eine-haartransplantation\">Wann ist man geeignet? Kriterien f\u00fcr eine Haartransplantation<\/a><\/li><li class=\"\"><a href=\"#eignungskriterien-im-uberblick\">Eignungskriterien im \u00dcberblick<\/a><\/li><li class=\"\"><a href=\"#methoden-der-haartransplantation-im-vergleich-fue-dhi-und-saphir-fue\">Methoden der Haartransplantation im Vergleich: FUE, DHI und Saphir-FUE<\/a><\/li><li class=\"\"><a href=\"#fut-follicular-unit-transplantation-streifenmethode\">FUT \u2013 Follicular Unit Transplantation (Streifenmethode)<\/a><\/li><li class=\"\"><a href=\"#saphir-fue\">Saphir-FUE<\/a><\/li><li class=\"\"><a href=\"#der-ablauf-einer-haartransplantation-vom-beratungsgesprach-bis-zum-ersten-haarschnitt\">Der Ablauf einer Haartransplantation: Vom Beratungsgespr\u00e4ch bis zum ersten Haarschnitt<\/a><\/li><li class=\"\"><a href=\"#beratungsgesprach-analyse-und-planung\">Beratungsgespr\u00e4ch: Analyse und Planung<\/a><\/li><li class=\"\"><a href=\"#fragen-fur-die-beratung\">Fragen f\u00fcr die Beratung<\/a><\/li><li class=\"\"><a href=\"#die-operation\">Die Operation<\/a><\/li><li class=\"\"><a href=\"#erste-tipps-fur-die-tage-nach-der-op\">Erste Tipps f\u00fcr die Tage nach der OP<\/a><\/li><li class=\"\"><a href=\"#risiken-nebenwirkungen-einer-haartransplantation\">Risiken &#038; Nebenwirkungen einer Haartransplantation<\/a><\/li><li class=\"\"><a href=\"#kurzfristige-haufig-auftretende-nebenwirkungen\">Kurzfristige, h\u00e4ufig auftretende Nebenwirkungen<\/a><\/li><li class=\"\"><a href=\"#faktoren-die-risiken-erhohen\">Faktoren, die Risiken erh\u00f6hen<\/a><\/li><li class=\"\"><a href=\"#psychologische-risiken\">Psychologische Risiken<\/a><\/li><li class=\"\"><a href=\"#nachsorge-guide-so-gelingt-die-heilung-nach-der-haartransplantation\">Nachsorge-Guide: So gelingt die Heilung nach der Haartransplantation<\/a><\/li><li class=\"\"><a href=\"#kosten-einer-haartransplantation-preisfaktoren\">Kosten einer Haartransplantation &#038; Preisfaktoren<\/a><\/li><li class=\"\"><a href=\"#kostenubersicht-deutschland\">Kosten\u00fcbersicht Deutschland<\/a><\/li><li class=\"\"><a href=\"#vergleich-deutschland-vs-ausland\">Vergleich Deutschland vs. Ausland<\/a><\/li><li class=\"\"><a href=\"#weitere-preisfaktoren\">Weitere Preisfaktoren<\/a><\/li><li class=\"\"><a href=\"#checkliste-so-finden-sie-den-richtigen-arzt-fur-ihre-haartransplantation\">Checkliste: So finden Sie den richtigen Arzt f\u00fcr Ihre Haartransplantation<\/a><\/li><li class=\"\"><a href=\"#folgekostenversicherung-mit-gutem-gefuhl-in-die-haartransplantation\">Folgekostenversicherung: Mit gutem Gef\u00fchl in die Haartransplantation<\/a><\/li><li class=\"\"><a href=\"#haufige-fragen-zur-haartransplantation-faq\">H\u00e4ufige Fragen zur Haartransplantation (FAQ)<\/a><\/li><\/ul><\/nav><\/div>\n\n\n\n<div class=\"wp-block-group is-style-boxed has-white-warm-background-color has-background is-layout-constrained wp-block-group-is-layout-constrained\">\n<p class=\"wp-block-paragraph\"><strong>\u00d6nemli uyar\u0131<\/strong><\/p>\n\n\n\n<p class=\"wp-block-paragraph\">Bu makale yaln\u0131zca bilgilendirme ama\u00e7l\u0131d\u0131r ve t\u0131bbi tan\u0131 veya tavsiyenin yerini almaz. Herhangi bir belirsizlik durumunda ve ki\u015fiye \u00f6zel bir tedavi plan\u0131 haz\u0131rlamak i\u00e7in, uzman bir hekimle g\u00f6r\u00fc\u015fmek \u015fartt\u0131r.<\/p>\n<\/div>\n\n\n\n<div class=\"wp-block-media-text is-stacked-on-mobile\"><figure class=\"wp-block-media-text__media\"><img loading=\"lazy\" decoding=\"async\" width=\"1013\" height=\"937\" src=\"https:\/\/4beauty-website-stage.247grad.de\/wp-content\/uploads\/2026\/08\/2026-01_Haartransplantation-1.png\" alt=\"Haartransplantation bie Haarausfall\" class=\"wp-image-878 size-full\" srcset=\"https:\/\/4beauty-website-stage.247grad.de\/wp-content\/uploads\/2026\/08\/2026-01_Haartransplantation-1.png 1013w, https:\/\/4beauty-website-stage.247grad.de\/wp-content\/uploads\/2026\/08\/2026-01_Haartransplantation-1-300x277.png 300w, https:\/\/4beauty-website-stage.247grad.de\/wp-content\/uploads\/2026\/08\/2026-01_Haartransplantation-1-768x710.png 768w, https:\/\/4beauty-website-stage.247grad.de\/wp-content\/uploads\/2026\/08\/2026-01_Haartransplantation-1-13x12.png 13w, https:\/\/4beauty-website-stage.247grad.de\/wp-content\/uploads\/2026\/08\/2026-01_Haartransplantation-1-40x37.png 40w\" sizes=\"auto, (max-width: 1013px) 100vw, 1013px\" \/><\/figure><div class=\"wp-block-media-text__content\">\n<h2 class=\"wp-block-heading\" id=\"wann-ist-man-geeignet-kriterien-fur-eine-haartransplantation\">Wann ist man geeignet? Kriterien f\u00fcr eine Haartransplantation<\/h2>\n\n<p class=\"wp-block-paragraph\">Nicht jeder Haarausfall l\u00e4sst sich gleich gut behandeln. Eine sorgf\u00e4ltige Vorauswahl sch\u00fctzt vor Entt\u00e4uschungen, unn\u00f6tigen Kosten und gesundheitlichen Risiken.<\/p>\n<\/div><\/div>\n\n\n\n<div class=\"wp-block-group is-style-boxed has-anchor-light-background-color has-background is-layout-constrained wp-block-group-is-layout-constrained\">\n<h2 class=\"wp-block-heading\" id=\"eignungskriterien-im-uberblick\">Eignungskriterien im \u00dcberblick<\/h2>\n\n<ul class=\"wp-block-list\">\n<li><strong>Norwood-Skala<\/strong>: Die g\u00e4ngige Klassifikation m\u00e4nnlichen Haarausfalls. Ideal f\u00fcr eine Transplantation sind Typen II\u2013V, da noch ausreichend Spenderhaare vorhanden sind.<\/li>\n\n\n\n<li><strong>Alter<\/strong>: Optimal ab ca. 25 Jahren, wenn der Haarausfall stabil ist. J\u00fcngere Patienten laufen Gefahr, dass die Haarlinie im Laufe der Jahre weiter zur\u00fcckgeht.<\/li>\n\n\n\n<li><strong>Haarqualit\u00e4t<\/strong>: Dicke, Dichte, Elastizit\u00e4t und Farbe der Spenderhaare bestimmen das \u00e4sthetische Ergebnis. Graues oder d\u00fcnnes Haar liefert oft weniger sichtbare Ergebnisse.<\/li>\n\n\n\n<li><strong>Gesundheitszustand<\/strong>: Keine akuten Infektionen, keine schweren chronischen Erkrankungen, keine Blutgerinnungsst\u00f6rungen.<\/li>\n\n\n\n<li><strong>Haarbudget beachten<\/strong>: Jeder Mensch hat nur eine begrenzte Anzahl von Grafts im Leben. Wer zu viele Grafts fr\u00fch entnimmt oder die Haarlinie zu tief setzt, hat sp\u00e4ter m\u00f6glicherweise keine Reserven f\u00fcr die Tonsur oder Geheimratsecken.<\/li>\n<\/ul>\n<\/div>\n\n\n\n<h3 class=\"wp-block-heading\" id=\"geeignete-kandidaten-fur-haartransplantationen\">Geeignete Kandidaten f\u00fcr Haartransplantationen<\/h3>\n\n\n\n<figure class=\"wp-block-table\"><table class=\"has-fixed-layout\"><thead><tr><th>Kriter<\/th><th>Empfehlung<\/th><\/tr><\/thead><tbody><tr><td>Alter<\/td><td>Ab 25 Jahren, Haarausfall stabil<\/td><\/tr><tr><td>Spenderhaare<\/td><td>Dick, dicht, elastisch<\/td><\/tr><tr><td>Haarausfall-Typ<\/td><td>Norwood II\u2013V<\/td><\/tr><tr><td>Gesundheit<\/td><td>Keine Infektionen oder schwere chronische Erkrankungen<\/td><\/tr><tr><td>Erwartung<\/td><td>Realistisch: optische Dichte 50\u201360 %<\/td><\/tr><tr><td>Haarbudget<\/td><td>Vorausschauende Planung f\u00fcr zuk\u00fcnftige Transplantationen<\/td><\/tr><\/tbody><\/table><\/figure>\n\n\n\n<div class=\"wp-block-group is-style-boxed has-anchor-light-background-color has-background is-layout-constrained wp-block-group-is-layout-constrained\">\n<p class=\"wp-block-paragraph\"><strong>Haarbudget<\/strong><\/p>\n\n<p class=\"wp-block-paragraph\">Eine Transplantation verbraucht Grafts. Wer die Haarlinie zu tief setzt oder zu viele Grafts fr\u00fch entnimmt, hat sp\u00e4ter m\u00f6glicherweise nicht genug Haare f\u00fcr die Tonsur. Eine strategische Planung ist entscheidend.<\/p>\n<\/div>\n\n\n\n<div class=\"wp-block-group is-style-boxed has-anchor-light-background-color has-background is-layout-constrained wp-block-group-is-layout-constrained\">\n<h2 class=\"wp-block-heading\" id=\"methoden-der-haartransplantation-im-vergleich-fue-dhi-und-saphir-fue\">Methoden der Haartransplantation im Vergleich: FUE, DHI und Saphir-FUE<\/h2>\n\n<p class=\"wp-block-paragraph\">Die Wahl der richtigen Methode ist entscheidend f\u00fcr das Ergebnis, die Heilung und die Risiken einer Haartransplantation. Moderne Techniken unterscheiden sich in Invasivit\u00e4t, Pr\u00e4zision, Anwuchsrate und Kosten.<\/p>\n<\/div>\n\n\n\n<h3 class=\"wp-block-heading\" id=\"fue-follicular-unit-extraction\">FUE \u2013 Follicular Unit Extraction<\/h3>\n\n\n\n<p class=\"wp-block-paragraph\">Die FUE-Technik ist der derzeitige Goldstandard in der Haartransplantation. Hierbei werden einzelne Haarfollikel (Grafts) aus dem Spenderbereich entnommen und in die kahlen Stellen verpflanzt.<\/p>\n\n\n\n<figure class=\"wp-block-table\"><table class=\"has-fixed-layout\"><thead><tr><th>Avantajlar<\/th><th>Dezavantajlar \/ Riskler<\/th><\/tr><\/thead><tbody><tr><td><ul><li>Keine lineare Narbe, nur punktf\u00f6rmige Mini-Narben<\/li> <li>Schnelle Heilung und geringe postoperative Schmerzen<\/li> <li>Ambulante Durchf\u00fchrung m\u00f6glich<\/li><\/ul><\/td><td><ul><li>\u00dcberharvesting kann den Spenderbereich schw\u00e4chen (&#8222;Mottenfra\u00df-Effekt&#8220;)<\/li> <li>Shock Loss m\u00f6glich \u2013 tempor\u00e4rer Haarausfall der bestehenden Haare<\/li> <li>Anwuchsrate kann bei unsachgem\u00e4\u00dfer Technik variieren<\/li><\/ul><\/td><\/tr><\/tbody><\/table><\/figure>\n\n\n\n<div class=\"wp-block-buttons is-layout-flex wp-block-buttons-is-layout-flex\">\n<div class=\"wp-block-button\"><a class=\"wp-block-button__link wp-element-button\" href=\"https:\/\/4beauty-website-stage.247grad.de\/tr\/sonraki-masraf-sigortasi\/\">Folgekostenversicherung abschlie\u00dfen<\/a><\/div>\n<\/div>\n\n\n\n<div class=\"wp-block-group is-style-boxed has-anchor-light-background-color has-background is-layout-constrained wp-block-group-is-layout-constrained\">\n<h2 class=\"wp-block-heading\" id=\"fut-follicular-unit-transplantation-streifenmethode\">FUT \u2013 Follicular Unit Transplantation (Streifenmethode)<\/h2>\n\n<p class=\"wp-block-paragraph\">\u015eu durumda <strong>FUT-Methode<\/strong> wird ein <strong>Hautstreifen aus dem Hinterkopf<\/strong> entnommen, aus dem dann Grafts gewonnen werden.<\/p>\n<\/div>\n\n\n\n<figure class=\"wp-block-table\"><table class=\"has-fixed-layout\"><thead><tr><th>Avantajlar<\/th><th>Dezavantajlar \/ Riskler<\/th><\/tr><\/thead><tbody><tr><td><ul><li>Gro\u00dfe Anzahl an Grafts in einer Sitzung m\u00f6glich<\/li> <li>Gleichm\u00e4\u00dfige Graft-Qualit\u00e4t<\/li><\/ul><\/td><td><ul><li>Lineare Narbe im Hinterkopf<\/li> <li>L\u00e4ngere Heilungszeit und Spannungsgef\u00fchl<\/li> <li>Weniger Flexibilit\u00e4t bei kleineren Korrekturen<\/li><\/ul><\/td><\/tr><\/tbody><\/table><\/figure>\n\n\n\n<p class=\"wp-block-paragraph\"><strong>Not:<\/strong> FUT wird heute vor allem bei sehr umfangreichen Transplantationen genutzt. F\u00fcr kleinere Haarlinienkorrekturen ist FUE oder DHI meist besser geeignet.<\/p>\n\n\n\n<h3 class=\"wp-block-heading\" id=\"dhi-direct-hair-implantation\">DHI \u2013 Direct Hair Implantation<\/h3>\n\n\n\n<p class=\"wp-block-paragraph\">DHI ist eine Weiterentwicklung der FUE-Methode. Mit dem <strong>Choi-Pen<\/strong> werden die entnommenen Grafts direkt in die Empfangsstellen implantiert, ohne vorher Kan\u00e4le zu \u00f6ffnen.<\/p>\n\n\n\n<figure class=\"wp-block-table\"><table class=\"has-fixed-layout\"><thead><tr><th>Avantajlar<\/th><th>Dezavantajlar\u0131<\/th><\/tr><\/thead><tbody><tr><td><ul><li>Pr\u00e4zise Platzierung von Haaren (Wuchsrichtung, Winkel, Dichte)<\/li> <li>Sofortige Kontrolle der Haarlinie<\/li> <li>Punktf\u00f6rmige Narben, minimalinvasiv<\/li><\/ul><\/td><td><ul><li>Kostenintensiver als klassische FUE<\/li> <li>L\u00e4ngere Sitzungsdauer<\/li> <li>Technisch anspruchsvoller (erfordert viel Erfahrung)<\/li><\/ul><\/td><\/tr><\/tbody><\/table><\/figure>\n\n\n\n<div class=\"wp-block-group is-style-boxed has-anchor-light-background-color has-background is-layout-constrained wp-block-group-is-layout-constrained\">\n<h2 class=\"wp-block-heading\" id=\"saphir-fue\">Saphir-FUE<\/h2>\n\n<p class=\"wp-block-paragraph\">\u015eu <strong>Saphir-FUE<\/strong> ist eine Variante der FUE, bei der <strong>Saphirklingen<\/strong> zum \u00d6ffnen der Empfangskan\u00e4le verwendet werden.<\/p>\n<\/div>\n\n\n\n<figure class=\"wp-block-table\"><table class=\"has-fixed-layout\"><thead><tr><th>Avantajlar<\/th><th>Dezavantajlar\u0131<\/th><\/tr><\/thead><tbody><tr><td><ul><li>Feiner, pr\u00e4ziser Schnitt \u2192 geringeres Trauma f\u00fcr die Haut<\/li> <li>Schnellere Heilung<\/li> <li>Reduzierte R\u00f6tung und Schwellung<\/li><\/ul><\/td><td><ul><li>Kostenintensiver als klassische FUE<\/li> <li>Vorteile sind vor allem kosmetischer Natur<\/li><\/ul><\/td><\/tr><\/tbody><\/table><\/figure>\n\n\n\n<h3 class=\"wp-block-heading\" id=\"methoden-im-vergleich\">Methoden im Vergleich<\/h3>\n\n\n\n<figure class=\"wp-block-table\"><table class=\"has-fixed-layout\"><thead><tr><th>Y\u00f6ntem<\/th><th>\u0130nvazivlik<\/th><th>Yara izleri<\/th><th>Anwuchs<\/th><th>Kosten (ca.)<\/th><\/tr><\/thead><tbody><tr><td>FUE<\/td><td>Minimal invaziv<\/td><td>Punktf\u00f6rmig<\/td><td>85\u201395 %<\/td><td>3.000\u201310.000 \u20ac<\/td><\/tr><tr><td>FUT<\/td><td>Operativ<\/td><td>Linear<\/td><td>90\u201395 %<\/td><td>3.500\u20138.000 \u20ac<\/td><\/tr><tr><td>DHI<\/td><td>Minimal invaziv<\/td><td>Punktf\u00f6rmig<\/td><td>90\u201395 %<\/td><td>4.000\u201312.000 \u20ac<\/td><\/tr><tr><td>Saphir-FUE<\/td><td>Minimal invaziv<\/td><td>Punktf\u00f6rmig<\/td><td>85\u201395 %<\/td><td>4.000\u201311.000 \u20ac<\/td><\/tr><\/tbody><\/table><\/figure>\n\n\n\n<div class=\"wp-block-group is-style-boxed has-anchor-light-background-color has-background is-layout-constrained wp-block-group-is-layout-constrained\">\n<p class=\"wp-block-paragraph\"><strong>Graft vs. Haar<\/strong><\/p>\n\n<p class=\"wp-block-paragraph\">1 Graft = 1\u20134 Haare. Das bedeutet: F\u00fcr 3.000 Haare werden ca. 1.000\u20131.200 Grafts ben\u00f6tigt.<br> Wichtig f\u00fcr die Planung der Haarlinie und das Haarbudget.<\/p>\n\n<div class=\"wp-block-buttons is-layout-flex wp-block-buttons-is-layout-flex\">\n<div class=\"wp-block-button\"><a class=\"wp-block-button__link wp-element-button\" href=\"https:\/\/4beauty-website-stage.247grad.de\/tr\/sonraki-masraf-sigortasi\/\">Sonras\u0131 Maliyet Sigortas\u0131<\/a><\/div>\n<\/div>\n<\/div>\n\n\n\n<div class=\"wp-block-group is-style-boxed has-anchor-light-background-color has-background is-layout-constrained wp-block-group-is-layout-constrained\">\n<h2 class=\"wp-block-heading\" id=\"der-ablauf-einer-haartransplantation-vom-beratungsgesprach-bis-zum-ersten-haarschnitt\">Der Ablauf einer Haartransplantation: Vom Beratungsgespr\u00e4ch bis zum ersten Haarschnitt<\/h2>\n\n<p class=\"wp-block-paragraph\">Eine Haartransplantation ist ein mehrstufiger Prozess, der sorgf\u00e4ltige Planung, pr\u00e4zise Durchf\u00fchrung und strukturierte Nachsorge erfordert. Wer die Schritte kennt, versteht auch die Risiken und die Notwendigkeit realistischer Erwartungen.<\/p>\n<\/div>\n\n\n\n<div class=\"wp-block-media-text is-stacked-on-mobile\"><figure class=\"wp-block-media-text__media\"><img loading=\"lazy\" decoding=\"async\" width=\"1016\" height=\"932\" src=\"https:\/\/4beauty-website-stage.247grad.de\/wp-content\/uploads\/2026\/08\/2026-01_Haartransplantation-2.png\" alt=\"Haartransplantation Beratung\" class=\"wp-image-879 size-full\" srcset=\"https:\/\/4beauty-website-stage.247grad.de\/wp-content\/uploads\/2026\/08\/2026-01_Haartransplantation-2.png 1016w, https:\/\/4beauty-website-stage.247grad.de\/wp-content\/uploads\/2026\/08\/2026-01_Haartransplantation-2-300x275.png 300w, https:\/\/4beauty-website-stage.247grad.de\/wp-content\/uploads\/2026\/08\/2026-01_Haartransplantation-2-768x705.png 768w, https:\/\/4beauty-website-stage.247grad.de\/wp-content\/uploads\/2026\/08\/2026-01_Haartransplantation-2-13x12.png 13w, https:\/\/4beauty-website-stage.247grad.de\/wp-content\/uploads\/2026\/08\/2026-01_Haartransplantation-2-40x37.png 40w\" sizes=\"auto, (max-width: 1016px) 100vw, 1016px\" \/><\/figure><div class=\"wp-block-media-text__content\">\n<h2 class=\"wp-block-heading\" id=\"beratungsgesprach-analyse-und-planung\">Beratungsgespr\u00e4ch: Analyse und Planung<\/h2>\n\n<p class=\"wp-block-paragraph\">Die Grundlage f\u00fcr ein gutes Ergebnis ist eine individuelle Beratung. Dabei wird Folgendes gepr\u00fcft:<\/p>\n\n<ul class=\"wp-block-list\">\n<li><strong>Haarausfall-Typ<\/strong> (Norwood-Skala)<\/li>\n\n\n\n<li><strong>Spenderbereich<\/strong>: Dichte, Qualit\u00e4t und Elastizit\u00e4t der Haare<\/li>\n\n\n\n<li><strong>Empf\u00e4ngerbereich<\/strong>: Gr\u00f6\u00dfe der kahlen Stellen und gew\u00fcnschte Haarlinie<\/li>\n\n\n\n<li><strong>Gesundheitsstatus<\/strong>: Blutwerte, Vorerkrankungen, Allergien<\/li>\n\n\n\n<li><strong>Erwartungshaltung<\/strong>: Realistische Dichte und \u00e4sthetisches Ergebnis<\/li>\n<\/ul>\n<\/div><\/div>\n\n\n\n<div class=\"wp-block-group is-style-boxed has-anchor-light-background-color has-background is-layout-constrained wp-block-group-is-layout-constrained\">\n<h2 class=\"wp-block-heading\" id=\"fragen-fur-die-beratung\">Fragen f\u00fcr die Beratung<\/h2>\n\n<ul class=\"wp-block-list\">\n<li>Wie viele Grafts sind notwendig?<\/li>\n\n\n\n<li>Welche Methode wird empfohlen (FUE, FUT, DHI, Saphir-FUE)?<\/li>\n\n\n\n<li>Wie hoch sind die Erfolgsaussichten (Anwuchsrate)?<\/li>\n\n\n\n<li>Welche Risiken bestehen kurzfristig und langfristig?<\/li>\n\n\n\n<li>Ist eine Nachbehandlung oder PRP-Therapie vorgesehen?<\/li>\n<\/ul>\n<\/div>\n\n\n\n<h3 class=\"wp-block-heading\" id=\"vorbereitung-vor-der-op\">Vorbereitung vor der OP<\/h3>\n\n\n\n<p class=\"wp-block-paragraph\">Vor dem Eingriff sollten Patienten einige Punkte beachten:<\/p>\n\n\n\n<ul class=\"wp-block-list\">\n<li><strong>Haare waschen<\/strong>: Kein Styling, keine \u00f6lhaltigen Produkte<\/li>\n\n\n\n<li><strong>Medikamente pr\u00fcfen<\/strong>: Blutverd\u00fcnner ggf. absetzen (nur nach \u00e4rztlicher R\u00fccksprache)<\/li>\n\n\n\n<li><strong>Rauchen und Alkohol<\/strong>: Mindestens 1 Woche reduzieren oder meiden<\/li>\n\n\n\n<li><strong>Foto\u011fraf belgelemesi<\/strong>: F\u00fcr Planung und sp\u00e4tere Ergebniskontrolle<\/li>\n<\/ul>\n\n\n\n<div class=\"wp-block-group is-style-boxed has-anchor-light-background-color has-background is-layout-constrained wp-block-group-is-layout-constrained\">\n<h2 class=\"wp-block-heading\" id=\"die-operation\">Die Operation<\/h2>\n\n<p class=\"wp-block-paragraph\"><strong>Je nach Methode<\/strong> kann die Operation mehrere Stunden dauern:<\/p>\n\n<ul class=\"wp-block-list\">\n<li><strong>FUE \/ Saphir-FUE<\/strong>: Einzelentnahme der Grafts aus dem Hinterkopf, punktuelle Implantation<\/li>\n\n\n\n<li><strong>DHI<\/strong>: Direktimplantation mit Choi-Pen ohne vorherige Kan\u00e4le<\/li>\n\n\n\n<li><strong>FUT<\/strong>: Entnahme eines Hautstreifens, Aufbereitung der Grafts und Implantation<\/li>\n<\/ul>\n\n<p class=\"wp-block-paragraph\"><strong>An\u00e4sthesieoptionen:<\/strong><\/p>\n\n<ul class=\"wp-block-list\">\n<li>Lokalan\u00e4sthesie (Standard bei FUE\/DHI)<\/li>\n\n\n\n<li>D\u00e4mmerschlaf (Sedierung) bei Wunsch oder umfangreicher Transplantation<\/li>\n\n\n\n<li>Vollnarkose nur selten notwendig<\/li>\n<\/ul>\n<\/div>\n\n\n\n<div class=\"wp-block-group is-style-boxed has-anchor-light-background-color has-background is-layout-constrained wp-block-group-is-layout-constrained\">\n<p class=\"wp-block-paragraph\"><strong>Dauer der OP<\/strong><\/p>\n\n<ul class=\"wp-block-list\">\n<li>Kleine Korrekturen: 2\u20134 Stunden<\/li>\n\n\n\n<li>Umfangreiche Transplantationen (3.000\u20135.000 Grafts): 6\u20138 Stunden<\/li>\n\n\n\n<li>Pausen f\u00fcr Patient und Arzt w\u00e4hrend der Sitzung \u00fcblich<\/li>\n<\/ul>\n<\/div>\n\n\n\n<h3 class=\"wp-block-heading\" id=\"direkt-nach-dem-eingriff\">Direkt nach dem Eingriff<\/h3>\n\n\n\n<ul class=\"wp-block-list\">\n<li><strong>Spenderbereich<\/strong>: Punktf\u00f6rmige Wunden oder lineare Narbe (bei FUT)<\/li>\n\n\n\n<li><strong>Empf\u00e4ngerbereich<\/strong>: Grafts sitzen in winzigen Kan\u00e4len<\/li>\n\n\n\n<li><strong>Schwellung und R\u00f6tung<\/strong>: Normal in den ersten Tagen<\/li>\n\n\n\n<li><strong>Krustenbildung<\/strong>: Kleine Schorfstellen auf der Kopfhaut<\/li>\n<\/ul>\n\n\n\n<div class=\"wp-block-buttons is-layout-flex wp-block-buttons-is-layout-flex\">\n<div class=\"wp-block-button\"><a class=\"wp-block-button__link wp-element-button\" href=\"https:\/\/4beauty-website-stage.247grad.de\/tr\/sonraki-masraf-sigortasi\/\">Sonras\u0131 Maliyet Sigortas\u0131<\/a><\/div>\n<\/div>\n\n\n\n<div class=\"wp-block-group is-style-boxed has-anchor-light-background-color has-background is-layout-constrained wp-block-group-is-layout-constrained\">\n<h2 class=\"wp-block-heading\" id=\"erste-tipps-fur-die-tage-nach-der-op\">Erste Tipps f\u00fcr die Tage nach der OP<\/h2>\n\n<ul class=\"wp-block-list\">\n<li>Kein direktes Sonnenlicht auf die Kopfhaut<\/li>\n\n\n\n<li>Sanfte K\u00fchlung m\u00f6glich, keine Massage der Grafts<\/li>\n\n\n\n<li>Medikamente und Shampoo nur nach \u00e4rztlicher Anleitung<\/li>\n<\/ul>\n<\/div>\n\n\n\n<h3 class=\"wp-block-heading\" id=\"heilung-und-erster-haarschnitt\">Heilung und erster Haarschnitt<\/h3>\n\n\n\n<ul class=\"wp-block-list\">\n<li><strong>Shedding-Phase<\/strong>: 2\u20134 Wochen nach der OP fallen transplantierte Haare zun\u00e4chst aus \u2013 v\u00f6llig normal<\/li>\n\n\n\n<li><strong>Neuwachstum<\/strong>: Ab ca. 3\u20134 Monaten beginnen neue Haare sichtbar zu wachsen<\/li>\n\n\n\n<li><strong>Erstes Styling \/ Haarschnitt<\/strong>: Nach ca. 6\u201312 Wochen m\u00f6glich, je nach Heilungszustand<\/li>\n\n\n\n<li><strong>Endergebnis<\/strong>: Sichtbar nach 12\u201318 Monaten, volle optische Dichte erreicht<\/li>\n<\/ul>\n\n\n\n<figure class=\"wp-block-table\"><table class=\"has-fixed-layout\"><thead><tr><th>Zeitraum<\/th><th>Ereignis<\/th><\/tr><\/thead><tbody><tr><td>Tag 0<\/td><td>OP, Schmerzmedikation, Erste Hinweise f\u00fcr die Nachsorge<\/td><\/tr><tr><td>Tag 1\u20137<\/td><td>R\u00f6tung, Schwellung, leichte Krustenbildung<\/td><\/tr><tr><td>Woche 2\u20134<\/td><td>Shedding-Phase beginnt (transplantierte Haare fallen aus)<\/td><\/tr><tr><td>Monat 3\u20136<\/td><td>Neuwachstum, erste sichtbare Ergebnisse<\/td><\/tr><tr><td>Monat 6\u201312<\/td><td>Kontinuierliches Wachstum, Styling m\u00f6glich<\/td><\/tr><tr><td>Monat 12\u201318<\/td><td>Endergebnis sichtbar, volle optische Dichte erreicht<\/td><\/tr><\/tbody><\/table><\/figure>\n\n\n\n<h2 class=\"wp-block-heading\" id=\"risiken-nebenwirkungen-einer-haartransplantation\">Risiken &#038; Nebenwirkungen einer Haartransplantation<\/h2>\n\n\n\n<p class=\"wp-block-paragraph\">Auch wenn moderne Methoden wie FUE, DHI oder Saphir-FUE sehr sicher sind, handelt es sich um einen chirurgischen Eingriff. Risiken sollten transparent kommuniziert werden, damit Patienten realistische Erwartungen haben und Komplikationen fr\u00fchzeitig erkennen k\u00f6nnen.<\/p>\n\n\n\n<div class=\"wp-block-buttons is-layout-flex wp-block-buttons-is-layout-flex\">\n<div class=\"wp-block-button\"><a class=\"wp-block-button__link wp-element-button\" href=\"https:\/\/4beauty-website-stage.247grad.de\/tr\/sonraki-masraf-sigortasi\/\">Sonras\u0131 Maliyet Sigortas\u0131<\/a><\/div>\n<\/div>\n\n\n\n<div class=\"wp-block-group is-style-boxed has-anchor-light-background-color has-background is-layout-constrained wp-block-group-is-layout-constrained\">\n<h2 class=\"wp-block-heading\" id=\"kurzfristige-haufig-auftretende-nebenwirkungen\">Kurzfristige, h\u00e4ufig auftretende Nebenwirkungen<\/h2>\n\n<p class=\"wp-block-paragraph\">Nach der Operation treten oft <strong>vor\u00fcbergehende Symptome<\/strong> auf, die als normale Heilungsreaktion gelten:<\/p>\n<\/div>\n\n\n\n<figure class=\"wp-block-table\"><table class=\"has-fixed-layout\"><thead><tr><th>Symptom<\/th><th>Dauer<\/th><th>Hinweise<\/th><\/tr><\/thead><tbody><tr><td>R\u00f6tung der Kopfhaut<\/td><td>3\u201310 Tage<\/td><td>Meist harmlos, kann mit Schonung und sanfter Pflege abklingen<\/td><\/tr><tr><td>Schwellung<\/td><td>2\u20135 Tage<\/td><td>Vor allem Stirn und Augenbereich betroffen, K\u00fchlung kann helfen<\/td><\/tr><tr><td>Krustenbildung<\/td><td>7\u201314 Tage<\/td><td>Nicht abkratzen, sanftes Shampoo nach \u00e4rztlicher Anweisung<\/td><\/tr><tr><td>Juckreiz<\/td><td>1\u20133 Wochen<\/td><td>Leichte K\u00fchlung, keine Kratzbewegungen, sonst Gefahr von Graftverlust<\/td><\/tr><tr><td>Schmerz \/ Spannung<\/td><td>1\u20135 Tage<\/td><td>Schmerzmittel nach \u00e4rztlicher Empfehlung nutzen<\/td><\/tr><\/tbody><\/table><\/figure>\n\n\n\n<div class=\"wp-block-group is-style-boxed has-anchor-light-background-color has-background is-layout-constrained wp-block-group-is-layout-constrained\">\n<p class=\"wp-block-paragraph\"><strong>Shedding-Phase:<\/strong><\/p>\n\n<p class=\"wp-block-paragraph\">In den ersten 2\u20134 Wochen fallen transplantierte Haare vor\u00fcbergehend aus. Das ist ein v\u00f6llig normaler Prozess und kein Zeichen f\u00fcr eine fehlgeschlagene OP.<\/p>\n<\/div>\n\n\n\n<h3 class=\"wp-block-heading\" id=\"langfristige-risiken-und-komplikationen\">Langfristige Risiken und Komplikationen<\/h3>\n\n\n\n<p class=\"wp-block-paragraph\">Einige Risiken sind seltener, aber entscheidend f\u00fcr die <strong>\u00e4sthetische Qualit\u00e4t<\/strong> und das <strong>Langzeitergebnis<\/strong>:<\/p>\n\n\n\n<figure class=\"wp-block-table\"><table class=\"has-fixed-layout\"><thead><tr><th>Risk<\/th><th>A\u00e7\u0131klama<\/th><th>H\u00e4ufigkeit \/ Bemerkungen<\/th><\/tr><\/thead><tbody><tr><td>Shock Loss<\/td><td>Pl\u00f6tzlicher Verlust bestehender Haare im Empf\u00e4ngerbereich<\/td><td>Vor\u00fcbergehend, erholt sich meist in 3\u20136 Monaten<\/td><\/tr><tr><td>Unnat\u00fcrlicher Haaransatz<\/td><td>\u201ePuppenkopf-Ph\u00e4nomen\u201c oder falscher Winkel<\/td><td>H\u00e4ufig bei unerfahrener Planung oder zu geringer Erfahrung<\/td><\/tr><tr><td>\u00dcberharvesting<\/td><td>Entnahme zu vieler Grafts im Spenderbereich<\/td><td>Kann \u201eMottenfra\u00df-Effekt\u201c erzeugen, wichtig f\u00fcr zuk\u00fcnftiges Haarbudget<\/td><\/tr><tr><td>Follikulitis<\/td><td>Entz\u00fcndung der Haarfollikel w\u00e4hrend Heilung<\/td><td>Meist vor\u00fcbergehend, mit Antibiotika behandelbar<\/td><\/tr><tr><td>Yara izi olu\u015fumu<\/td><td>Punktf\u00f6rmig (FUE) oder linear (FUT)<\/td><td>Sichtbarkeit abh\u00e4ngig von Hauttyp, Technik und Heilung<\/td><\/tr><tr><td>Nekrose<\/td><td>Absterben von Gewebe bei zu dichter Setzung<\/td><td>Sehr selten, ernsthafte Komplikation<\/td><\/tr><tr><td>Asymmetrien \/ Dichteprobleme<\/td><td>Ungleichm\u00e4\u00dfiger Haarwuchs<\/td><td>Nachkorrektur m\u00f6glich, oft 6\u201312 Monate nach OP<\/td><\/tr><\/tbody><\/table><\/figure>\n\n\n\n<div class=\"wp-block-buttons is-layout-flex wp-block-buttons-is-layout-flex\">\n<div class=\"wp-block-button\"><a class=\"wp-block-button__link wp-element-button\" href=\"https:\/\/4beauty-website-stage.247grad.de\/tr\/sonraki-masraf-sigortasi\/\">Sonras\u0131 Maliyet Sigortas\u0131<\/a><\/div>\n<\/div>\n\n\n\n<div class=\"wp-block-group is-style-boxed has-anchor-light-background-color has-background is-layout-constrained wp-block-group-is-layout-constrained\">\n<h2 class=\"wp-block-heading\" id=\"faktoren-die-risiken-erhohen\">Faktoren, die Risiken erh\u00f6hen<\/h2>\n\n<ul class=\"wp-block-list\">\n<li>Unerfahrene Chirurgen oder Billig-Kliniken<\/li>\n\n\n\n<li>Zu aggressive Entnahme im Spenderbereich<\/li>\n\n\n\n<li>Unzureichende Nachsorge oder Nichteinhaltung der Verhaltensregeln<\/li>\n\n\n\n<li>Rauchen, Alkohol oder Medikamente, die die Heilung beeintr\u00e4chtigen<\/li>\n<\/ul>\n<\/div>\n\n\n\n<h3 class=\"wp-block-heading\" id=\"risikominimierung\">Risikominimierung<\/h3>\n\n\n\n<p class=\"wp-block-paragraph\">Risiken lassen sich deutlich reduzieren durch:<\/p>\n\n\n\n<ul class=\"wp-block-list\">\n<li>Wahl eines erfahrenen Facharztes f\u00fcr Haartransplantation<\/li>\n\n\n\n<li>Sorgf\u00e4ltige Planung der Haarlinie<\/li>\n\n\n\n<li>Einhaltung aller Nachsorgehinweise<\/li>\n\n\n\n<li>Realistische Erwartungshaltung: max. optische Dichte 50\u201360 %<\/li>\n<\/ul>\n\n\n\n<div class=\"wp-block-buttons is-layout-flex wp-block-buttons-is-layout-flex\">\n<div class=\"wp-block-button\"><a class=\"wp-block-button__link wp-element-button\" href=\"https:\/\/4beauty-website-stage.247grad.de\/tr\/sonraki-masraf-sigortasi\/\">Sonras\u0131 Maliyet Sigortas\u0131<\/a><\/div>\n<\/div>\n\n\n\n<div class=\"wp-block-group is-style-boxed has-anchor-light-background-color has-background is-layout-constrained wp-block-group-is-layout-constrained\">\n<h2 class=\"wp-block-heading\" id=\"psychologische-risiken\">Psychologische Risiken<\/h2>\n\n<p class=\"wp-block-paragraph\">Nicht jede Haartransplantation l\u00f6st psychische Unzufriedenheit. H\u00e4ufige Ursachen:<\/p>\n\n<ul class=\"wp-block-list\">\n<li>Unrealistische Erwartungen (vollst\u00e4ndige Wiederherstellung der urspr\u00fcnglichen Dichte)<\/li>\n\n\n\n<li>Unzufriedenheit mit der Haarlinie oder der Richtung der Haare<\/li>\n\n\n\n<li>Gedulddefizit w\u00e4hrend der Shedding-Phase<\/li>\n<\/ul>\n\n<p class=\"wp-block-paragraph\"><strong>Tipp:<\/strong> Ein ehrliches Gespr\u00e4ch mit dem Arzt vor der OP kann psychische Risiken deutlich senken.<\/p>\n<\/div>\n\n\n\n<h2 class=\"wp-block-heading\" id=\"nachsorge-guide-so-gelingt-die-heilung-nach-der-haartransplantation\">Nachsorge-Guide: So gelingt die Heilung nach der Haartransplantation<\/h2>\n\n\n\n<p class=\"wp-block-paragraph\">Die Nachsorge ist entscheidend f\u00fcr den Erfolg einer Haartransplantation. Auch wenn die OP selbst pr\u00e4zise durchgef\u00fchrt wurde, h\u00e4ngt das Endergebnis stark davon ab, wie die ersten Wochen und Monate nach dem Eingriff gestaltet werden.<\/p>\n\n\n\n<div data-wp-context=\"{ &quot;autoclose&quot;: false, &quot;accordionItems&quot;: [] }\" data-wp-interactive=\"core\/accordion\" role=\"group\" class=\"wp-block-accordion is-layout-flow wp-block-accordion-is-layout-flow\">\n<div data-wp-class--is-open=\"state.isOpen\" data-wp-context=\"{ &quot;id&quot;: &quot;accordion-item-1&quot;, &quot;openByDefault&quot;: false }\" data-wp-init=\"callbacks.initAccordionItems\" data-wp-on-window--hashchange=\"callbacks.hashChange\" class=\"wp-block-accordion-item is-layout-flow wp-block-accordion-item-is-layout-flow\">\n<h3 class=\"wp-block-accordion-heading\"><button aria-expanded=\"false\" aria-controls=\"accordion-item-1-panel\" data-wp-bind--aria-expanded=\"state.isOpen\" data-wp-on--click=\"actions.toggle\" id=\"accordion-item-1\" type=\"button\" class=\"wp-block-accordion-heading__toggle\"><span class=\"wp-block-accordion-heading__toggle-title\">Direkt nach der OP (Tag 0\u20133)<\/span><span class=\"wp-block-accordion-heading__toggle-icon\" aria-hidden=\"true\">+<\/span><\/button><\/h3>\n\n\n\n<div aria-labelledby=\"accordion-item-1\" data-wp-bind--hidden=\"state.isHidden\" data-wp-on--beforematch=\"actions.handleBeforeMatch\" id=\"accordion-item-1-panel\" role=\"region\" class=\"wp-block-accordion-panel is-layout-flow wp-block-accordion-panel-is-layout-flow\">\n<ul class=\"wp-block-list\">\n<li><strong>Schutz der Grafts:<\/strong> Empf\u00e4ngerbereich nicht ber\u00fchren, keine Druckstellen<\/li>\n\n\n\n<li><strong>K\u00fchlung:<\/strong> Leichte K\u00fchlung der Stirn oder Kopfhaut m\u00f6glich, um Schwellung zu reduzieren<\/li>\n\n\n\n<li><strong>\u0130la\u00e7lar:<\/strong> Schmerzmittel und ggf. Antibiotika nach \u00e4rztlicher Vorgabe<\/li>\n\n\n\n<li><strong>Schlafposition:<\/strong> Kopf hochlagern (30\u201345\u00b0), Nackenkissen kann Druck auf die Grafts vermeiden<\/li>\n\n\n\n<li><strong>Haare waschen:<\/strong> Noch nicht erlaubt, nur sanftes Abtupfen, keine Massage<\/li>\n<\/ul>\n\n<p class=\"wp-block-paragraph\"><strong>Erste Tipps f\u00fcr Tag 0\u20133<\/strong><\/p>\n\n<ul class=\"wp-block-list\">\n<li>Kein Alkohol oder Rauchen<\/li>\n\n\n\n<li>Kein Sport oder k\u00f6rperliche Anstrengung<\/li>\n\n\n\n<li>Sonnenlicht vermeiden<\/li>\n<\/ul>\n<\/div>\n<\/div>\n\n\n\n<div data-wp-class--is-open=\"state.isOpen\" data-wp-context=\"{ &quot;id&quot;: &quot;accordion-item-2&quot;, &quot;openByDefault&quot;: false }\" data-wp-init=\"callbacks.initAccordionItems\" data-wp-on-window--hashchange=\"callbacks.hashChange\" class=\"wp-block-accordion-item is-layout-flow wp-block-accordion-item-is-layout-flow\">\n<h3 class=\"wp-block-accordion-heading\"><button aria-expanded=\"false\" aria-controls=\"accordion-item-2-panel\" data-wp-bind--aria-expanded=\"state.isOpen\" data-wp-on--click=\"actions.toggle\" id=\"accordion-item-2\" type=\"button\" class=\"wp-block-accordion-heading__toggle\"><span class=\"wp-block-accordion-heading__toggle-title\">Erste Woche (Tag 4\u20137)<\/span><span class=\"wp-block-accordion-heading__toggle-icon\" aria-hidden=\"true\">+<\/span><\/button><\/h3>\n\n\n\n<div aria-labelledby=\"accordion-item-2\" data-wp-bind--hidden=\"state.isHidden\" data-wp-on--beforematch=\"actions.handleBeforeMatch\" id=\"accordion-item-2-panel\" role=\"region\" class=\"wp-block-accordion-panel is-layout-flow wp-block-accordion-panel-is-layout-flow\">\n<ul class=\"wp-block-list\">\n<li><strong>Krustenbildung:<\/strong> Kleine Krusten l\u00f6sen sich meist von selbst, nicht abkratzen<\/li>\n\n\n\n<li><strong>Leichte Haarw\u00e4sche:<\/strong> Mit speziellem, mildem Shampoo nach Anweisung des Arztes<\/li>\n\n\n\n<li><strong>Schwellung &#038; R\u00f6tung:<\/strong> Normal, kann durch K\u00fchlung oder Kortison-Salben reduziert werden<\/li>\n\n\n\n<li><strong>Kontrolle:<\/strong> Arzttermin zur ersten \u00dcberpr\u00fcfung der Grafts<\/li>\n<\/ul>\n<\/div>\n<\/div>\n\n\n\n<div data-wp-class--is-open=\"state.isOpen\" data-wp-context=\"{ &quot;id&quot;: &quot;accordion-item-3&quot;, &quot;openByDefault&quot;: false }\" data-wp-init=\"callbacks.initAccordionItems\" data-wp-on-window--hashchange=\"callbacks.hashChange\" class=\"wp-block-accordion-item is-layout-flow wp-block-accordion-item-is-layout-flow\">\n<h3 class=\"wp-block-accordion-heading\"><button aria-expanded=\"false\" aria-controls=\"accordion-item-3-panel\" data-wp-bind--aria-expanded=\"state.isOpen\" data-wp-on--click=\"actions.toggle\" id=\"accordion-item-3\" type=\"button\" class=\"wp-block-accordion-heading__toggle\"><span class=\"wp-block-accordion-heading__toggle-title\">Wochen 2\u20134<\/span><span class=\"wp-block-accordion-heading__toggle-icon\" aria-hidden=\"true\">+<\/span><\/button><\/h3>\n\n\n\n<div aria-labelledby=\"accordion-item-3\" data-wp-bind--hidden=\"state.isHidden\" data-wp-on--beforematch=\"actions.handleBeforeMatch\" id=\"accordion-item-3-panel\" role=\"region\" class=\"wp-block-accordion-panel is-layout-flow wp-block-accordion-panel-is-layout-flow\">\n<ul class=\"wp-block-list\">\n<li><strong>Shedding-Phase:<\/strong> Transplantierte Haare fallen vor\u00fcbergehend aus \u2013 v\u00f6llig normal<\/li>\n\n\n\n<li><strong>Hautpflege:<\/strong> Keine aggressive Kopfhautbehandlung, kein Kratzen<\/li>\n\n\n\n<li><strong>Kopfbedeckung:<\/strong> Lockeres Tragen m\u00f6glich, kein Druck auf Grafts<\/li>\n\n\n\n<li><strong>Sport:<\/strong> Leichte Aktivit\u00e4ten m\u00f6glich, kein Kontakt- oder Kraftsport<\/li>\n<\/ul>\n<\/div>\n<\/div>\n\n\n\n<div data-wp-class--is-open=\"state.isOpen\" data-wp-context=\"{ &quot;id&quot;: &quot;accordion-item-4&quot;, &quot;openByDefault&quot;: false }\" data-wp-init=\"callbacks.initAccordionItems\" data-wp-on-window--hashchange=\"callbacks.hashChange\" class=\"wp-block-accordion-item is-layout-flow wp-block-accordion-item-is-layout-flow\">\n<h3 class=\"wp-block-accordion-heading\"><button aria-expanded=\"false\" aria-controls=\"accordion-item-4-panel\" data-wp-bind--aria-expanded=\"state.isOpen\" data-wp-on--click=\"actions.toggle\" id=\"accordion-item-4\" type=\"button\" class=\"wp-block-accordion-heading__toggle\"><span class=\"wp-block-accordion-heading__toggle-title\">Monate 1\u20133<\/span><span class=\"wp-block-accordion-heading__toggle-icon\" aria-hidden=\"true\">+<\/span><\/button><\/h3>\n\n\n\n<div aria-labelledby=\"accordion-item-4\" data-wp-bind--hidden=\"state.isHidden\" data-wp-on--beforematch=\"actions.handleBeforeMatch\" id=\"accordion-item-4-panel\" role=\"region\" class=\"wp-block-accordion-panel is-layout-flow wp-block-accordion-panel-is-layout-flow\">\n<ul class=\"wp-block-list\">\n<li><strong>Neues Haarwachstum:<\/strong> Erste feine Haare beginnen zu sprie\u00dfen<\/li>\n\n\n\n<li><strong>Medikament\u00f6se Begleitung:<\/strong> Finasterid oder Minoxidil k\u00f6nnen den Haarausfall der alten Haare verlangsamen<\/li>\n\n\n\n<li><strong>PRP-Therapie:<\/strong> Optional zur Unterst\u00fctzung des Anwachsens<\/li>\n\n\n\n<li><strong>Styling:<\/strong> Vorsichtiges Schneiden m\u00f6glich, keine aggressive Behandlung<\/li>\n<\/ul>\n<\/div>\n<\/div>\n\n\n\n<div data-wp-class--is-open=\"state.isOpen\" data-wp-context=\"{ &quot;id&quot;: &quot;accordion-item-5&quot;, &quot;openByDefault&quot;: false }\" data-wp-init=\"callbacks.initAccordionItems\" data-wp-on-window--hashchange=\"callbacks.hashChange\" class=\"wp-block-accordion-item is-layout-flow wp-block-accordion-item-is-layout-flow\">\n<h3 class=\"wp-block-accordion-heading\"><button aria-expanded=\"false\" aria-controls=\"accordion-item-5-panel\" data-wp-bind--aria-expanded=\"state.isOpen\" data-wp-on--click=\"actions.toggle\" id=\"accordion-item-5\" type=\"button\" class=\"wp-block-accordion-heading__toggle\"><span class=\"wp-block-accordion-heading__toggle-title\">Monate 3\u201312<\/span><span class=\"wp-block-accordion-heading__toggle-icon\" aria-hidden=\"true\">+<\/span><\/button><\/h3>\n\n\n\n<div aria-labelledby=\"accordion-item-5\" data-wp-bind--hidden=\"state.isHidden\" data-wp-on--beforematch=\"actions.handleBeforeMatch\" id=\"accordion-item-5-panel\" role=\"region\" class=\"wp-block-accordion-panel is-layout-flow wp-block-accordion-panel-is-layout-flow\">\n<ul class=\"wp-block-list\">\n<li><strong>Kontinuierliches Wachstum:<\/strong> Haare werden dichter, Struktur verbessert sich<\/li>\n\n\n\n<li><strong>Endergebnis:<\/strong> Ab ca. 12 Monaten sichtbar, maximale Dichte oft erst nach 12\u201318 Monaten<\/li>\n\n\n\n<li><strong>Nachkorrekturen:<\/strong> Bei Bedarf kleine Anpassungen m\u00f6glich, z. B. Verdichtung der Geheimratsecken<\/li>\n<\/ul>\n<\/div>\n<\/div>\n<\/div>\n\n\n\n<figure class=\"wp-block-table\"><table class=\"has-fixed-layout\"><thead><tr><th>Zeitraum<\/th><th>Wichtige Schritte<\/th><\/tr><\/thead><tbody><tr><td>Tag 0\u20133<\/td><td>OP, K\u00fchlung, Schlaf hochgelagert, Schmerzmedikation<\/td><\/tr><tr><td>4.\u20137. G\u00fcn<\/td><td>Erste leichte Haarw\u00e4sche, Krustenbildung, Arztkontrolle<\/td><\/tr><tr><td>Woche 2\u20134<\/td><td>Shedding-Phase, sanfte Pflege, leichte Aktivit\u00e4ten<\/td><\/tr><tr><td>Monat 1\u20133<\/td><td>Erstes Neuwachstum, PRP\/Medikamente m\u00f6glich<\/td><\/tr><tr><td>Monat 3\u20136<\/td><td>Kontinuierliches Haarwachstum, Styling m\u00f6glich<\/td><\/tr><tr><td>Monat 6\u201312<\/td><td>Deutliche Dichte, Endergebnis sichtbar<\/td><\/tr><tr><td>Monat 12\u201318<\/td><td>Finale Dichte erreicht, optionale Nachkorrektur<\/td><\/tr><\/tbody><\/table><\/figure>\n\n\n\n<h3 class=\"wp-block-heading\" id=\"dos-don-ts-nach-der-haartransplantation\">Dos &#038; Don&#8217;ts nach der Haartransplantation<\/h3>\n\n\n\n<figure class=\"wp-block-table\"><table class=\"has-fixed-layout\"><thead><tr><th>Dos (Empfehlungen)<\/th><th>Don&#8217;ts (Zu vermeiden)<\/th><\/tr><\/thead><tbody><tr><td><ul><li>Sanfte Haarpflege mit mildem Shampoo<\/li> <li>Kopf hochlagern beim Schlafen<\/li> <li>Ausreichend Fl\u00fcssigkeit und gesunde Ern\u00e4hrung<\/li> <li>Medikamente und \u00e4rztliche Anweisungen befolgen<\/li><\/ul><\/td><td><ul><li>Keine direkte Sonneneinstrahlung oder Solarium<\/li> <li>Kein Kratzen oder Abziehen von Krusten<\/li> <li>Kein schwerer Sport oder Kopfdruck in den ersten Wochen<\/li> <li>Keine Haarf\u00e4rbung oder chemische Behandlung (mind. 3 Monate)<\/li><\/ul><\/td><\/tr><\/tbody><\/table><\/figure>\n\n\n\n<div class=\"wp-block-group is-style-boxed has-anchor-light-background-color has-background is-layout-constrained wp-block-group-is-layout-constrained\">\n<h2 class=\"wp-block-heading\" id=\"kosten-einer-haartransplantation-preisfaktoren\">Kosten einer Haartransplantation &#038; Preisfaktoren<\/h2>\n\n<p class=\"wp-block-paragraph\">Die Kosten f\u00fcr eine Haartransplantation variieren stark \u2013 abh\u00e4ngig von Methode, Anzahl der Grafts, Erfahrung des Arztes und Standort der Klinik. Eine transparente Darstellung hilft Patienten, realistische Entscheidungen zu treffen.<\/p>\n<\/div>\n\n\n\n<h3 class=\"wp-block-heading\" id=\"kosten-in-deutschland\">Kosten in Deutschland<\/h3>\n\n\n\n<p class=\"wp-block-paragraph\">In Deutschland liegen die Preise in der Regel zwischen <strong>3.000 \u20ac und 12.000 \u20ac<\/strong>, abh\u00e4ngig von folgenden Faktoren:<\/p>\n\n\n\n<ul class=\"wp-block-list\">\n<li><strong>Methode:<\/strong> FUE, DHI oder Saphir-FUE beeinflussen den Preis. DHI ist meist teurer, da pr\u00e4zisere Implantation und l\u00e4ngere OP-Dauer.<\/li>\n\n\n\n<li><strong>Anzahl der Grafts:<\/strong> Pro Graft werden ca. <strong>2\u20134 \u20ac<\/strong> berechnet. Umfangreiche Transplantationen mit 3.000\u20135.000 Grafts erh\u00f6hen die Kosten entsprechend.<\/li>\n\n\n\n<li><strong>Arzterfahrung:<\/strong> Spezialisten mit langj\u00e4hriger Erfahrung verlangen h\u00f6here Honorare.<\/li>\n\n\n\n<li><strong>Klinik &#038; Ausstattung:<\/strong> Modern ausgestattete Kliniken mit Komfortleistungen kosten mehr.<\/li>\n<\/ul>\n\n\n\n<div class=\"wp-block-buttons is-layout-flex wp-block-buttons-is-layout-flex\">\n<div class=\"wp-block-button\"><a class=\"wp-block-button__link wp-element-button\" href=\"https:\/\/4beauty-website-stage.247grad.de\/tr\/sonraki-masraf-sigortasi\/\">Sonras\u0131 Maliyet Sigortas\u0131<\/a><\/div>\n<\/div>\n\n\n\n<h2 class=\"wp-block-heading\" id=\"kostenubersicht-deutschland\">Kosten\u00fcbersicht Deutschland<\/h2>\n\n\n\n<figure class=\"wp-block-table\"><table class=\"has-fixed-layout\"><thead><tr><th>Y\u00f6ntem<\/th><th>Preis pro Graft<\/th><th>Schnitt (3.000 Grafts)<\/th><th>Besonderheiten<\/th><\/tr><\/thead><tbody><tr><td>FUE<\/td><td>2\u20133 \u20ac<\/td><td>6.000\u20139.000 \u20ac<\/td><td>Punktf\u00f6rmige Entnahme, ambulant<\/td><\/tr><tr><td>FUT<\/td><td>1,5\u20132,5 \u20ac<\/td><td>5.000\u20138.000 \u20ac<\/td><td>Lineare Narbe, gro\u00dfe Anzahl Grafts<\/td><\/tr><tr><td>DHI<\/td><td>3\u20134 \u20ac<\/td><td>9.000\u201312.000 \u20ac<\/td><td>Pr\u00e4zise Platzierung, teurer<\/td><\/tr><tr><td>Saphir-FUE<\/td><td>3\u20134 \u20ac<\/td><td>9.000\u201311.000 \u20ac<\/td><td>Schnelleres Heilen, feine Kan\u00e4le<\/td><\/tr><\/tbody><\/table><\/figure>\n\n\n\n<h3 class=\"wp-block-heading\" id=\"kosten-im-ausland-z-b-turkei\">Kosten im Ausland (z. B. T\u00fcrkei)<\/h3>\n\n\n\n<p class=\"wp-block-paragraph\">Viele Patienten entscheiden sich f\u00fcr eine Haartransplantation im Ausland, vor allem in der T\u00fcrkei, wegen der g\u00fcnstigeren Preise:<\/p>\n\n\n\n<ul class=\"wp-block-list\">\n<li><strong>Preisniveau:<\/strong> 1.500\u20135.000 \u20ac f\u00fcr 3.000 Grafts<\/li>\n\n\n\n<li><strong>Enthaltene Leistungen:<\/strong> OP, Unterkunft, Transfer, teilweise PRP-Behandlung<\/li>\n\n\n\n<li><strong>\u00d6nemli uyar\u0131:<\/strong> Bei Komplikationen ist die Nachsorge in Deutschland oft schwieriger und zus\u00e4tzliche Kosten entstehen.<\/li>\n<\/ul>\n\n\n\n<h2 class=\"wp-block-heading\" id=\"vergleich-deutschland-vs-ausland\">Vergleich Deutschland vs. Ausland<\/h2>\n\n\n\n<figure class=\"wp-block-table\"><table class=\"has-fixed-layout\"><thead><tr><th>Faktor<\/th><th>Almanya<\/th><th>Ausland (T\u00fcrkei)<\/th><\/tr><\/thead><tbody><tr><td>Kosten 3.000 Grafts<\/td><td>6.000\u201312.000 \u20ac<\/td><td>1.500\u20135.000 \u20ac<\/td><\/tr><tr><td>Arztqualifikation<\/td><td>Facharzt f\u00fcr Plastische\/\u00c4sthetische Chirurgie oder Dermatologie<\/td><td>Variiert stark, Zertifikate pr\u00fcfen<\/td><\/tr><tr><td>Takip bak\u0131m\u0131<\/td><td>Direkt beim behandelnden Arzt<\/td><td>Meist nur kurze Kontrolle, Nachsorge in Deutschland ggf. extra<\/td><\/tr><tr><td>Reise &#038; Unterkunft<\/td><td>Separat<\/td><td>Oft im Paket enthalten<\/td><\/tr><tr><td>Qualit\u00e4t \/ Risiko<\/td><td>H\u00f6chste Standards, deutsche Hygienevorschriften<\/td><td>Variiert, kritisch pr\u00fcfen<\/td><\/tr><\/tbody><\/table><\/figure>\n\n\n\n<div class=\"wp-block-media-text is-stacked-on-mobile\"><figure class=\"wp-block-media-text__media\"><img loading=\"lazy\" decoding=\"async\" width=\"1018\" height=\"929\" src=\"https:\/\/4beauty-website-stage.247grad.de\/wp-content\/uploads\/2026\/08\/2026-01_Haartransplantation-3.png\" alt=\"Haartransplantation Ergebnisse\" class=\"wp-image-880 size-full\" srcset=\"https:\/\/4beauty-website-stage.247grad.de\/wp-content\/uploads\/2026\/08\/2026-01_Haartransplantation-3.png 1018w, https:\/\/4beauty-website-stage.247grad.de\/wp-content\/uploads\/2026\/08\/2026-01_Haartransplantation-3-300x274.png 300w, https:\/\/4beauty-website-stage.247grad.de\/wp-content\/uploads\/2026\/08\/2026-01_Haartransplantation-3-768x701.png 768w, https:\/\/4beauty-website-stage.247grad.de\/wp-content\/uploads\/2026\/08\/2026-01_Haartransplantation-3-13x12.png 13w, https:\/\/4beauty-website-stage.247grad.de\/wp-content\/uploads\/2026\/08\/2026-01_Haartransplantation-3-40x37.png 40w\" sizes=\"auto, (max-width: 1018px) 100vw, 1018px\" \/><\/figure><div class=\"wp-block-media-text__content\">\n<h2 class=\"wp-block-heading\" id=\"weitere-preisfaktoren\">Weitere Preisfaktoren<\/h2>\n\n<ul class=\"wp-block-list\">\n<li><strong>Medikament\u00f6se Begleitung:<\/strong> Minoxidil oder Finasterid k\u00f6nnen zus\u00e4tzliche Kosten verursachen<\/li>\n\n\n\n<li><strong>PRP-Therapie:<\/strong> Optional zur Unterst\u00fctzung des Anwachsens, 300\u2013500 \u20ac pro Sitzung<\/li>\n\n\n\n<li><strong>Nachkorrekturen:<\/strong> Kleine Anpassungen 1\u20133 Jahre nach der OP, je nach Bedarf<\/li>\n<\/ul>\n<\/div><\/div>\n\n\n\n<div class=\"wp-block-group is-style-boxed has-anchor-light-background-color has-background is-layout-constrained wp-block-group-is-layout-constrained\">\n<p class=\"wp-block-paragraph\"><strong>Realistische Kostenplanung<\/strong><\/p>\n\n<p class=\"wp-block-paragraph\">Bei einer Haartransplantation sollte man immer das Gesamtpaket betrachten: OP, Medikamente, Nachsorge und ggf. PRP-Therapie. <strong>Billig-Angebote<\/strong> k\u00f6nnen auf lange Sicht <strong>teurer werden<\/strong>, wenn Nachkorrekturen notwendig sind.<\/p>\n<\/div>\n\n\n\n<h2 class=\"wp-block-heading\" id=\"checkliste-so-finden-sie-den-richtigen-arzt-fur-ihre-haartransplantation\">Checkliste: So finden Sie den richtigen Arzt f\u00fcr Ihre Haartransplantation<\/h2>\n\n\n\n<p class=\"wp-block-paragraph\">Die Wahl des richtigen Arztes ist entscheidend f\u00fcr ein sicheres und \u00e4sthetisches Ergebnis. Diese Checkliste hilft Ihnen, seri\u00f6se Fach\u00e4rzte von weniger erfahrenen Anbietern zu unterscheiden:<\/p>\n\n\n\n<figure class=\"wp-block-table\"><table class=\"has-fixed-layout\"><thead><tr><th>Y\u00f6n<\/th><th>Merkmale &#038; Qualit\u00e4tssicherung<\/th><\/tr><\/thead><tbody><tr><td>Qualifikation &#038; Erfahrung<\/td><td><ul><li>Facharzt f\u00fcr Plastische und \u00c4sthetische Chirurgie oder Dermatologie<\/li> <li>Nachweisbare Erfahrung (mindestens 5\u201310 Jahre empfohlen)<\/li> <li>Echte Vorher-nachher-Fotos (keine Stockfotos oder Bearbeitungen)<\/li><\/ul><\/td><\/tr><tr><td>Methode &#038; Technik<\/td><td><ul><li>Beherrschung aller Techniken: FUE, DHI, FUT, Saphir-FUE<\/li> <li>Ehrliche Beratung zu Vor- und Nachteilen (kein reines Marketing)<\/li> <li>Transparente Planung der Graft-Anzahl und Haarlinie<\/li><\/ul><\/td><\/tr><tr><td>Risiken &#038; Nachsorge<\/td><td><ul><li>Klare Aufkl\u00e4rung \u00fcber kurz- und langfristige Risiken<\/li> <li>Individueller Nachsorgeplan mit verbindlicher Timeline<\/li> <li>Verbindlichkeit bei Komplikationen oder Nachkorrekturen<\/li><\/ul><\/td><\/tr><tr><td>Transparente Kosten<\/td><td><ul><li>Detaillierte Aufschl\u00fcsselung (OP, Grafts, Medikamente)<\/li> <li>Ausschluss von versteckten Zusatzkosten<\/li> <li>Hinweis auf Haftung bei Auslands-Behandlungen<\/li><\/ul><\/td><\/tr><tr><td>Bewertungen &#038; Reputation<\/td><td><ul><li>Echte Berichte auf unabh\u00e4ngigen Portalen<\/li> <li>Keine Heilversprechen (z. B. \u201e100 % Dichte\u201c)<\/li> <li>Mitgliedschaften in Fachgesellschaften (z. B. ISHRS)<\/li><\/ul><\/td><\/tr><\/tbody><\/table><\/figure>\n\n\n\n<div class=\"wp-block-group is-style-boxed has-anchor-light-background-color has-background is-layout-constrained wp-block-group-is-layout-constrained\">\n<h2 class=\"wp-block-heading\" id=\"folgekostenversicherung-mit-gutem-gefuhl-in-die-haartransplantation\">Folgekostenversicherung: Mit gutem Gef\u00fchl in die Haartransplantation<\/h2>\n\n<p class=\"wp-block-paragraph\">Eine Haartransplantation kann das Selbstbewusstsein deutlich steigern, birgt jedoch medizinische Risiken und finanzielle Belastungen, insbesondere wenn Nachkorrekturen notwendig werden.<\/p>\n\n<p class=\"wp-block-paragraph\">Bei 4beauty bieten wir Ihnen eine ma\u00dfgeschneiderte <a href=\"https:\/\/4beauty-website-stage.247grad.de\/tr\/sonraki-masraf-sigortasi\/\">Sonras\u0131 Maliyet Sigortas\u0131<\/a> f\u00fcr kosmetische Eingriffe an. Diese deckt unter anderem Nachbehandlungen, Komplikationen und medizinische Zusatzkosten, sodass Sie sich voll auf den Heilungsprozess konzentrieren k\u00f6nnen \u2013 ohne unangenehme \u00dcberraschungen.<\/p>\n\n<ul class=\"wp-block-list\">\n<li>Absicherung f\u00fcr den Ernstfall<\/li>\n\n\n\n<li>Schutz vor hohen Zusatzkosten<\/li>\n\n\n\n<li>Mehr Planungssicherheit f\u00fcr Sie<\/li>\n\n\n\n<li>Mit ruhigem Gef\u00fchl in die OP<\/li>\n<\/ul>\n\n<p class=\"wp-block-paragraph\">Eine Folgekostenversicherung ersetzt keine sorgf\u00e4ltige \u00dcberpr\u00fcfung Ihrer Wunschklinik, gibt Ihnen jedoch ein sichereres Gef\u00fchl und die Gewissheit, dass Sie nicht auf unerwarteten Kosten sitzen bleiben.<\/p>\n\n<div class=\"wp-block-buttons is-layout-flex wp-block-buttons-is-layout-flex\">\n<div class=\"wp-block-button\"><a class=\"wp-block-button__link wp-element-button\" href=\"https:\/\/4beauty-website-stage.247grad.de\/tr\/sonraki-masraf-sigortasi\/\">Sonras\u0131 Maliyet Sigortas\u0131<\/a><\/div>\n<\/div>\n<\/div>\n\n\n\n<h2 class=\"wp-block-heading\" id=\"haufige-fragen-zur-haartransplantation-faq\">H\u00e4ufige Fragen zur Haartransplantation (FAQ)<\/h2>\n\n\n\n<div data-wp-context=\"{ &quot;autoclose&quot;: false, &quot;accordionItems&quot;: [] }\" data-wp-interactive=\"core\/accordion\" role=\"group\" class=\"wp-block-accordion is-layout-flow wp-block-accordion-is-layout-flow\">\n<div data-wp-class--is-open=\"state.isOpen\" data-wp-context=\"{ &quot;id&quot;: &quot;accordion-item-6&quot;, &quot;openByDefault&quot;: false }\" data-wp-init=\"callbacks.initAccordionItems\" data-wp-on-window--hashchange=\"callbacks.hashChange\" class=\"wp-block-accordion-item is-layout-flow wp-block-accordion-item-is-layout-flow\">\n<h3 class=\"wp-block-accordion-heading\"><button aria-expanded=\"false\" aria-controls=\"accordion-item-6-panel\" data-wp-bind--aria-expanded=\"state.isOpen\" data-wp-on--click=\"actions.toggle\" id=\"accordion-item-6\" type=\"button\" class=\"wp-block-accordion-heading__toggle\"><span class=\"wp-block-accordion-heading__toggle-title\">Wie schmerzhaft ist die Haartransplantation?<\/span><span class=\"wp-block-accordion-heading__toggle-icon\" aria-hidden=\"true\">+<\/span><\/button><\/h3>\n\n\n\n<div aria-labelledby=\"accordion-item-6\" data-wp-bind--hidden=\"state.isHidden\" data-wp-on--beforematch=\"actions.handleBeforeMatch\" id=\"accordion-item-6-panel\" role=\"region\" class=\"wp-block-accordion-panel is-layout-flow wp-block-accordion-panel-is-layout-flow\">\n<p class=\"wp-block-paragraph\">Dank Lokalan\u00e4sthesie sind Schmerzen w\u00e4hrend der OP minimal. Postoperativ k\u00f6nnen leichte Spannungsgef\u00fchle und R\u00f6tungen auftreten, die gut mit Schmerzmitteln kontrollierbar sind.<\/p>\n<\/div>\n<\/div>\n\n\n\n<div data-wp-class--is-open=\"state.isOpen\" data-wp-context=\"{ &quot;id&quot;: &quot;accordion-item-7&quot;, &quot;openByDefault&quot;: false }\" data-wp-init=\"callbacks.initAccordionItems\" data-wp-on-window--hashchange=\"callbacks.hashChange\" class=\"wp-block-accordion-item is-layout-flow wp-block-accordion-item-is-layout-flow\">\n<h3 class=\"wp-block-accordion-heading\"><button aria-expanded=\"false\" aria-controls=\"accordion-item-7-panel\" data-wp-bind--aria-expanded=\"state.isOpen\" data-wp-on--click=\"actions.toggle\" id=\"accordion-item-7\" type=\"button\" class=\"wp-block-accordion-heading__toggle\"><span class=\"wp-block-accordion-heading__toggle-title\">Wann ist das Endergebnis sichtbar?<\/span><span class=\"wp-block-accordion-heading__toggle-icon\" aria-hidden=\"true\">+<\/span><\/button><\/h3>\n\n\n\n<div aria-labelledby=\"accordion-item-7\" data-wp-bind--hidden=\"state.isHidden\" data-wp-on--beforematch=\"actions.handleBeforeMatch\" id=\"accordion-item-7-panel\" role=\"region\" class=\"wp-block-accordion-panel is-layout-flow wp-block-accordion-panel-is-layout-flow\">\n<p class=\"wp-block-paragraph\">Erste Haare wachsen nach <strong>3\u20134 Monaten<\/strong>, das endg\u00fcltige Ergebnis zeigt sich meist nach <strong>12\u201318 Monaten<\/strong>.<\/p>\n<\/div>\n<\/div>\n\n\n\n<div data-wp-class--is-open=\"state.isOpen\" data-wp-context=\"{ &quot;id&quot;: &quot;accordion-item-8&quot;, &quot;openByDefault&quot;: false }\" data-wp-init=\"callbacks.initAccordionItems\" data-wp-on-window--hashchange=\"callbacks.hashChange\" class=\"wp-block-accordion-item is-layout-flow wp-block-accordion-item-is-layout-flow\">\n<h3 class=\"wp-block-accordion-heading\"><button aria-expanded=\"false\" aria-controls=\"accordion-item-8-panel\" data-wp-bind--aria-expanded=\"state.isOpen\" data-wp-on--click=\"actions.toggle\" id=\"accordion-item-8\" type=\"button\" class=\"wp-block-accordion-heading__toggle\"><span class=\"wp-block-accordion-heading__toggle-title\">F\u00e4llt das transplantierte Haar wieder aus?<\/span><span class=\"wp-block-accordion-heading__toggle-icon\" aria-hidden=\"true\">+<\/span><\/button><\/h3>\n\n\n\n<div aria-labelledby=\"accordion-item-8\" data-wp-bind--hidden=\"state.isHidden\" data-wp-on--beforematch=\"actions.handleBeforeMatch\" id=\"accordion-item-8-panel\" role=\"region\" class=\"wp-block-accordion-panel is-layout-flow wp-block-accordion-panel-is-layout-flow\">\n<p class=\"wp-block-paragraph\">Ja, in den ersten 2\u20134 Wochen kommt es zur Shedding-Phase, bei der transplantierte Haare vor\u00fcbergehend ausfallen. Dies ist normal.<\/p>\n<\/div>\n<\/div>\n\n\n\n<div data-wp-class--is-open=\"state.isOpen\" data-wp-context=\"{ &quot;id&quot;: &quot;accordion-item-9&quot;, &quot;openByDefault&quot;: false }\" data-wp-init=\"callbacks.initAccordionItems\" data-wp-on-window--hashchange=\"callbacks.hashChange\" class=\"wp-block-accordion-item is-layout-flow wp-block-accordion-item-is-layout-flow\">\n<h3 class=\"wp-block-accordion-heading\"><button aria-expanded=\"false\" aria-controls=\"accordion-item-9-panel\" data-wp-bind--aria-expanded=\"state.isOpen\" data-wp-on--click=\"actions.toggle\" id=\"accordion-item-9\" type=\"button\" class=\"wp-block-accordion-heading__toggle\"><span class=\"wp-block-accordion-heading__toggle-title\">\u0130yile\u015fme s\u00fcreci ne kadar s\u00fcrer?<\/span><span class=\"wp-block-accordion-heading__toggle-icon\" aria-hidden=\"true\">+<\/span><\/button><\/h3>\n\n\n\n<div aria-labelledby=\"accordion-item-9\" data-wp-bind--hidden=\"state.isHidden\" data-wp-on--beforematch=\"actions.handleBeforeMatch\" id=\"accordion-item-9-panel\" role=\"region\" class=\"wp-block-accordion-panel is-layout-flow wp-block-accordion-panel-is-layout-flow\">\n<ul class=\"wp-block-list\">\n<li>Kurzfristige Heilung: 7\u201314 Tage (R\u00f6tung, Krusten, leichte Schwellung)<\/li>\n\n\n\n<li>Volle optische Dichte: 12\u201318 Monate<\/li>\n<\/ul>\n<\/div>\n<\/div>\n\n\n\n<div data-wp-class--is-open=\"state.isOpen\" data-wp-context=\"{ &quot;id&quot;: &quot;accordion-item-10&quot;, &quot;openByDefault&quot;: false }\" data-wp-init=\"callbacks.initAccordionItems\" data-wp-on-window--hashchange=\"callbacks.hashChange\" class=\"wp-block-accordion-item is-layout-flow wp-block-accordion-item-is-layout-flow\">\n<h3 class=\"wp-block-accordion-heading\"><button aria-expanded=\"false\" aria-controls=\"accordion-item-10-panel\" data-wp-bind--aria-expanded=\"state.isOpen\" data-wp-on--click=\"actions.toggle\" id=\"accordion-item-10\" type=\"button\" class=\"wp-block-accordion-heading__toggle\"><span class=\"wp-block-accordion-heading__toggle-title\">Welche Risiken gibt es?<\/span><span class=\"wp-block-accordion-heading__toggle-icon\" aria-hidden=\"true\">+<\/span><\/button><\/h3>\n\n\n\n<div aria-labelledby=\"accordion-item-10\" data-wp-bind--hidden=\"state.isHidden\" data-wp-on--beforematch=\"actions.handleBeforeMatch\" id=\"accordion-item-10-panel\" role=\"region\" class=\"wp-block-accordion-panel is-layout-flow wp-block-accordion-panel-is-layout-flow\">\n<ul class=\"wp-block-list\">\n<li>Kurzfristig: R\u00f6tung, Schwellung, Krusten, Juckreiz<\/li>\n\n\n\n<li>Langfristig: Shock Loss, Narbenbildung, unnat\u00fcrliche Haarlinie, Asymmetrien, Follikulitis<\/li>\n<\/ul>\n<\/div>\n<\/div>\n\n\n\n<div data-wp-class--is-open=\"state.isOpen\" data-wp-context=\"{ &quot;id&quot;: &quot;accordion-item-11&quot;, &quot;openByDefault&quot;: false }\" data-wp-init=\"callbacks.initAccordionItems\" data-wp-on-window--hashchange=\"callbacks.hashChange\" class=\"wp-block-accordion-item is-layout-flow wp-block-accordion-item-is-layout-flow\">\n<h3 class=\"wp-block-accordion-heading\"><button aria-expanded=\"false\" aria-controls=\"accordion-item-11-panel\" data-wp-bind--aria-expanded=\"state.isOpen\" data-wp-on--click=\"actions.toggle\" id=\"accordion-item-11\" type=\"button\" class=\"wp-block-accordion-heading__toggle\"><span class=\"wp-block-accordion-heading__toggle-title\">Wie hoch sind die Kosten?<\/span><span class=\"wp-block-accordion-heading__toggle-icon\" aria-hidden=\"true\">+<\/span><\/button><\/h3>\n\n\n\n<div aria-labelledby=\"accordion-item-11\" data-wp-bind--hidden=\"state.isHidden\" data-wp-on--beforematch=\"actions.handleBeforeMatch\" id=\"accordion-item-11-panel\" role=\"region\" class=\"wp-block-accordion-panel is-layout-flow wp-block-accordion-panel-is-layout-flow\">\n<ul class=\"wp-block-list\">\n<li>Deutschland: 3.000\u201312.000 \u20ac je nach Methode und Anzahl der Grafts<\/li>\n\n\n\n<li>Ausland (z. B. T\u00fcrkei): 1.500\u20135.000 \u20ac f\u00fcr 3.000 Grafts<\/li>\n\n\n\n<li>Zusatzkosten: Medikamente, PRP, Nachkorrekturen<\/li>\n<\/ul>\n<\/div>\n<\/div>\n\n\n\n<div data-wp-class--is-open=\"state.isOpen\" data-wp-context=\"{ &quot;id&quot;: &quot;accordion-item-12&quot;, &quot;openByDefault&quot;: false }\" data-wp-init=\"callbacks.initAccordionItems\" data-wp-on-window--hashchange=\"callbacks.hashChange\" class=\"wp-block-accordion-item is-layout-flow wp-block-accordion-item-is-layout-flow\">\n<h3 class=\"wp-block-accordion-heading\"><button aria-expanded=\"false\" aria-controls=\"accordion-item-12-panel\" data-wp-bind--aria-expanded=\"state.isOpen\" data-wp-on--click=\"actions.toggle\" id=\"accordion-item-12\" type=\"button\" class=\"wp-block-accordion-heading__toggle\"><span class=\"wp-block-accordion-heading__toggle-title\">Wer eignet sich f\u00fcr eine Haartransplantation?<\/span><span class=\"wp-block-accordion-heading__toggle-icon\" aria-hidden=\"true\">+<\/span><\/button><\/h3>\n\n\n\n<div aria-labelledby=\"accordion-item-12\" data-wp-bind--hidden=\"state.isHidden\" data-wp-on--beforematch=\"actions.handleBeforeMatch\" id=\"accordion-item-12-panel\" role=\"region\" class=\"wp-block-accordion-panel is-layout-flow wp-block-accordion-panel-is-layout-flow\">\n<p class=\"wp-block-paragraph\">M\u00e4nner oder Frauen ab ca. 25 Jahren mit stabiler Haarausfallrate, ausreichender Spenderhaardichte und realistischen Erwartungen an Dichte und \u00c4sthetik.<\/p>\n<\/div>\n<\/div>\n<\/div>","protected":false},"excerpt":{"rendered":"<p>Haartransplantationen boomen \u2013 doch der Erfolg ist kein Selbstl\u00e4ufer. Worauf es bei Methode, Arztwahl und Nachsorge wirklich ankommt und welche Risiken oft untersch\u00e4tzt werden.<\/p>","protected":false},"author":1,"featured_media":878,"comment_status":"open","ping_status":"open","sticky":false,"template":"","format":"standard","meta":{"_acf_changed":false,"inline_featured_image":false,"footnotes":""},"categories":[14],"tags":[],"class_list":["post-981","post","type-post","status-publish","format-standard","has-post-thumbnail","hentry","category-behandlungen"],"acf":[],"_links":{"self":[{"href":"https:\/\/4beauty-website-stage.247grad.de\/tr\/wp-json\/wp\/v2\/posts\/981","targetHints":{"allow":["GET"]}}],"collection":[{"href":"https:\/\/4beauty-website-stage.247grad.de\/tr\/wp-json\/wp\/v2\/posts"}],"about":[{"href":"https:\/\/4beauty-website-stage.247grad.de\/tr\/wp-json\/wp\/v2\/types\/post"}],"author":[{"embeddable":true,"href":"https:\/\/4beauty-website-stage.247grad.de\/tr\/wp-json\/wp\/v2\/users\/1"}],"replies":[{"embeddable":true,"href":"https:\/\/4beauty-website-stage.247grad.de\/tr\/wp-json\/wp\/v2\/comments?post=981"}],"version-history":[{"count":1,"href":"https:\/\/4beauty-website-stage.247grad.de\/tr\/wp-json\/wp\/v2\/posts\/981\/revisions"}],"predecessor-version":[{"id":1023,"href":"https:\/\/4beauty-website-stage.247grad.de\/tr\/wp-json\/wp\/v2\/posts\/981\/revisions\/1023"}],"wp:featuredmedia":[{"embeddable":true,"href":"https:\/\/4beauty-website-stage.247grad.de\/tr\/wp-json\/wp\/v2\/media\/878"}],"wp:attachment":[{"href":"https:\/\/4beauty-website-stage.247grad.de\/tr\/wp-json\/wp\/v2\/media?parent=981"}],"wp:term":[{"taxonomy":"category","embeddable":true,"href":"https:\/\/4beauty-website-stage.247grad.de\/tr\/wp-json\/wp\/v2\/categories?post=981"},{"taxonomy":"post_tag","embeddable":true,"href":"https:\/\/4beauty-website-stage.247grad.de\/tr\/wp-json\/wp\/v2\/tags?post=981"}],"curies":[{"name":"wp","href":"https:\/\/api.w.org\/{rel}","templated":true}]}}