{"id":983,"date":"2026-03-03T17:26:27","date_gmt":"2026-03-03T16:26:27","guid":{"rendered":"https:\/\/4beauty-website-stage.247grad.de\/?p=983"},"modified":"2026-03-03T17:26:52","modified_gmt":"2026-03-03T16:26:52","slug":"cene-germe-yoentemleri-maliyetleri-riskleri-ve-bilmeniz-gereken-her-sey","status":"publish","type":"post","link":"https:\/\/4beauty-website-stage.247grad.de\/tr\/kinnstraffung-methoden-kosten-risiken-alles-was-sie-wissen-sollten\/","title":{"rendered":"\u00c7ene Germe: Y\u00f6ntemler, Maliyetler ve Riskler \u2013 Bilmeniz Gereken Her \u015eey"},"content":{"rendered":"<p class=\"wp-block-paragraph\">Net bir \u015fekilde belirginle\u015fmi\u015f \u00e7ene hatt\u0131, gen\u00e7 y\u00fcz hatlar\u0131n\u0131n en \u00f6nemli \u00f6zelli\u011fi olarak kabul edilir. Ancak ya\u015f\u0131n ilerlemesi veya genetik yatk\u0131nl\u0131k nedeniyle bir\u00e7ok ki\u015fi keskin \u00e7ene hatt\u0131n\u0131 kaybeder, g\u0131d\u0131 olu\u015fur veya boyunda cilt sarkmas\u0131 sorunu ya\u015far.<\/p>\n\n\n\n<p class=\"wp-block-paragraph\">G\u00fcn\u00fcm\u00fczde \u00e7ene germe, hem ameliyatla hem de ameliyats\u0131z olarak ger\u00e7ekle\u015ftirilebilmektedir. Modern estetik t\u0131p, hyaluronik asit enjeksiyonu ile \u00e7ene hatt\u0131n\u0131 \u015fekillendirme gibi minimal invaziv tedavilerden cerrahi boyun germe (neck lift) veya ya\u011f ald\u0131rma i\u015flemlerine kadar geni\u015f bir yelpaze sunmaktad\u0131r. Peki hangi y\u00f6ntem daha uygun? Ve bunun bir ya\u011f sorunu mu yoksa cilt fazlal\u0131\u011f\u0131 m\u0131 oldu\u011funu nas\u0131l anlars\u0131n\u0131z?<\/p>\n\n\n\n<p class=\"wp-block-paragraph\">Bu rehber, nedenlerin analizi, y\u00f6ntemlerin kar\u015f\u0131la\u015ft\u0131r\u0131lmas\u0131 ve ger\u00e7ek\u00e7i beklentilerin yan\u0131 s\u0131ra riskler, tedavi sonras\u0131 bak\u0131m ve olas\u0131 maliyetler de dahil olmak \u00fczere t\u00fcm se\u00e7enekleri kapsaml\u0131 bir \u015fekilde ele almaktad\u0131r.<\/p>\n\n\n\n<div class=\"wp-block-rank-math-toc-block\" id=\"rank-math-toc\"><h2>\u0130\u00e7indekiler<\/h2><nav><ul><li class=\"\"><a href=\"#warum-hangt-das-kinn-ursachen-fur-doppelkinn-hangebackchen-schlaffe-haut-am-hals\">\u00c7ene neden sarkar? \u00c7ift \u00e7ene, sark\u0131k yanaklar ve boyundaki gev\u015fek cildin nedenleri<\/a><\/li><li class=\"\"><a href=\"#1-alterungsprozess-elastizitatsverlust-kollagenabbau\">1. Ya\u015flanma s\u00fcreci: Elastikiyet kayb\u0131 ve kolajen y\u0131k\u0131m\u0131<\/a><\/li><li class=\"\"><a href=\"#3-gewicht-starke-gewichtsabnahme\">3. Kilo ve h\u0131zl\u0131 kilo kayb\u0131<\/a><\/li><li class=\"\"><a href=\"#methoden-der-kinnstraffung-im-vergleich-mit-oder-ohne-op\">\u00c7ene germe y\u00f6ntemlerinin kar\u015f\u0131la\u015ft\u0131rmas\u0131: Ameliyatla m\u0131, ameliyats\u0131z m\u0131?<\/a><\/li><li class=\"\"><a href=\"#kleine-losung-kinnstraffung-ohne-op-kaum-ausfallzeit\">Basit \u00e7\u00f6z\u00fcm: Ameliyats\u0131z \u00e7ene germe (neredeyse hi\u00e7 iyile\u015fme s\u00fcresi gerektirmez)<\/a><\/li><li class=\"\"><a href=\"#grosse-losung-chirurgische-kinnstraffung-halslift\">Kapsaml\u0131 \u00e7\u00f6z\u00fcm: Cerrahi \u00e7ene germe ve boyun germe<\/a><\/li><li class=\"\"><a href=\"#ablauf-einer-kinnstraffung-beratung-behandlung-heilungsphase\">\u00c7ene germe ameliyat\u0131n\u0131n ak\u0131\u015f\u0131: Dan\u0131\u015fma, tedavi ve iyile\u015fme s\u00fcreci<\/a><\/li><li class=\"\"><a href=\"#risiken-nebenwirkungen-einer-kinnstraffung-was-sie-realistisch-wissen-sollten\">\u00c7ene germe ameliyat\u0131n\u0131n riskleri ve yan etkileri: Ger\u00e7ek\u00e7i bir bak\u0131\u015f a\u00e7\u0131s\u0131yla bilmeniz gerekenler<\/a><\/li><li class=\"\"><a href=\"#allgemeine-risiken-alle-methoden\">Genel riskler (t\u00fcm y\u00f6ntemler)<\/a><\/li><li class=\"\"><a href=\"#wann-sollte-man-von-einer-kinnstraffung-absehen\">\ud83d\udca1 \u00c7ene germe ameliyat\u0131ndan ne zaman ka\u00e7\u0131n\u0131lmal\u0131d\u0131r?<\/a><\/li><li class=\"\"><a href=\"#haltbarkeit-langzeiteffekte-wie-dauerhaft-ist-das-ergebnis\">Etkinin S\u00fcresi ve Uzun Vadeli Etkileri: Sonu\u00e7 ne kadar kal\u0131c\u0131d\u0131r?<\/a><\/li><li class=\"\"><a href=\"#kinnstraffung-oder-alternativen-was-wirklich-hilft\">\u00c7ene germe mi, yoksa alternatifler mi? Ger\u00e7ekten i\u015fe yarayan nedir?<\/a><\/li><li class=\"\"><a href=\"#kosten-einer-kinnstraffung-preise-im-vergleich\">\u00c7ene germe ameliyat\u0131n\u0131n maliyeti: Fiyat kar\u015f\u0131la\u015ft\u0131rmas\u0131<\/a><\/li><li class=\"\"><a href=\"#was-beeinflusst-den-preis\">Fiyat\u0131 neler etkiler?<\/a><\/li><li class=\"\"><a href=\"#ausnahmefalle\">\u0130stisnai durumlar<\/a><\/li><li class=\"\"><a href=\"#private-krankenversicherung\">\u00d6zel Sa\u011fl\u0131k Sigortas\u0131<\/a><\/li><li class=\"\"><a href=\"#abgesichert-mit-4beauty-die-folgekostenversicherung-fur-ihren-eingriff\">4beauty ile g\u00fcvence alt\u0131nda: Ameliyat\u0131n\u0131z i\u00e7in takip masraflar\u0131 sigortas\u0131<\/a><\/li><li class=\"\"><a href=\"#haufige-fragen-zur-kinnstraffung-faq\">\u00c7ene Germe Ameliyat\u0131 Hakk\u0131nda S\u0131k Sorulan Sorular (SSS)<\/a><\/li><\/ul><\/nav><\/div>\n\n\n\n<div class=\"wp-block-group is-style-boxed has-white-warm-background-color has-background is-layout-constrained wp-block-group-is-layout-constrained\">\n<p class=\"wp-block-paragraph\"><strong>\u00d6nemli uyar\u0131<\/strong><\/p>\n\n\n\n<p class=\"wp-block-paragraph\">Bu makale yaln\u0131zca bilgilendirme ama\u00e7l\u0131d\u0131r ve t\u0131bbi tan\u0131 veya tavsiyenin yerini almaz. Herhangi bir belirsizlik durumunda ve ki\u015fiye \u00f6zel bir tedavi plan\u0131 haz\u0131rlamak i\u00e7in, uzman bir hekimle g\u00f6r\u00fc\u015fmek \u015fartt\u0131r.<\/p>\n<\/div>\n\n\n\n<div class=\"wp-block-media-text is-stacked-on-mobile\"><figure class=\"wp-block-media-text__media\"><img loading=\"lazy\" decoding=\"async\" width=\"1019\" height=\"927\" src=\"https:\/\/4beauty-website-stage.247grad.de\/wp-content\/uploads\/2026\/08\/2026-03_Kinnstraffung-1_s4b.png\" alt=\"\u00c7ene germe ameliyat\u0131\" class=\"wp-image-894 size-full\" srcset=\"https:\/\/4beauty-website-stage.247grad.de\/wp-content\/uploads\/2026\/08\/2026-03_Kinnstraffung-1_s4b.png 1019w, https:\/\/4beauty-website-stage.247grad.de\/wp-content\/uploads\/2026\/08\/2026-03_Kinnstraffung-1_s4b-300x273.png 300w, https:\/\/4beauty-website-stage.247grad.de\/wp-content\/uploads\/2026\/08\/2026-03_Kinnstraffung-1_s4b-768x699.png 768w, https:\/\/4beauty-website-stage.247grad.de\/wp-content\/uploads\/2026\/08\/2026-03_Kinnstraffung-1_s4b-13x12.png 13w, https:\/\/4beauty-website-stage.247grad.de\/wp-content\/uploads\/2026\/08\/2026-03_Kinnstraffung-1_s4b-40x36.png 40w\" sizes=\"auto, (max-width: 1019px) 100vw, 1019px\" \/><\/figure><div class=\"wp-block-media-text__content\">\n<h2 class=\"wp-block-heading\" id=\"warum-hangt-das-kinn-ursachen-fur-doppelkinn-hangebackchen-schlaffe-haut-am-hals\">\u00c7ene neden sarkar? \u00c7ift \u00e7ene, sark\u0131k yanaklar ve boyundaki gev\u015fek cildin nedenleri<\/h2>\n\n<p class=\"wp-block-paragraph\">\u00c7ift \u00e7eneyi ortadan kald\u0131rmadan veya \u00e7ene germe ameliyat\u0131 planlamadan \u00f6nce sorulmas\u0131 gereken en \u00f6nemli soru \u015fudur: Nedeni nedir? \u00c7\u00fcnk\u00fc her sark\u0131k \u00e7ene ya\u011fdan kaynaklanmaz. Genellikle birden fazla fakt\u00f6r bir araya gelir.<\/p>\n<\/div><\/div>\n\n\n\n<div class=\"wp-block-group is-style-boxed has-anchor-light-background-color has-background is-layout-constrained wp-block-group-is-layout-constrained\">\n<h2 class=\"wp-block-heading\" id=\"1-alterungsprozess-elastizitatsverlust-kollagenabbau\">1. Ya\u015flanma s\u00fcreci: Elastikiyet kayb\u0131 ve kolajen y\u0131k\u0131m\u0131<\/h2>\n\n<p class=\"wp-block-paragraph\">Ya\u015f ilerledik\u00e7e cilt elastikiyetini kaybeder. Bunun nedenleri \u015funlard\u0131r:<\/p>\n\n<ul class=\"wp-block-list\">\n<li>Kollajen ve elastinin azalmas\u0131<\/li>\n\n\n\n<li>Kas gerginli\u011finin azalmas\u0131 (platysma kas\u0131)<\/li>\n\n\n\n<li>Y\u00fczdeki ya\u011f birikintilerinin sarkmas\u0131<\/li>\n<\/ul>\n\n<p class=\"wp-block-paragraph\">Sonu\u00e7: Y\u00fcz ile boyun aras\u0131ndaki net s\u0131n\u0131r bulan\u0131kla\u015f\u0131r, y\u00fcz hatlar\u0131 kaybolur, yanaklar sarkar ve cilt gev\u015fek g\u00f6r\u00fcn\u00fcr. \u00d6zellikle alt \u00e7ene alt\u0131ndaki b\u00f6lge bu durumdan en \u00e7ok etkilenir \u2013 zay\u0131f ki\u015filerde bile.<\/p>\n<\/div>\n\n\n\n<h3 class=\"wp-block-heading\" id=\"2-genetik-anatomie-das-fliehende-kinn-retrogenie\">2. Genetik ve Anatomi: Geriye \u00e7ekilmi\u015f \u00e7ene (retrogeni)<\/h3>\n\n\n\n<p class=\"wp-block-paragraph\">Bazen sorun ciltte veya ya\u011fda de\u011fil, kemik yap\u0131s\u0131nda yatmaktad\u0131r. Alt \u00e7enenin \u00e7ok geride olmas\u0131 \u2013 t\u0131bbi terimle retrogeni \u2013 cildin daha erken sarkmas\u0131na neden olabilir. A\u015f\u0131r\u0131 kilo sorunu olmamas\u0131na ra\u011fmen y\u00fcz yumu\u015fak ve hatlar\u0131 belirsiz g\u00f6r\u00fcn\u00fcr. Bu t\u00fcr durumlarda sadece cilt germe i\u015flemi yeterli olmayabilir. Bu durumda \u00f6rne\u011fin \u015fu se\u00e7enekler de\u011ferlendirilebilir:<\/p>\n\n\n\n<ul class=\"wp-block-list\">\n<li>Hyaluronik asit ile \u00e7ene \u00e7\u0131k\u0131nt\u0131s\u0131n\u0131n \u015fekillendirilmesi (Jawline Contouring)<\/li>\n\n\n\n<li>\u00c7ene implant\u0131<\/li>\n\n\n\n<li>Ortodonti veya \u00e7ene cerrahisi dan\u0131\u015fmanl\u0131\u011f\u0131<\/li>\n<\/ul>\n\n\n\n<p class=\"wp-block-paragraph\">Bu husus, bir\u00e7ok klinik web sitesinde neredeyse hi\u00e7 bahsedilmese de, kal\u0131c\u0131 bir \u00e7\u00f6z\u00fcm i\u00e7in hayati \u00f6nem ta\u015f\u0131maktad\u0131r.<\/p>\n\n\n\n<div class=\"wp-block-group is-style-boxed has-anchor-light-background-color has-background is-layout-constrained wp-block-group-is-layout-constrained\">\n<h2 class=\"wp-block-heading\" id=\"3-gewicht-starke-gewichtsabnahme\">3. Kilo ve h\u0131zl\u0131 kilo kayb\u0131<\/h2>\n\n<p class=\"wp-block-paragraph\">Klasik bir \u00e7ift \u00e7ene genellikle \u015fu nedenlerle olu\u015fur:<\/p>\n\n<ul class=\"wp-block-list\">\n<li>\u00c7ene alt\u0131nda artan ya\u011f birikimi<\/li>\n\n\n\n<li>Genetik kaynakl\u0131 ya\u011f da\u011f\u0131l\u0131m\u0131<\/li>\n<\/ul>\n\n<p class=\"wp-block-paragraph\">Ciddi bir kilo kayb\u0131n\u0131n ard\u0131ndan genellikle fazla deri kal\u0131r. Bu durumda sorun, ya\u011fdan \u00e7ok fazla deride yatmaktad\u0131r.<\/p>\n<\/div>\n\n\n\n<div class=\"wp-block-group is-style-boxed is-layout-constrained wp-block-group-is-layout-constrained\">\n<p class=\"wp-block-paragraph\"><strong>\u00d6nemli<\/strong><\/p>\n\n<p class=\"wp-block-paragraph\">Sadece cilt fazlal\u0131\u011f\u0131 s\u00f6z konusu oldu\u011funda liposuction (ya\u011f emme) i\u015flemi, cilt alt\u0131nda kalan hacmi daha da azaltaca\u011f\u0131 i\u00e7in durumu k\u00f6t\u00fcle\u015ftirebilir. Bu nedenle, \u00f6ncelikle bir uzmanla birlikte sorunun nedenini belirlemek ve buna g\u00f6re en uygun y\u00f6ntemi se\u00e7mek gerekir.<\/p>\n<\/div>\n\n\n\n<h2 class=\"wp-block-heading\" id=\"methoden-der-kinnstraffung-im-vergleich-mit-oder-ohne-op\">\u00c7ene germe y\u00f6ntemlerinin kar\u015f\u0131la\u015ft\u0131rmas\u0131: Ameliyatla m\u0131, ameliyats\u0131z m\u0131?<\/h2>\n\n\n\n<p class=\"wp-block-paragraph\">Do\u011fru y\u00f6ntemin se\u00e7imi, b\u00fcy\u00fck \u00f6l\u00e7\u00fcde nedene ba\u011fl\u0131d\u0131r. Temel olarak \u00fc\u00e7 kategori ay\u0131rt edilir:<\/p>\n\n\n\n<ol class=\"wp-block-list\">\n<li><strong>Minimal invaziv tedaviler (ameliyats\u0131z)<\/strong><\/li>\n\n\n\n<li><strong>K\u0131sa iyile\u015fme s\u00fcresi gerektiren, v\u00fccuda zarar vermeyen m\u00fcdahaleler<\/strong><\/li>\n\n\n\n<li><strong>Uzun vadeli etki sa\u011flayan cerrahi \u00e7\u00f6z\u00fcmler<\/strong><\/li>\n<\/ol>\n\n\n\n<div class=\"wp-block-buttons is-layout-flex wp-block-buttons-is-layout-flex\">\n<div class=\"wp-block-button\"><a class=\"wp-block-button__link wp-element-button\" href=\"https:\/\/4beauty-website-stage.247grad.de\/tr\/sonraki-masraf-sigortasi\/\">Sonraki masraflar\u0131 sigortalamak<\/a><\/div>\n<\/div>\n\n\n\n<div class=\"wp-block-group is-style-boxed has-anchor-light-background-color has-background is-layout-constrained wp-block-group-is-layout-constrained\">\n<h2 class=\"wp-block-heading\" id=\"kleine-losung-kinnstraffung-ohne-op-kaum-ausfallzeit\">Basit \u00e7\u00f6z\u00fcm: Ameliyats\u0131z \u00e7ene germe (neredeyse hi\u00e7 iyile\u015fme s\u00fcresi gerektirmez)<\/h2>\n\n<p class=\"wp-block-paragraph\">Bu y\u00f6ntemler, hafif kontur kay\u0131plar\u0131nda uygundur. Bunlar aras\u0131nda \u015funlar yer al\u0131r:<\/p>\n<\/div>\n\n\n\n<div class=\"wp-block-group is-layout-grid wp-container-core-group-is-layout-bb0cbca6 wp-block-group-is-layout-grid\">\n<div class=\"wp-block-group is-style-boxed has-white-warm-background-color has-background is-layout-constrained wp-block-group-is-layout-constrained\">\n<p class=\"wp-block-paragraph\"><strong>Hyaluronik asit \u2013 Ameliyats\u0131z \u00e7ene hatt\u0131n\u0131 belirginle\u015ftirmek<\/strong><\/p>\n\n<p class=\"wp-block-paragraph\">Alt \u00e7ene boyunca yap\u0131lan hedefli enjeksiyonlar sayesinde \u015funlar sa\u011flanabilir:<\/p>\n\n<ul class=\"wp-block-list\">\n<li>\u00e7ene hatt\u0131n\u0131 belirginle\u015ftirmek<\/li>\n\n\n\n<li>geri \u00e7ekik bir \u00e7eneyi g\u00f6rsel olarak dengelemek<\/li>\n\n\n\n<li>y\u00fcz hatlar\u0131n\u0131 belirginle\u015ftirmek<\/li>\n<\/ul>\n\n<p class=\"wp-block-paragraph\"><strong>Son kullanma tarihi:<\/strong> yakla\u015f\u0131k 6\u201312 ay<br> <strong>Avantaj:<\/strong> hemen g\u00f6r\u00fclebilen etki<br> <strong>Dezavantaj:<\/strong> ge\u00e7ici, d\u00fczenli olarak yenilenmesi gerekir<\/p>\n<\/div>\n\n<div class=\"wp-block-group is-style-boxed has-white-warm-background-color has-background is-layout-constrained wp-block-group-is-layout-constrained\">\n<p class=\"wp-block-paragraph\"><strong>Platisma kas\u0131nda \u015fiddetli gerginlik durumunda kas gev\u015fetici (Botox)<\/strong><\/p>\n\n<p class=\"wp-block-paragraph\">Belirgin boyun \u00e7izgileri durumunda, platisma kas\u0131n\u0131n hedefli bir \u015fekilde gev\u015fetilmesi g\u00f6r\u00fcn\u00fcm\u00fc iyile\u015ftirebilir.<\/p>\n\n<p class=\"wp-block-paragraph\"><strong>\u015eu durumlarda kullan\u0131ma uygundur:<\/strong> boyundaki g\u00f6zle g\u00f6r\u00fcl\u00fcr kas ba\u011flar\u0131<\/p>\n\n<p class=\"wp-block-paragraph\"><strong>A\u015fa\u011f\u0131daki durumlarda kullan\u0131ma uygun de\u011fildir:<\/strong> Fazla deri<\/p>\n<\/div>\n<\/div>\n\n\n\n<h3 class=\"wp-block-heading\" id=\"mittlere-losung-minimal-invasiv-mit-moderater-downtime\">Orta d\u00fczeyde bir \u00e7\u00f6z\u00fcm: Minimal invaziv ve orta d\u00fczeyde iyile\u015fme s\u00fcresi<\/h3>\n\n\n\n<div class=\"wp-block-group is-layout-grid wp-container-core-group-is-layout-0ddedb66 wp-block-group-is-layout-grid\">\n<div class=\"wp-block-group is-style-boxed has-white-warm-background-color has-background is-layout-constrained wp-block-group-is-layout-constrained\">\n<p class=\"wp-block-paragraph\"><strong>\u0130plik Germe (PDO \u0130plikleri)<\/strong><\/p>\n\n<p class=\"wp-block-paragraph\">Emilebilir iplikler deri alt\u0131na yerle\u015ftirilir:<\/p>\n\n<ul class=\"wp-block-list\">\n<li>Mekanik An\u0131nda Germe Etkisi<\/li>\n\n\n\n<li>Kollajen olu\u015fumunun uzun vadeli uyar\u0131lmas\u0131<\/li>\n<\/ul>\n\n<p class=\"wp-block-paragraph\"><strong>Ar\u0131za s\u00fcresi:<\/strong> 3\u20135 g\u00fcn<br> <strong>Son kullanma tarihi:<\/strong> yakla\u015f\u0131k 1\u20132 y\u0131l<\/p>\n<\/div>\n\n<div class=\"wp-block-group is-style-boxed has-white-warm-background-color has-background is-layout-constrained wp-block-group-is-layout-constrained\">\n<p class=\"wp-block-paragraph\"><strong>Radyofrekans ve Ultrason<\/strong><\/p>\n\n<p class=\"wp-block-paragraph\">A\u015fa\u011f\u0131daki gibi y\u00f6ntemler: <strong>Morpheus8<\/strong> veya <strong>Ultherapy<\/strong> Derin \u0131s\u0131dan yararlan\u0131rlar.<\/p>\n\n<ul class=\"wp-block-list\">\n<li>Hafif ila orta derecede sarkma durumlar\u0131nda uygundur<\/li>\n\n\n\n<li>Ultrason s\u0131ras\u0131nda kesinti (downtime) ya\u015fanmaz<\/li>\n<\/ul>\n\n<p class=\"wp-block-paragraph\"><strong>Sonu\u00e7:<\/strong> 3\u20136 ay boyunca kademeli iyile\u015fme.<\/p>\n<\/div>\n\n<div class=\"wp-block-group is-style-boxed has-white-warm-background-color has-background is-layout-constrained wp-block-group-is-layout-constrained\">\n<p class=\"wp-block-paragraph\"><strong>Ya\u011f Giderici Enjeksiyon (Enjeksiyonlu Lipoliz)<\/strong><\/p>\n\n<p class=\"wp-block-paragraph\">\u00c7ene alt\u0131ndaki k\u00fc\u00e7\u00fck, lokal ya\u011f birikimlerinin hedefli olarak eritilmesi.<br> <strong>\u00d6nemli:<\/strong> Bu y\u00f6ntem, \u201e\u00e7ift \u00e7ene\u201c sorunu i\u00e7in idealdir; ancak sadece cilt sarkmas\u0131 (\u201ehindi boynu\u201c) durumunda etkili de\u011fildir.<\/p>\n<\/div>\n<\/div>\n\n\n\n<div class=\"wp-block-group is-style-boxed has-anchor-light-background-color has-background is-layout-constrained wp-block-group-is-layout-constrained\">\n<h2 class=\"wp-block-heading\" id=\"grosse-losung-chirurgische-kinnstraffung-halslift\">Kapsaml\u0131 \u00e7\u00f6z\u00fcm: Cerrahi \u00e7ene germe ve boyun germe<\/h2>\n\n<p class=\"wp-block-paragraph\">Cilt fazlal\u0131\u011f\u0131n\u0131n \u00e7ok fazla oldu\u011fu veya \u00e7ift \u00e7ene belirgin oldu\u011fu durumlarda, minimal invaziv bir tedavi genellikle yeterli olmaz.<\/p>\n<\/div>\n\n\n\n<div class=\"wp-block-group is-layout-grid wp-container-core-group-is-layout-bb0cbca6 wp-block-group-is-layout-grid\">\n<div class=\"wp-block-group is-style-boxed has-white-warm-background-color has-background is-layout-constrained wp-block-group-is-layout-constrained\">\n<p class=\"wp-block-paragraph\"><strong>Ya\u011f Ald\u0131rma (Liposuction)<\/strong><\/p>\n\n<ul class=\"wp-block-list\">\n<li>Fazla ya\u011f h\u00fccrelerinin kal\u0131c\u0131 olarak ortadan kald\u0131r\u0131lmas\u0131<\/li>\n\n\n\n<li>Genellikle cilt s\u0131k\u0131la\u015ft\u0131rma i\u015flemleriyle birle\u015ftirilir<\/li>\n<\/ul>\n<\/div>\n\n<div class=\"wp-block-group is-style-boxed has-white-warm-background-color has-background is-layout-constrained wp-block-group-is-layout-constrained\">\n<p class=\"wp-block-paragraph\"><strong>Boyun Germe (Necklift)<\/strong><\/p>\n\n<ul class=\"wp-block-list\">\n<li>Fazla derinin al\u0131nmas\u0131<\/li>\n\n\n\n<li>Kaslar\u0131n s\u0131k\u0131la\u015ft\u0131r\u0131lmas\u0131<\/li>\n\n\n\n<li>Kal\u0131c\u0131 etki (10\u201315 y\u0131l s\u00fcrebilir)<\/li>\n<\/ul>\n<\/div>\n<\/div>\n\n\n\n<figure class=\"wp-block-table\"><table class=\"has-fixed-layout\"><thead><tr><th>Y\u00f6ntem<\/th><th>\u015eu durumlarda uygundur:<\/th><th>Ar\u0131za s\u00fcresi<\/th><th>Raf \u00f6mr\u00fc<\/th><th>Maliyetler<\/th><\/tr><\/thead><tbody><tr><td>Hyaluron<\/td><td>\u00c7ene hatt\u0131ndaki sarkma (Jawline)<\/td><td>0\u20132 g\u00fcn<\/td><td>6\u201312 ay<\/td><td>300 \u20ac'dan itibaren<\/td><\/tr><tr><td>\u0130plik Germe<\/td><td>Hafif sarkma<\/td><td>3\u20135 g\u00fcn<\/td><td>1\u20132 y\u0131l<\/td><td>800 \u20ac'dan itibaren<\/td><\/tr><tr><td>Lipoliz (enjeksiyon)<\/td><td>\u00c7ift \u00e7ene (ya\u011f)<\/td><td>3\u20137 g\u00fcn<\/td><td>Kal\u0131c\u0131*<\/td><td>400 \u20ac'dan itibaren<\/td><\/tr><tr><td>Liposuction (cerrahi i\u015flem)<\/td><td>Yo\u011fun ya\u011f birikimi<\/td><td>1\u20132 hafta<\/td><td>Kal\u0131c\u0131*<\/td><td>3.000 \u20ac'dan itibaren<\/td><\/tr><tr><td>Boyun germe ameliyat\u0131<\/td><td>Fazla deri<\/td><td>1\u20132 hafta<\/td><td>10\u201315 ya\u015f<\/td><td>5.000 \u20ac'dan itibaren<\/td><\/tr><\/tbody><\/table><\/figure>\n\n\n\n<div class=\"wp-block-buttons is-layout-flex wp-block-buttons-is-layout-flex\">\n<div class=\"wp-block-button\"><a class=\"wp-block-button__link wp-element-button\" href=\"https:\/\/4beauty-website-stage.247grad.de\/tr\/sonraki-masraf-sigortasi\/\">Sonraki masraflar\u0131 sigortalamak<\/a><\/div>\n<\/div>\n\n\n\n<h2 class=\"wp-block-heading\" id=\"ablauf-einer-kinnstraffung-beratung-behandlung-heilungsphase\">\u00c7ene germe ameliyat\u0131n\u0131n ak\u0131\u015f\u0131: Dan\u0131\u015fma, tedavi ve iyile\u015fme s\u00fcreci<\/h2>\n\n\n\n<p class=\"wp-block-paragraph\">Se\u00e7ilen y\u00f6ntem ne olursa olsun, her \u00e7ene germe ameliyat\u0131 ayr\u0131nt\u0131l\u0131 bir analizle ba\u015flar.<\/p>\n\n\n\n<ol class=\"wp-block-list is-style-step-list\">\n<li><strong>Dan\u0131\u015fmanl\u0131k ve Nedenlerin Belirlenmesi<\/strong>\n<ul class=\"wp-block-list\">\n<li>Ya\u011f ve Deri Kar\u015f\u0131la\u015ft\u0131rmas\u0131<\/li>\n\n\n\n<li>\u00c7ene yap\u0131s\u0131n\u0131n analizi<\/li>\n\n\n\n<li>Foto\u011fraf belgelemesi<\/li>\n\n\n\n<li>Riskler ve alternatifler hakk\u0131nda bilgilendirme<\/li>\n<\/ul>\n<\/li>\n\n\n\n<li><strong>Tedavinin uygulanmas\u0131<\/strong> <p>Y\u00f6nteme g\u00f6re:<\/p>\n<ul class=\"wp-block-list\">\n<li>S\u00fcre: 30 dakika ile 2 saat aras\u0131<\/li>\n\n\n\n<li>Lokal anestezi veya yar\u0131 uykulu anestezi<\/li>\n\n\n\n<li>Ayakta tedavi<\/li>\n<\/ul>\n<\/li>\n\n\n\n<li><strong>\u0130yile\u015fme s\u00fcreci ve ilk sonu\u00e7lar<\/strong> <p>Tipik tepkiler:<\/p>\n<ul class=\"wp-block-list\">\n<li>\u015ei\u015flikler<\/li>\n\n\n\n<li>Hematomlar<\/li>\n\n\n\n<li>Gerginlik hissi<\/li>\n<\/ul>\n<\/li>\n<\/ol>\n\n\n\n<div class=\"wp-block-group is-style-boxed has-anchor-light-background-color has-background is-layout-constrained wp-block-group-is-layout-constrained\">\n<h2 class=\"wp-block-heading\" id=\"risiken-nebenwirkungen-einer-kinnstraffung-was-sie-realistisch-wissen-sollten\">\u00c7ene germe ameliyat\u0131n\u0131n riskleri ve yan etkileri: Ger\u00e7ek\u00e7i bir bak\u0131\u015f a\u00e7\u0131s\u0131yla bilmeniz gerekenler<\/h2>\n\n<p class=\"wp-block-paragraph\">Her t\u00fcrl\u00fc estetik tedavi \u2013 ister ameliyats\u0131z \u00e7ene germe olsun, ister cerrahi boyun germe \u2013 t\u0131bbi bir m\u00fcdahaledir. Minimal invaziv y\u00f6ntemler bile risklerden tamamen muaf de\u011fildir. Bu nedenle, bilin\u00e7li bir karar verebilmek i\u00e7in \u015feffaf bir bilgilendirme her zaman hayati \u00f6nem ta\u015f\u0131r.<\/p>\n<\/div>\n\n\n\n<div class=\"wp-block-media-text is-stacked-on-mobile\"><figure class=\"wp-block-media-text__media\"><img loading=\"lazy\" decoding=\"async\" width=\"1019\" height=\"928\" src=\"https:\/\/4beauty-website-stage.247grad.de\/wp-content\/uploads\/2026\/08\/2026-03_Kinnstraffung-2_s4b.png\" alt=\"\u00c7ene Germe Dan\u0131\u015fmanl\u0131\u011f\u0131\" class=\"wp-image-895 size-full\" srcset=\"https:\/\/4beauty-website-stage.247grad.de\/wp-content\/uploads\/2026\/08\/2026-03_Kinnstraffung-2_s4b.png 1019w, https:\/\/4beauty-website-stage.247grad.de\/wp-content\/uploads\/2026\/08\/2026-03_Kinnstraffung-2_s4b-300x273.png 300w, https:\/\/4beauty-website-stage.247grad.de\/wp-content\/uploads\/2026\/08\/2026-03_Kinnstraffung-2_s4b-768x699.png 768w, https:\/\/4beauty-website-stage.247grad.de\/wp-content\/uploads\/2026\/08\/2026-03_Kinnstraffung-2_s4b-13x12.png 13w, https:\/\/4beauty-website-stage.247grad.de\/wp-content\/uploads\/2026\/08\/2026-03_Kinnstraffung-2_s4b-40x36.png 40w\" sizes=\"auto, (max-width: 1019px) 100vw, 1019px\" \/><\/figure><div class=\"wp-block-media-text__content\">\n<h2 class=\"wp-block-heading\" id=\"allgemeine-risiken-alle-methoden\">Genel riskler (t\u00fcm y\u00f6ntemler)<\/h2>\n\n<ul class=\"wp-block-list\">\n<li>\u015ei\u015flikler<\/li>\n\n\n\n<li>Hematomlar (kanama)<\/li>\n\n\n\n<li>Bas\u0131n\u00e7 veya gerginlik hissi<\/li>\n\n\n\n<li>Ge\u00e7ici uyu\u015fma hissi<\/li>\n\n\n\n<li>Asimetriler<\/li>\n<\/ul>\n\n<p class=\"wp-block-paragraph\">Bu yan etkiler genellikle ge\u00e7icidir ve birka\u00e7 g\u00fcn ile birka\u00e7 hafta i\u00e7inde ge\u00e7er.<\/p>\n\n<div class=\"wp-block-buttons is-layout-flex wp-block-buttons-is-layout-flex\">\n<div class=\"wp-block-button\"><a class=\"wp-block-button__link wp-element-button\" href=\"https:\/\/4beauty-website-stage.247grad.de\/tr\/sonraki-masraf-sigortasi\/\">Sonraki masraflar\u0131 sigortalamak<\/a><\/div>\n<\/div>\n<\/div><\/div>\n\n\n\n<h3 class=\"wp-block-heading\" id=\"spezifische-risiken-nach-methode\">Y\u00f6nteme g\u00f6re spesifik riskler<\/h3>\n\n\n\n<div class=\"wp-block-group is-layout-grid wp-container-core-group-is-layout-0ddedb66 wp-block-group-is-layout-grid\">\n<div class=\"wp-block-group is-style-boxed has-white-warm-background-color has-background is-layout-constrained wp-block-group-is-layout-constrained\">\n<p class=\"wp-block-paragraph\"><strong>\u00c7ene hatt\u0131n\u0131 belirginle\u015ftirmek i\u00e7in hyaluron<\/strong><\/p>\n\n<ul class=\"wp-block-list\">\n<li>Vask\u00fcler kompresyon (nadir, ancak ciddi)<\/li>\n\n\n\n<li>Nod\u00fcl olu\u015fumu<\/li>\n\n\n\n<li>A\u015f\u0131r\u0131 d\u00fczeltme<\/li>\n\n\n\n<li>Yanl\u0131\u015f teknik kullan\u0131ld\u0131\u011f\u0131nda ortaya \u00e7\u0131kan do\u011fal olmayan keskin konturlar<\/li>\n<\/ul>\n\n<p class=\"wp-block-paragraph\"><strong>\u26a0 \u00d6nemli:<\/strong> Alt \u00e7ene b\u00f6lgesinde \u00f6nemli damar yap\u0131lar\u0131 bulunmaktad\u0131r. Tedavi yaln\u0131zca uzmanlar taraf\u0131ndan yap\u0131lmal\u0131d\u0131r.<\/p>\n<\/div>\n\n<div class=\"wp-block-group is-style-boxed has-white-warm-background-color has-background is-layout-constrained wp-block-group-is-layout-constrained\">\n<p class=\"wp-block-paragraph\"><strong>\u0130plik Germe<\/strong><\/p>\n\n<ul class=\"wp-block-list\">\n<li>G\u00f6r\u00fcn\u00fcr veya elle hissedilebilen iplikler<\/li>\n\n\n\n<li>\u00c7ukurla\u015fma<\/li>\n\n\n\n<li>erken \u00e7\u00f6kme<\/li>\n\n\n\n<li>yerel iltihaplanma tepkileri<\/li>\n<\/ul>\n<\/div>\n\n<div class=\"wp-block-group is-style-boxed has-white-warm-background-color has-background is-layout-constrained wp-block-group-is-layout-constrained\">\n<p class=\"wp-block-paragraph\"><strong>Ya\u011f eritici enjeksiyon<\/strong><\/p>\n\n<ul class=\"wp-block-list\">\n<li>birka\u00e7 g\u00fcn s\u00fcren \u015fiddetli \u015fi\u015flik<\/li>\n\n\n\n<li>Bas\u0131nca a\u011fr\u0131<\/li>\n\n\n\n<li>d\u00fczensiz ya\u011f kayb\u0131<\/li>\n\n\n\n<li>birka\u00e7 oturum gerekli<\/li>\n<\/ul>\n<\/div>\n\n<div class=\"wp-block-group is-style-boxed has-white-warm-background-color has-background is-layout-constrained wp-block-group-is-layout-constrained\">\n<p class=\"wp-block-paragraph\"><strong>\u00c7enede ya\u011f emme<\/strong><\/p>\n\n<ul class=\"wp-block-list\">\n<li>Cilt y\u00fczeyindeki d\u00fczensizlikler<\/li>\n\n\n\n<li>Elastikiyet kayb\u0131nda cilt s\u0131k\u0131la\u015ft\u0131rma<\/li>\n\n\n\n<li>Sinir tahri\u015fleri<\/li>\n<\/ul>\n<\/div>\n\n<div class=\"wp-block-group is-style-boxed has-white-warm-background-color has-background is-layout-constrained wp-block-group-is-layout-constrained\">\n<p class=\"wp-block-paragraph\"><strong>Boyun Germe (Necklift)<\/strong><\/p>\n\n<ul class=\"wp-block-list\">\n<li>Yara izi olu\u015fumu<\/li>\n\n\n\n<li>Yara iyile\u015fme bozukluklar\u0131<\/li>\n\n\n\n<li>uzun s\u00fcreli duyusal bozukluklar<\/li>\n\n\n\n<li>Kanamalar veya enfeksiyonlar<\/li>\n<\/ul>\n<\/div>\n<\/div>\n\n\n\n<div class=\"wp-block-group is-style-boxed has-anchor-light-background-color has-background is-layout-constrained wp-block-group-is-layout-constrained\">\n<h2 class=\"wp-block-heading\" id=\"wann-sollte-man-von-einer-kinnstraffung-absehen\">\ud83d\udca1 \u00c7ene germe ameliyat\u0131ndan ne zaman ka\u00e7\u0131n\u0131lmal\u0131d\u0131r?<\/h2>\n\n<ul class=\"wp-block-list\">\n<li>ger\u00e7ek\u00e7i olmayan beklentiler<\/li>\n\n\n\n<li>yara iyile\u015fmesinde ciddi k\u0131s\u0131tl\u0131l\u0131k<\/li>\n\n\n\n<li>tedavi edilmemi\u015f p\u0131ht\u0131la\u015fma bozukluklar\u0131<\/li>\n\n\n\n<li>T\u0131bbi izin al\u0131nmam\u0131\u015f a\u011f\u0131r kronik hastal\u0131klar<\/li>\n<\/ul>\n\n<p class=\"wp-block-paragraph\">Ciddi bir uzman, t\u0131bbi veya psikolojik kontrendikasyonlar s\u00f6z konusu oldu\u011funda tedaviyi reddeder.<\/p>\n<\/div>\n\n\n\n<h2 class=\"wp-block-heading\" id=\"haltbarkeit-langzeiteffekte-wie-dauerhaft-ist-das-ergebnis\">Etkinin S\u00fcresi ve Uzun Vadeli Etkileri: Sonu\u00e7 ne kadar kal\u0131c\u0131d\u0131r?<\/h2>\n\n\n\n<p class=\"wp-block-paragraph\">S\u0131k\u00e7a sorulan bir soru \u015fudur: \u00c7ene germe ameliyat\u0131n\u0131n etkisi kal\u0131c\u0131 m\u0131d\u0131r? Cevap, se\u00e7ilen y\u00f6nteme ba\u011fl\u0131d\u0131r.<\/p>\n\n\n\n<div class=\"wp-block-group is-layout-grid wp-container-core-group-is-layout-bb0cbca6 wp-block-group-is-layout-grid\">\n<div class=\"wp-block-group is-style-boxed has-anchor-light-background-color has-background is-layout-constrained wp-block-group-is-layout-constrained\">\n<h3 class=\"wp-block-heading\" id=\"dauerhafte-verfahren\">Kal\u0131c\u0131 y\u00f6ntemler<\/h3>\n\n<ul class=\"wp-block-list\">\n<li>Liposuction (\u00e7\u0131kar\u0131lan ya\u011f h\u00fccreleri yeniden olu\u015fmaz)<\/li>\n\n\n\n<li>Boyun germe (cilt cerrahi olarak al\u0131n\u0131r)<\/li>\n\n\n\n<li>Ancak: Do\u011fal ya\u015flanma s\u00fcreci devam eder. \u0130lerleyen y\u0131llarda ciltte tekrar sarkmalar ortaya \u00e7\u0131kabilir ve sonu\u00e7ta elde edilen g\u00f6r\u00fcn\u00fcm de\u011fi\u015febilir.<\/li>\n<\/ul>\n<\/div>\n\n<div class=\"wp-block-group is-style-boxed has-apricot-light-background-color has-background is-layout-constrained wp-block-group-is-layout-constrained\">\n<h3 class=\"wp-block-heading\" id=\"temporare-verfahren\">Ge\u00e7ici y\u00f6ntemler<\/h3>\n\n<ul class=\"wp-block-list\">\n<li>Hyaluron (6\u201312 ay sonra yok olur)<\/li>\n\n\n\n<li>Kas gev\u015fetici (3\u20136 ay)<\/li>\n\n\n\n<li>\u0130plik germe (1\u20132 y\u0131l)<\/li>\n\n\n\n<li>Bu y\u00f6ntemler \u00f6zellikle hafif kontur d\u00fczeltmeleri, ameliyat \u00f6ncesi deneme a\u015famas\u0131 ve daha gen\u00e7 hastalar i\u00e7in uygundur.<\/li>\n<\/ul>\n<\/div>\n<\/div>\n\n\n\n<div class=\"wp-block-buttons is-layout-flex wp-block-buttons-is-layout-flex\">\n<div class=\"wp-block-button\"><a class=\"wp-block-button__link wp-element-button\" href=\"https:\/\/4beauty-website-stage.247grad.de\/tr\/sonraki-masraf-sigortasi\/\">Sonraki masraflar\u0131 sigortalamak<\/a><\/div>\n<\/div>\n\n\n\n<div class=\"wp-block-group is-style-boxed has-anchor-light-background-color has-background is-layout-constrained wp-block-group-is-layout-constrained\">\n<h2 class=\"wp-block-heading\" id=\"kinnstraffung-oder-alternativen-was-wirklich-hilft\">\u00c7ene germe mi, yoksa alternatifler mi? Ger\u00e7ekten i\u015fe yarayan nedir?<\/h2>\n\n<p class=\"wp-block-paragraph\">Herkesin hemen ameliyat olmas\u0131 gerekmez. Olas\u0131 alternatifler aras\u0131nda \u015funlar yer al\u0131r:<\/p>\n\n<ul class=\"wp-block-list\">\n<li>A\u015f\u0131r\u0131 ya\u011f birikimi durumunda do\u011fal kilo kayb\u0131<\/li>\n\n\n\n<li>Fizyoterap\u00f6tik yakla\u015f\u0131mlar \u00e7er\u00e7evesinde kas antrenman\u0131<\/li>\n\n\n\n<li>Cilt s\u0131k\u0131la\u015ft\u0131r\u0131c\u0131 cihaz tedavileri<\/li>\n\n\n\n<li>Hacim kazand\u0131rma ve cilt s\u0131k\u0131la\u015ft\u0131rman\u0131n birle\u015fimi<\/li>\n<\/ul>\n\n<p class=\"wp-block-paragraph\">\u00d6nemli olan, duruma \u00f6zel bir analizdir \u2013 genel ge\u00e7er \u00e7\u00f6z\u00fcmler nadiren en iyi sonu\u00e7lar\u0131 verir.<\/p>\n<\/div>\n\n\n\n<h2 class=\"wp-block-heading\" id=\"kosten-einer-kinnstraffung-preise-im-vergleich\">\u00c7ene germe ameliyat\u0131n\u0131n maliyeti: Fiyat kar\u015f\u0131la\u015ft\u0131rmas\u0131<\/h2>\n\n\n\n<p class=\"wp-block-paragraph\">Maliyetler, uygulanan y\u00f6ntem, kapsam ve b\u00f6lgeye ba\u011fl\u0131 olarak \u00f6nemli \u00f6l\u00e7\u00fcde de\u011fi\u015fiklik g\u00f6sterir. \u00d6nemli: Yasal sa\u011fl\u0131k sigortalar\u0131 genellikle estetik d\u00fczeltmelerin masraflar\u0131n\u0131 kar\u015f\u0131lamaz.<\/p>\n\n\n\n<figure class=\"wp-block-table\"><table class=\"has-fixed-layout\"><thead><tr><th>Tedavi<\/th><th>Ortalama maliyetler<\/th><th>Oturum say\u0131s\u0131<\/th><th>Uzun vadeli olma<\/th><\/tr><\/thead><tbody><tr><td>Hyaluron (\u00c7ene Hatt\u0131)<\/td><td>300\u2013800 \u20ac<\/td><td>1\u20132<\/td><td>ge\u00e7ici<\/td><\/tr><tr><td>\u0130plik Germe<\/td><td>800\u20132.000 \u20ac<\/td><td>1<\/td><td>1\u20132 y\u0131l<\/td><\/tr><tr><td>Ya\u011f eritici enjeksiyon<\/td><td>400\u20131.200 \u20ac<\/td><td>2\u20134<\/td><td>kal\u0131c\u0131 (ya\u011f h\u00fccreleri)<\/td><\/tr><tr><td>Liposuction<\/td><td>3.000\u20135.000 \u20ac<\/td><td>1<\/td><td>kal\u0131c\u0131<\/td><\/tr><tr><td>Boyun germe<\/td><td>5.000\u20139.000 \u20ac<\/td><td>1<\/td><td>uzun vadede<\/td><\/tr><\/tbody><\/table><\/figure>\n\n\n\n<div class=\"wp-block-buttons is-layout-flex wp-block-buttons-is-layout-flex\">\n<div class=\"wp-block-button\"><a class=\"wp-block-button__link wp-element-button\" href=\"https:\/\/4beauty-website-stage.247grad.de\/tr\/sonraki-masraf-sigortasi\/\">Sonraki masraflar\u0131 sigortalamak<\/a><\/div>\n<\/div>\n\n\n\n<div class=\"wp-block-group is-style-boxed has-anchor-light-background-color has-background is-layout-constrained wp-block-group-is-layout-constrained\">\n<h2 class=\"wp-block-heading\" id=\"was-beeinflusst-den-preis\">Fiyat\u0131 neler etkiler?<\/h2>\n\n<ul class=\"wp-block-list\">\n<li>Tedavi uygulay\u0131c\u0131s\u0131n\u0131n nitelikleri<\/li>\n\n\n\n<li>Klinik veya muayenehane konumu<\/li>\n\n\n\n<li>Anestezi t\u00fcr\u00fc<\/li>\n\n\n\n<li>Birden fazla y\u00f6ntemin birle\u015ftirilmesi<\/li>\n\n\n\n<li>Tedavi sonras\u0131 bak\u0131m masraflar\u0131<\/li>\n<\/ul>\n<\/div>\n\n\n\n<div class=\"wp-block-group is-style-boxed is-layout-constrained wp-block-group-is-layout-constrained\">\n<p class=\"wp-block-paragraph\"><strong>A\u015f\u0131r\u0131 ucuz tekliflere kar\u015f\u0131 dikkatli olun<\/strong><\/p>\n\n<p class=\"wp-block-paragraph\">\u00d6zellikle enjeksiyon tedavilerinde deneyim eksikli\u011fi, \u00e7ok daha y\u00fcksek ek maliyetlere yol a\u00e7an komplikasyonlara neden olabilir.<\/p>\n<\/div>\n\n\n\n<h3 class=\"wp-block-heading\" id=\"ubernimmt-die-krankenkasse-die-kosten-einer-kinnstraffung\">Sa\u011fl\u0131k sigortas\u0131 \u00e7ene germe ameliyat\u0131n\u0131n masraflar\u0131n\u0131 kar\u015f\u0131lar m\u0131?<\/h3>\n\n\n\n<p class=\"wp-block-paragraph\">\u00c7o\u011fu durumda \u00e7ene germe ameliyat\u0131 estetik bir i\u015flemdir ve bu nedenle hasta taraf\u0131ndan kar\u015f\u0131lanmas\u0131 gereken bir hizmet olarak kabul edilir.<\/p>\n\n\n\n<div class=\"wp-block-buttons is-layout-flex wp-block-buttons-is-layout-flex\">\n<div class=\"wp-block-button\"><a class=\"wp-block-button__link wp-element-button\" href=\"https:\/\/4beauty-website-stage.247grad.de\/tr\/sonraki-masraf-sigortasi\/\">Sonraki masraflar\u0131 sigortalamak<\/a><\/div>\n<\/div>\n\n\n\n<div class=\"wp-block-group is-style-boxed has-anchor-light-background-color has-background is-layout-constrained wp-block-group-is-layout-constrained\">\n<h2 class=\"wp-block-heading\" id=\"ausnahmefalle\">\u0130stisnai durumlar<\/h2>\n\n<p class=\"wp-block-paragraph\">A\u015fa\u011f\u0131daki durumlarda masraflar\u0131n kar\u015f\u0131lanmas\u0131 de\u011ferlendirilebilir:<\/p>\n\n<ul class=\"wp-block-list\">\n<li>belirgin malformasyonlar<\/li>\n\n\n\n<li>fonksiyonel k\u0131s\u0131tlamalar (\u00f6rne\u011fin, a\u015f\u0131r\u0131 kilo kayb\u0131n\u0131n ard\u0131ndan ciddi \u015fekilde hareket k\u0131s\u0131tl\u0131l\u0131\u011f\u0131na neden olan deri flepleri)<\/li>\n\n\n\n<li>kazalar sonras\u0131 rekonstr\u00fcktif ameliyatlar<\/li>\n<\/ul>\n\n<p class=\"wp-block-paragraph\">Karar her zaman ilgili sa\u011fl\u0131k sigortas\u0131 kurulu\u015fu taraf\u0131ndan bireysel olarak verilir.<\/p>\n<\/div>\n\n\n\n<div class=\"wp-block-media-text is-stacked-on-mobile\"><figure class=\"wp-block-media-text__media\"><img loading=\"lazy\" decoding=\"async\" width=\"1015\" height=\"939\" src=\"https:\/\/4beauty-website-stage.247grad.de\/wp-content\/uploads\/2026\/08\/2026-02_Genitalkosmetik-Manner_s4b.de-2.png\" alt=\"Erkeklerde Genital Estetik Ameliyat\u0131\" class=\"wp-image-888 size-full\" srcset=\"https:\/\/4beauty-website-stage.247grad.de\/wp-content\/uploads\/2026\/08\/2026-02_Genitalkosmetik-Manner_s4b.de-2.png 1015w, https:\/\/4beauty-website-stage.247grad.de\/wp-content\/uploads\/2026\/08\/2026-02_Genitalkosmetik-Manner_s4b.de-2-300x278.png 300w, https:\/\/4beauty-website-stage.247grad.de\/wp-content\/uploads\/2026\/08\/2026-02_Genitalkosmetik-Manner_s4b.de-2-768x710.png 768w, https:\/\/4beauty-website-stage.247grad.de\/wp-content\/uploads\/2026\/08\/2026-02_Genitalkosmetik-Manner_s4b.de-2-13x12.png 13w, https:\/\/4beauty-website-stage.247grad.de\/wp-content\/uploads\/2026\/08\/2026-02_Genitalkosmetik-Manner_s4b.de-2-40x37.png 40w\" sizes=\"auto, (max-width: 1015px) 100vw, 1015px\" \/><\/figure><div class=\"wp-block-media-text__content\">\n<h2 class=\"wp-block-heading\" id=\"private-krankenversicherung\">\u00d6zel Sa\u011fl\u0131k Sigortas\u0131<\/h2>\n\n<p class=\"wp-block-paragraph\">Tarifeye ba\u011fl\u0131 olarak, \u00f6zellikle t\u0131bbi endikasyon olmas\u0131 durumunda, masraflar\u0131n bir k\u0131sm\u0131n\u0131n kar\u015f\u0131lanmas\u0131 m\u00fcmk\u00fcn olabilir. Bu nedenle, \u00f6nceden masraflar\u0131n netle\u015ftirilmesi kesinlikle tavsiye edilir.<\/p>\n<\/div><\/div>\n\n\n\n<div class=\"wp-block-group is-style-boxed has-anchor-light-background-color has-background is-layout-constrained wp-block-group-is-layout-constrained\">\n<h2 class=\"wp-block-heading\" id=\"abgesichert-mit-4beauty-die-folgekostenversicherung-fur-ihren-eingriff\">4beauty ile g\u00fcvence alt\u0131nda: Ameliyat\u0131n\u0131z i\u00e7in takip masraflar\u0131 sigortas\u0131<\/h2>\n\n<p class=\"wp-block-paragraph\">\u00c7ene germe, \u00e7ift \u00e7ene liposuctionu veya boyun germe gibi estetik tedaviler, yasal olarak t\u0131bbi a\u00e7\u0131dan gerekli olmayan m\u00fcdahaleler olarak kabul edilir. Komplikasyonlar ortaya \u00e7\u0131karsa, yasal sa\u011fl\u0131k sigortalar\u0131 genellikle ortaya \u00e7\u0131kan masraflar\u0131 kar\u015f\u0131lamaz veya sadece s\u0131n\u0131rl\u0131 \u00f6l\u00e7\u00fcde kar\u015f\u0131lar.<\/p>\n\n<p class=\"wp-block-paragraph\">Bir <a href=\"https:\/\/4beauty-website-stage.247grad.de\/tr\/sonraki-masraf-sigortasi\/\">Sonras\u0131 Maliyet Sigortas\u0131<\/a> estetik bir tedavinin ard\u0131ndan a\u015fa\u011f\u0131daki gibi t\u0131bbi komplikasyonlar ortaya \u00e7\u0131kmas\u0131 durumunda hastalara mali g\u00fcvence sa\u011flar:<\/p>\n\n<ul class=\"wp-block-list\">\n<li>hastanede yat\u0131\u015f gerektiren<\/li>\n\n\n\n<li>cerrahi d\u00fczeltmelerin yap\u0131lmas\u0131n\u0131 gerektiren<\/li>\n\n\n\n<li>yo\u011fun bak\u0131m gerektiren<\/li>\n\n\n\n<li>ek te\u015fhis veya takip tedavilerine yol a\u00e7mak<\/li>\n<\/ul>\n\n<p class=\"wp-block-paragraph\">Onun yerine <strong>hay\u0131r<\/strong> Tedaviyi y\u00fcr\u00fcten hekimin sorumluluk sigortas\u0131 de\u011fil; aksi takdirde \u00f6zel olarak kar\u015f\u0131lanmas\u0131 gereken ek tedavi masraflar\u0131n\u0131 kar\u015f\u0131lar.<\/p>\n\n<div class=\"wp-block-buttons is-layout-flex wp-block-buttons-is-layout-flex\">\n<div class=\"wp-block-button\"><a class=\"wp-block-button__link wp-element-button\" href=\"https:\/\/4beauty-website-stage.247grad.de\/tr\/sonraki-masraf-sigortasi\/\">Sonraki masraflar\u0131 sigortalamak<\/a><\/div>\n<\/div>\n<\/div>\n\n\n\n<h2 class=\"wp-block-heading\" id=\"haufige-fragen-zur-kinnstraffung-faq\">\u00c7ene Germe Ameliyat\u0131 Hakk\u0131nda S\u0131k Sorulan Sorular (SSS)<\/h2>\n\n\n\n<div data-wp-context=\"{ &quot;autoclose&quot;: false, &quot;accordionItems&quot;: [] }\" data-wp-interactive=\"core\/accordion\" role=\"group\" class=\"wp-block-accordion is-layout-flow wp-block-accordion-is-layout-flow\">\n<div data-wp-class--is-open=\"state.isOpen\" data-wp-context=\"{ &quot;id&quot;: &quot;accordion-item-1&quot;, &quot;openByDefault&quot;: false }\" data-wp-init=\"callbacks.initAccordionItems\" data-wp-on-window--hashchange=\"callbacks.hashChange\" class=\"wp-block-accordion-item is-layout-flow wp-block-accordion-item-is-layout-flow\">\n<h3 class=\"wp-block-accordion-heading\"><button aria-expanded=\"false\" aria-controls=\"accordion-item-1-panel\" data-wp-bind--aria-expanded=\"state.isOpen\" data-wp-on--click=\"actions.toggle\" id=\"accordion-item-1\" type=\"button\" class=\"wp-block-accordion-heading__toggle\"><span class=\"wp-block-accordion-heading__toggle-title\">\u00c7ene germe ameliyat\u0131 ne kadar ac\u0131 vericidir?<\/span><span class=\"wp-block-accordion-heading__toggle-icon\" aria-hidden=\"true\">+<\/span><\/button><\/h3>\n\n\n\n<div aria-labelledby=\"accordion-item-1\" data-wp-bind--hidden=\"state.isHidden\" data-wp-on--beforematch=\"actions.handleBeforeMatch\" id=\"accordion-item-1-panel\" role=\"region\" class=\"wp-block-accordion-panel is-layout-flow wp-block-accordion-panel-is-layout-flow\">\n<p class=\"wp-block-paragraph\">Minimal invaziv tedaviler genellikle iyi tolere edilir. Ancak cerrahi m\u00fcdahaleler anestezi alt\u0131nda ger\u00e7ekle\u015ftirilir. Ameliyat sonras\u0131 a\u011fr\u0131lar genellikle orta \u015fiddettedir ve kolayca tedavi edilebilir.<\/p>\n<\/div>\n<\/div>\n\n\n\n<div data-wp-class--is-open=\"state.isOpen\" data-wp-context=\"{ &quot;id&quot;: &quot;accordion-item-2&quot;, &quot;openByDefault&quot;: false }\" data-wp-init=\"callbacks.initAccordionItems\" data-wp-on-window--hashchange=\"callbacks.hashChange\" class=\"wp-block-accordion-item is-layout-flow wp-block-accordion-item-is-layout-flow\">\n<h3 class=\"wp-block-accordion-heading\"><button aria-expanded=\"false\" aria-controls=\"accordion-item-2-panel\" data-wp-bind--aria-expanded=\"state.isOpen\" data-wp-on--click=\"actions.toggle\" id=\"accordion-item-2\" type=\"button\" class=\"wp-block-accordion-heading__toggle\"><span class=\"wp-block-accordion-heading__toggle-title\">\u00c7ene germe ameliyat\u0131n\u0131n etkisi ne kadar s\u00fcrer?<\/span><span class=\"wp-block-accordion-heading__toggle-icon\" aria-hidden=\"true\">+<\/span><\/button><\/h3>\n\n\n\n<div aria-labelledby=\"accordion-item-2\" data-wp-bind--hidden=\"state.isHidden\" data-wp-on--beforematch=\"actions.handleBeforeMatch\" id=\"accordion-item-2-panel\" role=\"region\" class=\"wp-block-accordion-panel is-layout-flow wp-block-accordion-panel-is-layout-flow\">\n<ul class=\"wp-block-list\">\n<li>Hyaluron: 6\u201312 ay<\/li>\n\n\n\n<li>\u0130plik germe: 1\u20132 y\u0131l<\/li>\n\n\n\n<li>Liposuction \/ Boyun germe: uzun vadede<\/li>\n<\/ul>\n<\/div>\n<\/div>\n\n\n\n<div data-wp-class--is-open=\"state.isOpen\" data-wp-context=\"{ &quot;id&quot;: &quot;accordion-item-3&quot;, &quot;openByDefault&quot;: false }\" data-wp-init=\"callbacks.initAccordionItems\" data-wp-on-window--hashchange=\"callbacks.hashChange\" class=\"wp-block-accordion-item is-layout-flow wp-block-accordion-item-is-layout-flow\">\n<h3 class=\"wp-block-accordion-heading\"><button aria-expanded=\"false\" aria-controls=\"accordion-item-3-panel\" data-wp-bind--aria-expanded=\"state.isOpen\" data-wp-on--click=\"actions.toggle\" id=\"accordion-item-3\" type=\"button\" class=\"wp-block-accordion-heading__toggle\"><span class=\"wp-block-accordion-heading__toggle-title\">Ameliyats\u0131z olarak \u00e7ift \u00e7ene kal\u0131c\u0131 olarak giderilebilir mi?<\/span><span class=\"wp-block-accordion-heading__toggle-icon\" aria-hidden=\"true\">+<\/span><\/button><\/h3>\n\n\n\n<div aria-labelledby=\"accordion-item-3\" data-wp-bind--hidden=\"state.isHidden\" data-wp-on--beforematch=\"actions.handleBeforeMatch\" id=\"accordion-item-3-panel\" role=\"region\" class=\"wp-block-accordion-panel is-layout-flow wp-block-accordion-panel-is-layout-flow\">\n<p class=\"wp-block-paragraph\">Yaln\u0131zca tamamen ya\u011f birikimi s\u00f6z konusu oldu\u011funda (\u00f6rne\u011fin, liposuction veya ba\u015far\u0131l\u0131 bir kilo kayb\u0131 sonucunda). Cilt fazlal\u0131\u011f\u0131 durumunda, ameliyats\u0131z bir y\u00f6ntem genellikle yeterli olmaz.<\/p>\n<\/div>\n<\/div>\n\n\n\n<div data-wp-class--is-open=\"state.isOpen\" data-wp-context=\"{ &quot;id&quot;: &quot;accordion-item-4&quot;, &quot;openByDefault&quot;: false }\" data-wp-init=\"callbacks.initAccordionItems\" data-wp-on-window--hashchange=\"callbacks.hashChange\" class=\"wp-block-accordion-item is-layout-flow wp-block-accordion-item-is-layout-flow\">\n<h3 class=\"wp-block-accordion-heading\"><button aria-expanded=\"false\" aria-controls=\"accordion-item-4-panel\" data-wp-bind--aria-expanded=\"state.isOpen\" data-wp-on--click=\"actions.toggle\" id=\"accordion-item-4\" type=\"button\" class=\"wp-block-accordion-heading__toggle\"><span class=\"wp-block-accordion-heading__toggle-title\">\u00c7ene germe ameliyat\u0131 hangi ya\u015ftan itibaren uygun olur?<\/span><span class=\"wp-block-accordion-heading__toggle-icon\" aria-hidden=\"true\">+<\/span><\/button><\/h3>\n\n\n\n<div aria-labelledby=\"accordion-item-4\" data-wp-bind--hidden=\"state.isHidden\" data-wp-on--beforematch=\"actions.handleBeforeMatch\" id=\"accordion-item-4-panel\" role=\"region\" class=\"wp-block-accordion-panel is-layout-flow wp-block-accordion-panel-is-layout-flow\">\n<p class=\"wp-block-paragraph\">Bu, ya\u015ftan \u00e7ok ki\u015finin sa\u011fl\u0131k durumuna ba\u011fl\u0131d\u0131r. \u0130lk minimal invaziv m\u00fcdahaleler genellikle 30\u201340 ya\u015f\u0131ndan itibaren uygulan\u0131r.<\/p>\n<\/div>\n<\/div>\n\n\n\n<div data-wp-class--is-open=\"state.isOpen\" data-wp-context=\"{ &quot;id&quot;: &quot;accordion-item-5&quot;, &quot;openByDefault&quot;: false }\" data-wp-init=\"callbacks.initAccordionItems\" data-wp-on-window--hashchange=\"callbacks.hashChange\" class=\"wp-block-accordion-item is-layout-flow wp-block-accordion-item-is-layout-flow\">\n<h3 class=\"wp-block-accordion-heading\"><button aria-expanded=\"false\" aria-controls=\"accordion-item-5-panel\" data-wp-bind--aria-expanded=\"state.isOpen\" data-wp-on--click=\"actions.toggle\" id=\"accordion-item-5\" type=\"button\" class=\"wp-block-accordion-heading__toggle\"><span class=\"wp-block-accordion-heading__toggle-title\">Yara izi var m\u0131?<\/span><span class=\"wp-block-accordion-heading__toggle-icon\" aria-hidden=\"true\">+<\/span><\/button><\/h3>\n\n\n\n<div aria-labelledby=\"accordion-item-5\" data-wp-bind--hidden=\"state.isHidden\" data-wp-on--beforematch=\"actions.handleBeforeMatch\" id=\"accordion-item-5-panel\" role=\"region\" class=\"wp-block-accordion-panel is-layout-flow wp-block-accordion-panel-is-layout-flow\">\n<p class=\"wp-block-paragraph\">Cerrahi m\u00fcdahalelerde evet \u2013 ancak bunlar m\u00fcmk\u00fcn oldu\u011funca g\u00f6ze \u00e7arpmayacak \u015fekilde yerle\u015ftirilir (\u00f6rne\u011fin, kula\u011f\u0131n arkas\u0131nda veya \u00e7enenin alt\u0131nda).<\/p>\n<\/div>\n<\/div>\n<\/div>","protected":false},"excerpt":{"rendered":"<p>\u00c7ift \u00e7ene mi, yoksa boyunda sarkm\u0131\u015f cilt mi? Dolgu tedavilerinden boyun germe ameliyat\u0131na kadar: Size en uygun \u00e7ene germe y\u00f6ntemini ve bunun maliyetini a\u00e7\u0131kl\u0131yoruz.<\/p>","protected":false},"author":1,"featured_media":894,"comment_status":"open","ping_status":"open","sticky":false,"template":"","format":"standard","meta":{"_acf_changed":false,"inline_featured_image":false,"footnotes":""},"categories":[14],"tags":[],"class_list":["post-983","post","type-post","status-publish","format-standard","has-post-thumbnail","hentry","category-behandlungen"],"acf":[],"_links":{"self":[{"href":"https:\/\/4beauty-website-stage.247grad.de\/tr\/wp-json\/wp\/v2\/posts\/983","targetHints":{"allow":["GET"]}}],"collection":[{"href":"https:\/\/4beauty-website-stage.247grad.de\/tr\/wp-json\/wp\/v2\/posts"}],"about":[{"href":"https:\/\/4beauty-website-stage.247grad.de\/tr\/wp-json\/wp\/v2\/types\/post"}],"author":[{"embeddable":true,"href":"https:\/\/4beauty-website-stage.247grad.de\/tr\/wp-json\/wp\/v2\/users\/1"}],"replies":[{"embeddable":true,"href":"https:\/\/4beauty-website-stage.247grad.de\/tr\/wp-json\/wp\/v2\/comments?post=983"}],"version-history":[{"count":1,"href":"https:\/\/4beauty-website-stage.247grad.de\/tr\/wp-json\/wp\/v2\/posts\/983\/revisions"}],"predecessor-version":[{"id":1025,"href":"https:\/\/4beauty-website-stage.247grad.de\/tr\/wp-json\/wp\/v2\/posts\/983\/revisions\/1025"}],"wp:featuredmedia":[{"embeddable":true,"href":"https:\/\/4beauty-website-stage.247grad.de\/tr\/wp-json\/wp\/v2\/media\/894"}],"wp:attachment":[{"href":"https:\/\/4beauty-website-stage.247grad.de\/tr\/wp-json\/wp\/v2\/media?parent=983"}],"wp:term":[{"taxonomy":"category","embeddable":true,"href":"https:\/\/4beauty-website-stage.247grad.de\/tr\/wp-json\/wp\/v2\/categories?post=983"},{"taxonomy":"post_tag","embeddable":true,"href":"https:\/\/4beauty-website-stage.247grad.de\/tr\/wp-json\/wp\/v2\/tags?post=983"}],"curies":[{"name":"wp","href":"https:\/\/api.w.org\/{rel}","templated":true}]}}