{"id":998,"date":"2026-07-08T12:11:47","date_gmt":"2026-07-08T10:11:47","guid":{"rendered":"https:\/\/4beauty-website-stage.247grad.de\/?p=998"},"modified":"2026-07-08T12:33:55","modified_gmt":"2026-07-08T10:33:55","slug":"genel-anestezi-trans-anestezi-veya-lokal-anestezi","status":"publish","type":"post","link":"https:\/\/4beauty-website-stage.247grad.de\/tr\/vollnarkose-daemmerschlaf-oder-lokalanaesthesie\/","title":{"rendered":"Genel anestezi, yar\u0131 uykulu anestezi veya lokal anestezi: Hangi anestezi t\u00fcr\u00fc ne zaman uygun olur?"},"content":{"rendered":"<div class=\"wp-block-group is-style-boxed has-apricot-light-background-color has-background is-layout-constrained wp-block-group-is-layout-constrained\">\n<p class=\"wp-block-paragraph\"><strong>Genel anestezi, yar\u0131 uykulu anestezi veya lokal anestezi:<\/strong><\/p>\n\n<p class=\"wp-block-paragraph\">Genel anestezi, bilinci ve kendi kendine solunumu tamamen durdurur. Yar\u0131 uykulu durum (analgo-sedasyon), derin bir gev\u015feme halindeyken kendi kendine solunumu s\u00fcrd\u00fcr\u00fcr. Lokal anestezi ise v\u00fccudun sadece belirli bir b\u00f6lgesini uyu\u015fturur; hasta uyan\u0131k kal\u0131r.<\/p>\n<\/div>\n\n\n\n<div class=\"wp-block-rank-math-toc-block\" id=\"rank-math-toc\"><h2>\u0130\u00e7indekiler<\/h2><nav><ul><li class=\"\"><a href=\"#die-drei-narkoseverfahren-im-uberblick\">\u00dc\u00e7 anestezi y\u00f6ntemine genel bak\u0131\u015f<\/a><\/li><li class=\"\"><a href=\"#welches-verfahren-wird-bei-welchem-eingriff-eingesetzt\">Hangi i\u015flemde hangi y\u00f6ntem kullan\u0131l\u0131r?<\/a><\/li><li class=\"\"><a href=\"#kontraindikationen-wer-ist-fur-welches-verfahren-nicht-geeignet\">Kontrendikasyonlar: Kimler hangi i\u015flem i\u00e7in uygun de\u011fildir?<\/a><\/li><li class=\"\"><a href=\"#risiken-und-typische-nebenwirkungen\">Riskler ve tipik yan etkiler<\/a><\/li><li class=\"\"><a href=\"#finanzielle-absicherung-bei-komplikationen-nach-schonheits-ops\">Estetik ameliyatlar sonras\u0131 ortaya \u00e7\u0131kan komplikasyonlara kar\u015f\u0131 mali g\u00fcvence<\/a><\/li><li class=\"\"><a href=\"#haufige-fragen-zu-narkoseverfahren-bei-schonheitsoperationen\">Estetik ameliyatlarda anestezi y\u00f6ntemlerine ili\u015fkin s\u0131k sorulan sorular<\/a><\/li><\/ul><\/nav><\/div>\n\n\n\n<div class=\"wp-block-group is-style-boxed has-white-warm-background-color has-background is-layout-constrained wp-block-group-is-layout-constrained\">\n<p class=\"wp-block-paragraph\"><strong>\u00d6nemli uyar\u0131<\/strong><\/p>\n\n\n\n<p class=\"wp-block-paragraph\">Bu makale yaln\u0131zca bilgilendirme ama\u00e7l\u0131d\u0131r ve t\u0131bbi tan\u0131 veya tavsiyenin yerini almaz. Herhangi bir belirsizlik durumunda ve ki\u015fiye \u00f6zel bir tedavi plan\u0131 haz\u0131rlamak i\u00e7in, uzman bir hekimle g\u00f6r\u00fc\u015fmek \u015fartt\u0131r.<\/p>\n<\/div>\n\n\n\n<p class=\"wp-block-paragraph\">Estetik ameliyat planlayan herkes, erken bir a\u015famada uygun anestezi y\u00f6ntemini se\u00e7me sorusuyla kar\u015f\u0131 kar\u015f\u0131ya kal\u0131r. Se\u00e7im, ameliyat\u0131n kapsam\u0131na, ki\u015finin sa\u011fl\u0131k durumuna ve \u2014 genellikle hafife al\u0131nan \u2014 finansal planlamay\u0131 do\u011frudan etkileyen komplikasyon riskine ba\u011fl\u0131d\u0131r.<\/p>\n\n\n\n<figure class=\"wp-block-image size-large\"><img loading=\"lazy\" decoding=\"async\" width=\"1536\" height=\"1024\" src=\"https:\/\/4beauty-website-stage.247grad.de\/wp-content\/uploads\/2026\/08\/2026-07_01-arzt-erkl-rt-patientin-die-verschiedenen-narkoseverfahren-vo.png\" alt=\"Doktor, estetik ameliyat \u00f6ncesinde hastas\u0131na \u00e7e\u015fitli anestezi y\u00f6ntemlerini a\u00e7\u0131kl\u0131yor\" class=\"wp-image-911\" srcset=\"https:\/\/4beauty-website-stage.247grad.de\/wp-content\/uploads\/2026\/08\/2026-07_01-arzt-erkl-rt-patientin-die-verschiedenen-narkoseverfahren-vo.png 1536w, https:\/\/4beauty-website-stage.247grad.de\/wp-content\/uploads\/2026\/08\/2026-07_01-arzt-erkl-rt-patientin-die-verschiedenen-narkoseverfahren-vo-900x600.png 900w, https:\/\/4beauty-website-stage.247grad.de\/wp-content\/uploads\/2026\/08\/2026-07_01-arzt-erkl-rt-patientin-die-verschiedenen-narkoseverfahren-vo-300x200.png 300w, https:\/\/4beauty-website-stage.247grad.de\/wp-content\/uploads\/2026\/08\/2026-07_01-arzt-erkl-rt-patientin-die-verschiedenen-narkoseverfahren-vo-768x512.png 768w, https:\/\/4beauty-website-stage.247grad.de\/wp-content\/uploads\/2026\/08\/2026-07_01-arzt-erkl-rt-patientin-die-verschiedenen-narkoseverfahren-vo-1024x683.png 1024w, https:\/\/4beauty-website-stage.247grad.de\/wp-content\/uploads\/2026\/08\/2026-07_01-arzt-erkl-rt-patientin-die-verschiedenen-narkoseverfahren-vo-18x12.png 18w, https:\/\/4beauty-website-stage.247grad.de\/wp-content\/uploads\/2026\/08\/2026-07_01-arzt-erkl-rt-patientin-die-verschiedenen-narkoseverfahren-vo-40x27.png 40w\" sizes=\"auto, (max-width: 1536px) 100vw, 1536px\" \/><\/figure>\n\n\n\n<h2 class=\"wp-block-heading\" id=\"die-drei-narkoseverfahren-im-uberblick\">\u00dc\u00e7 anestezi y\u00f6ntemine genel bak\u0131\u015f<\/h2>\n\n\n\n<div class=\"wp-block-group is-style-boxed has-apricot-light-background-color has-background is-layout-constrained wp-block-group-is-layout-constrained\">\n<p class=\"wp-block-paragraph\"><strong>En \u00f6nemli noktalar bir bak\u0131\u015fta<\/strong><\/p>\n\n<ul class=\"wp-block-list\">\n<li><strong>Genel anestezi:<\/strong> bilin\u00e7sizlik, yapay solunum, anestezi uzman\u0131n\u0131n bulunmas\u0131 zorunludur<\/li>\n\n\n\n<li><strong>Alacakaranl\u0131k uykusu:<\/strong> Kendi solunumunu s\u00fcrd\u00fcrme, derin gev\u015feme, damar yoluyla intraven\u00f6z sedasyon<\/li>\n\n\n\n<li><strong>Lokal anestezi:<\/strong> lokal anestezi, hasta uyan\u0131k, d\u00fc\u015f\u00fck risk profili<\/li>\n<\/ul>\n<\/div>\n\n\n\n<h3 class=\"wp-block-heading\" id=\"vollnarkose-allgemeinanasthesie\">Tam anestezi (genel anestezi)<\/h3>\n\n\n\n<p class=\"wp-block-paragraph\">Genel anestezi, anestezinin en kapsaml\u0131 \u015feklidir. \u00dc\u00e7 farkl\u0131 ila\u00e7 s\u0131n\u0131f\u0131 birlikte etki g\u00f6sterir: bir hipnotik (uyku ilac\u0131), a\u011fr\u0131y\u0131 gidermek i\u00e7in bir opioid ve bir kas gev\u015fetici. V\u00fccut, kontroll\u00fc bir derin uykuya dalar. Koruyucu refleksler devre d\u0131\u015f\u0131 kald\u0131\u011f\u0131ndan, solunum i\u015flevi bir solunum cihaz\u0131 taraf\u0131ndan \u00fcstlenilir. Bir anesteziyoloji uzman\u0131, t\u00fcm m\u00fcdahaleyi izler.<\/p>\n\n\n\n<p class=\"wp-block-paragraph\">\u0130\u015flemden \u00f6nce anestezi ekibi, genellikle el s\u0131rt\u0131nda bir damar yolu a\u00e7ar. Etkisi saniyeler i\u00e7inde ba\u015flar. \u0130\u015flemden sonra ila\u00e7lar kademeli olarak azalt\u0131l\u0131r ve hasta kontroll\u00fc bir \u015fekilde uyan\u0131r. Alman Anesteziyoloji ve Yo\u011fun Bak\u0131m T\u0131bb\u0131 Derne\u011fi\u2019nin (DGAI) \u00f6nerilerine g\u00f6re, anesteziden birka\u00e7 saat \u00f6nce kat\u0131 g\u0131dalardan ka\u00e7\u0131n\u0131lmal\u0131d\u0131r. Berrak s\u0131v\u0131lar ise i\u015flemden yakla\u015f\u0131k iki saat \u00f6ncesine kadar izin verilir.<\/p>\n\n\n\n<h3 class=\"wp-block-heading\" id=\"dammerschlaf-analgosedierung\">Yar\u0131 uykulu durum (analog sedasyon)<\/h3>\n\n\n\n<p class=\"wp-block-paragraph\">Yar\u0131 uykulu durum \u2014 t\u0131bbi terimle analgo-sedasyon veya sedasyon \u2014 hafif bir anestezi de\u011fil, derin bir gev\u015feme halidir. Sedatifler ve analjezikler damar yoluyla verilir. Genel anesteziden en \u00f6nemli fark\u0131 \u015fudur: Hasta kendi ba\u015f\u0131na nefes almaya devam eder, solunum cihaz\u0131na gerek yoktur. Hastalar i\u015flemden sonra tedaviyi hat\u0131rlamazlar. \u00d6zel e\u011fitim alm\u0131\u015f bir doktor, kalp-damar fonksiyonlar\u0131n\u0131 s\u00fcrekli olarak izler.<\/p>\n\n\n\n<h3 class=\"wp-block-heading\" id=\"lokalanasthesie-ortliche-betaubung\">Lokal anestezi (yerel uyu\u015fturma)<\/h3>\n\n\n\n<p class=\"wp-block-paragraph\">Lokal anestezi, bir anestezik maddenin do\u011frudan dokuya hedefli bir \u015fekilde enjekte edilmesiyle, v\u00fccudun a\u00e7\u0131k\u00e7a s\u0131n\u0131rland\u0131r\u0131lm\u0131\u015f bir b\u00f6lgesini uyu\u015fturur. Hasta tamamen uyan\u0131k ve tepki verebilir durumda kal\u0131r. Ne bilin\u00e7 ne de kendi kendine solunum etkilenmez. Bir anestezi uzman\u0131n\u0131n bulunmas\u0131 zorunlu de\u011fildir. Lokal anestezi, bu \u00fc\u00e7 y\u00f6ntem aras\u0131nda en d\u00fc\u015f\u00fck riskli olan\u0131d\u0131r \u2014 k\u00fc\u00e7\u00fck ve y\u00fczeysel m\u00fcdahalelerle s\u0131n\u0131rl\u0131d\u0131r.<\/p>\n\n\n\n<figure class=\"wp-block-table\"><table class=\"has-fixed-layout\"><thead><tr><th>\u00d6zellik<\/th><th>Genel anestezi<\/th><th>Alacakaranl\u0131k uykusu<\/th><th>Lokal anestezi<\/th><\/tr><\/thead><tbody><tr><td>Fark\u0131ndal\u0131k<\/td><td>Tamamen kapal\u0131<\/td><td>A\u015f\u0131r\u0131 derecede bast\u0131r\u0131lm\u0131\u015f, hi\u00e7bir an\u0131 yok<\/td><td>Tamamen korunmu\u015f<\/td><\/tr><tr><td>Kendi kendine solunum<\/td><td>Hay\u0131r (solunum deste\u011fi gerekli)<\/td><td>Evet<\/td><td>Evet<\/td><\/tr><tr><td>Anestezi uzman\u0131<\/td><td>Zorunluluk<\/td><td>Gerekli<\/td><td>Zorunlu de\u011fildir<\/td><\/tr><tr><td>Dinlenme s\u00fcresi<\/td><td>6 \u2013 24 saat<\/td><td>2 \u2013 6 saat<\/td><td>Birka\u00e7 saat<\/td><\/tr><\/tbody><\/table><\/figure>\n\n\n\n<h2 class=\"wp-block-heading\" id=\"welches-verfahren-wird-bei-welchem-eingriff-eingesetzt\">Hangi i\u015flemde hangi y\u00f6ntem kullan\u0131l\u0131r?<\/h2>\n\n\n\n<p class=\"wp-block-paragraph\">Anestezi uzman\u0131, hangi y\u00f6ntemin uygulanaca\u011f\u0131na hastayla birlikte karar verir. Bu karar, m\u00fcdahalenin kapsam\u0131 ve hastan\u0131n bireysel sa\u011fl\u0131k durumuna g\u00f6re verilir. T\u0131bbi a\u00e7\u0131dan uygun oldu\u011fu \u00f6l\u00e7\u00fcde, hastan\u0131n kendi tercihleri de dikkate al\u0131n\u0131r.<\/p>\n\n\n\n<ul class=\"wp-block-list\">\n<li><strong>Genel anestezi<\/strong> Kapsaml\u0131 estetik ameliyatlarda kullan\u0131l\u0131r \u2014 \u00f6rne\u011fin kar\u0131n germe, b\u00fcy\u00fck \u00e7apl\u0131 liposuction veya implantl\u0131 g\u00f6\u011f\u00fcs ameliyatlar\u0131nda. Bu m\u00fcdahaleler kaslar\u0131n tamamen gev\u015femesini gerektirir.<\/li>\n\n\n\n<li><strong>Alacakaranl\u0131k uykusu<\/strong> Burun esteti\u011fi veya g\u00f6z kapa\u011f\u0131 germe gibi orta d\u00fczeyde m\u00fcdahaleler i\u00e7in tavsiye edilir. Deneyimlere g\u00f6re, korku duyan hastalar bu y\u00f6ntemi tercih ederler \u00e7\u00fcnk\u00fc ne tam bilin\u00e7 kayb\u0131na ne de solunum deste\u011fine ihtiya\u00e7 duyarlar. \u0130\u015flem ayakta yap\u0131labilir; eve d\u00f6n\u00fc\u015f i\u00e7in bir refakat\u00e7inin bulunmas\u0131 zorunludur.<\/li>\n\n\n\n<li><strong>Lokal anestezi<\/strong> Derin dokuya eri\u015fim gerektirmeyen k\u00fc\u00e7\u00fck, y\u00fczeysel d\u00fczeltmeler i\u00e7in yeterlidir.<\/li>\n<\/ul>\n\n\n\n<figure class=\"wp-block-image size-large\"><img loading=\"lazy\" decoding=\"async\" width=\"1536\" height=\"1024\" src=\"https:\/\/4beauty-website-stage.247grad.de\/wp-content\/uploads\/2026\/08\/2026-07_02-schematische-bersicht-zeigt-welche-narkosemethode-f-r-welche.png\" alt=\"\u015eematik tablo, liposuction veya burun esteti\u011fi gibi estetik ameliyatlar i\u00e7in hangi anestezi y\u00f6nteminin \u00f6nerildi\u011fini g\u00f6stermektedir.\" class=\"wp-image-922\" srcset=\"https:\/\/4beauty-website-stage.247grad.de\/wp-content\/uploads\/2026\/08\/2026-07_02-schematische-bersicht-zeigt-welche-narkosemethode-f-r-welche.png 1536w, https:\/\/4beauty-website-stage.247grad.de\/wp-content\/uploads\/2026\/08\/2026-07_02-schematische-bersicht-zeigt-welche-narkosemethode-f-r-welche-900x600.png 900w, https:\/\/4beauty-website-stage.247grad.de\/wp-content\/uploads\/2026\/08\/2026-07_02-schematische-bersicht-zeigt-welche-narkosemethode-f-r-welche-300x200.png 300w, https:\/\/4beauty-website-stage.247grad.de\/wp-content\/uploads\/2026\/08\/2026-07_02-schematische-bersicht-zeigt-welche-narkosemethode-f-r-welche-768x512.png 768w, https:\/\/4beauty-website-stage.247grad.de\/wp-content\/uploads\/2026\/08\/2026-07_02-schematische-bersicht-zeigt-welche-narkosemethode-f-r-welche-1024x683.png 1024w, https:\/\/4beauty-website-stage.247grad.de\/wp-content\/uploads\/2026\/08\/2026-07_02-schematische-bersicht-zeigt-welche-narkosemethode-f-r-welche-18x12.png 18w, https:\/\/4beauty-website-stage.247grad.de\/wp-content\/uploads\/2026\/08\/2026-07_02-schematische-bersicht-zeigt-welche-narkosemethode-f-r-welche-40x27.png 40w\" sizes=\"auto, (max-width: 1536px) 100vw, 1536px\" \/><\/figure>\n\n\n\n<h2 class=\"wp-block-heading\" id=\"kontraindikationen-wer-ist-fur-welches-verfahren-nicht-geeignet\">Kontrendikasyonlar: Kimler hangi i\u015flem i\u00e7in uygun de\u011fildir?<\/h2>\n\n\n\n<p class=\"wp-block-paragraph\">Kontrendikasyonlar, cerrah planlamaya ba\u015flamadan \u00f6nce hangi y\u00f6ntemin uygun olmad\u0131\u011f\u0131n\u0131 belirler. Ameliyat \u00f6ncesi bilgilendirme g\u00f6r\u00fc\u015fmesi tam da bu amaca hizmet eder.<\/p>\n\n\n\n<ul class=\"wp-block-list\">\n<li><strong>Genel anestezi:<\/strong> \u015eiddetli kalp yetmezli\u011fi, dengesiz koroner kalp hastal\u0131\u011f\u0131 veya ciddi akci\u011fer hastal\u0131klar\u0131 olan hastalar, anestezi a\u00e7\u0131s\u0131ndan daha y\u00fcksek risk alt\u0131ndad\u0131r. Ayr\u0131ca, anestezik maddelere kar\u015f\u0131 bilinen alerjiler veya malign hipertermi (nadir g\u00f6r\u00fclen ancak hayati tehlike arz eden bir kas reaksiyonu) konusunda ki\u015fisel ya da aile \u00f6yk\u00fcs\u00fc varsa, bunlar\u0131n mutlaka doktora bildirilmesi gerekir.<\/li>\n\n\n\n<li><strong>Alacakaranl\u0131k uykusu:<\/strong> \u015eiddetli uyku apnesi, a\u011f\u0131r solunum yolu hastal\u0131klar\u0131 veya benzodiazepinlere ve opioidlere kar\u015f\u0131 bilinen a\u015f\u0131r\u0131 duyarl\u0131l\u0131k durumlar\u0131, ilac\u0131n kullan\u0131m\u0131n\u0131 k\u0131s\u0131tlar. A\u015f\u0131r\u0131 obez hastalarda solunum fonksiyonlar\u0131n\u0131n \u00f6zellikle dikkatli bir \u015fekilde izlenmesi gerekir.<\/li>\n\n\n\n<li><strong>Lokal anestezi:<\/strong> P\u0131ht\u0131la\u015fma bozukluklar\u0131 veya devam eden antikoag\u00fclan tedavi, enjeksiyon b\u00f6lgesinde kanama riskini art\u0131rabilir. Lidokain gibi lokal anesteziklere kar\u015f\u0131 bilinen alerjiler, i\u015flemden \u00f6nce tespit edilmelidir.<\/li>\n<\/ul>\n\n\n\n<div class=\"wp-block-group is-style-boxed is-layout-constrained wp-block-group-is-layout-constrained\">\n<p class=\"wp-block-paragraph\"><strong>\u00d6nemli uyar\u0131:<\/strong><\/p>\n\n<p class=\"wp-block-paragraph\">Bu genel bilgi, bir doktorla yap\u0131lacak bilgilendirme g\u00f6r\u00fc\u015fmesinin yerini almaz. Anestezi uzman\u0131n\u0131n g\u00fcvenli bir y\u00f6ntem se\u00e7ebilmesi i\u00e7in, ge\u00e7mi\u015f hastal\u0131klar, \u015fu anda kullan\u0131lan ila\u00e7lar ve ki\u015fiye \u00f6zg\u00fc risk fakt\u00f6rleri eksiksiz bir \u015fekilde bildirilmelidir.<\/p>\n<\/div>\n\n\n\n<h2 class=\"wp-block-heading\" id=\"risiken-und-typische-nebenwirkungen\">Riskler ve tipik yan etkiler<\/h2>\n\n\n\n<p class=\"wp-block-paragraph\">Almanya\u2019da t\u00fcm yerle\u015fik anestezi y\u00f6ntemleri g\u00fcvenlidir \u2014 ancak yine de komplikasyonlar ortaya \u00e7\u0131kabilir. Genel anestezinin tipik yan etkileri, uyanma sonras\u0131 mide bulant\u0131s\u0131 ve ba\u015f d\u00f6nmesidir; bu durum hastalar\u0131n yakla\u015f\u0131k \u201330\u2019unda g\u00f6r\u00fcl\u00fcr. Analgo-sedasyon s\u0131ras\u0131nda sedatiflere kar\u015f\u0131 alerjik reaksiyonlar g\u00f6r\u00fclebilir. Lokal anestezikler, nadiren de olsa, dola\u015f\u0131m sistemi reaksiyonlar\u0131na yol a\u00e7abilir.<\/p>\n\n\n\n<p class=\"wp-block-paragraph\">Estetik ameliyatlar\u0131n ard\u0131ndan yara iyile\u015fme bozukluklar\u0131, enfeksiyonlar ve ameliyat sonras\u0131 komplikasyonlar, se\u00e7ilen anestezi y\u00f6nteminden ba\u011f\u0131ms\u0131z olarak s\u0131k\u00e7a g\u00f6r\u00fcl\u00fcr. Bu ek masraflar, yasal sa\u011fl\u0131k sigortalar\u0131 taraf\u0131ndan kar\u015f\u0131lanmad\u0131\u011f\u0131ndan hastalar taraf\u0131ndan kar\u015f\u0131lan\u0131r.<\/p>\n\n\n\n<h2 class=\"wp-block-heading\" id=\"finanzielle-absicherung-bei-komplikationen-nach-schonheits-ops\">Estetik ameliyatlar sonras\u0131 ortaya \u00e7\u0131kan komplikasyonlara kar\u015f\u0131 mali g\u00fcvence<\/h2>\n\n\n\n<p class=\"wp-block-paragraph\">Estetik ameliyatlar sonras\u0131 ortaya \u00e7\u0131kan komplikasyonlar\u0131n masraflar\u0131, zorunlu sa\u011fl\u0131k sigortas\u0131 taraf\u0131ndan kar\u015f\u0131lanmaz. Yara revizyonlar\u0131, hastanede yat\u0131\u015flar veya t\u0131bbi olarak gerekli d\u00fczeltmeler tamamen hastan\u0131n sorumlulu\u011fundad\u0131r. <a href=\"https:\/\/4beauty-website-stage.247grad.de\/tr\/sonraki-masraf-sigortasi\/\">Sonras\u0131 Maliyet Sigortas\u0131<\/a> 4beauty, yara revizyonlar\u0131ndan d\u00fczeltme ameliyatlar\u0131na kadar tam da bu riskleri kapsamaktad\u0131r \u2014 teminat tutar\u0131 300.000 Euro\u2019ya kadar \u00e7\u0131kmaktad\u0131r.<\/p>\n\n\n\n<figure class=\"wp-block-image size-large\"><img loading=\"lazy\" decoding=\"async\" width=\"1536\" height=\"1024\" src=\"https:\/\/4beauty-website-stage.247grad.de\/wp-content\/uploads\/2026\/08\/2026-07_03-eine-person-liest-nach-einer-sch-nheitsoperation-ein-versich.png\" alt=\"Bir ki\u015fi, estetik ameliyat\u0131n ard\u0131ndan bir sigorta belgesini okuyarak, komplikasyon durumunda sa\u011flanan teminat hakk\u0131nda bilgi ediniyor.\" class=\"wp-image-924\" srcset=\"https:\/\/4beauty-website-stage.247grad.de\/wp-content\/uploads\/2026\/08\/2026-07_03-eine-person-liest-nach-einer-sch-nheitsoperation-ein-versich.png 1536w, https:\/\/4beauty-website-stage.247grad.de\/wp-content\/uploads\/2026\/08\/2026-07_03-eine-person-liest-nach-einer-sch-nheitsoperation-ein-versich-900x600.png 900w, https:\/\/4beauty-website-stage.247grad.de\/wp-content\/uploads\/2026\/08\/2026-07_03-eine-person-liest-nach-einer-sch-nheitsoperation-ein-versich-300x200.png 300w, https:\/\/4beauty-website-stage.247grad.de\/wp-content\/uploads\/2026\/08\/2026-07_03-eine-person-liest-nach-einer-sch-nheitsoperation-ein-versich-768x512.png 768w, https:\/\/4beauty-website-stage.247grad.de\/wp-content\/uploads\/2026\/08\/2026-07_03-eine-person-liest-nach-einer-sch-nheitsoperation-ein-versich-1024x683.png 1024w, https:\/\/4beauty-website-stage.247grad.de\/wp-content\/uploads\/2026\/08\/2026-07_03-eine-person-liest-nach-einer-sch-nheitsoperation-ein-versich-18x12.png 18w, https:\/\/4beauty-website-stage.247grad.de\/wp-content\/uploads\/2026\/08\/2026-07_03-eine-person-liest-nach-einer-sch-nheitsoperation-ein-versich-40x27.png 40w\" sizes=\"auto, (max-width: 1536px) 100vw, 1536px\" \/><\/figure>\n\n\n\n<div class=\"wp-block-group is-style-boxed has-anchor-light-background-color has-background is-layout-constrained wp-block-group-is-layout-constrained\">\n<p class=\"wp-block-paragraph\"><strong>Not:<\/strong><\/p>\n\n<p class=\"wp-block-paragraph\">D\u00e4mmerschlaf tedavisi, devlet sa\u011fl\u0131k sigortalar\u0131 taraf\u0131ndan kar\u015f\u0131lanmamaktad\u0131r. \u00d6zel sa\u011fl\u0131k sigortalar\u0131nda ise masraflar\u0131n kar\u015f\u0131lan\u0131p kar\u015f\u0131lanmayaca\u011f\u0131, bireysel s\u00f6zle\u015fmeye ba\u011fl\u0131d\u0131r. \u0130\u015flemden \u00f6nce sigorta \u015firketinizle bu konuyu netle\u015ftiriniz.<\/p>\n<\/div>\n\n\n\n<p class=\"wp-block-paragraph\">Kapsam dahilindeki i\u015flemler ve \u00fccretler hakk\u0131nda daha fazla bilgiyi, sigortal\u0131 t\u00fcm i\u015flemlerin genel bak\u0131\u015f\u0131nda ve tedavi masraflar\u0131 sigortas\u0131yla ilgili s\u0131k sorulan sorularda bulabilirsiniz. Sigorta, i\u015flemden 24 saat \u00f6ncesine kadar \u2014 do\u011frudan 4beauty\u2019den \u00e7evrimi\u00e7i olarak \u2014 yapt\u0131r\u0131labilir.<\/p>\n\n\n\n<h2 class=\"wp-block-heading\" id=\"haufige-fragen-zu-narkoseverfahren-bei-schonheitsoperationen\">Estetik ameliyatlarda anestezi y\u00f6ntemlerine ili\u015fkin s\u0131k sorulan sorular<\/h2>\n\n\n\n<div data-wp-context=\"{ &quot;autoclose&quot;: false, &quot;accordionItems&quot;: [] }\" data-wp-interactive=\"core\/accordion\" role=\"group\" class=\"wp-block-accordion is-layout-flow wp-block-accordion-is-layout-flow\">\n<div data-wp-class--is-open=\"state.isOpen\" data-wp-context=\"{ &quot;id&quot;: &quot;accordion-item-1&quot;, &quot;openByDefault&quot;: false }\" data-wp-init=\"callbacks.initAccordionItems\" data-wp-on-window--hashchange=\"callbacks.hashChange\" class=\"wp-block-accordion-item is-layout-flow wp-block-accordion-item-is-layout-flow\">\n<h3 class=\"wp-block-accordion-heading\"><button aria-expanded=\"false\" aria-controls=\"accordion-item-1-panel\" data-wp-bind--aria-expanded=\"state.isOpen\" data-wp-on--click=\"actions.toggle\" id=\"accordion-item-1\" type=\"button\" class=\"wp-block-accordion-heading__toggle\"><span class=\"wp-block-accordion-heading__toggle-title\">Yar\u0131 uyku ile genel anestezi aras\u0131ndaki fark nedir?<\/span><span class=\"wp-block-accordion-heading__toggle-icon\" aria-hidden=\"true\">+<\/span><\/button><\/h3>\n\n\n\n<div aria-labelledby=\"accordion-item-1\" data-wp-bind--hidden=\"state.isHidden\" data-wp-on--beforematch=\"actions.handleBeforeMatch\" id=\"accordion-item-1-panel\" role=\"region\" class=\"wp-block-accordion-panel is-layout-flow wp-block-accordion-panel-is-layout-flow\">\n<p class=\"wp-block-paragraph\">Aradaki en \u00f6nemli fark, kendi kendine nefes almada yatmaktad\u0131r: Yar\u0131 uykuda nefes almay\u0131 kendiniz yapars\u0131n\u0131z; genel anestezide ise bu i\u015flevi bir solunum cihaz\u0131 \u00fcstlenir. Yar\u0131 uykuda derin, ancak tam anlam\u0131yla bilin\u00e7siz olmayan bir durumda kal\u0131rs\u0131n\u0131z \u2014 ancak her iki y\u00f6ntemde de bir anestezi uzman\u0131 s\u00fcreci ba\u015f\u0131ndan sonuna kadar izler.<\/p>\n<\/div>\n<\/div>\n\n\n\n<div data-wp-class--is-open=\"state.isOpen\" data-wp-context=\"{ &quot;id&quot;: &quot;accordion-item-2&quot;, &quot;openByDefault&quot;: false }\" data-wp-init=\"callbacks.initAccordionItems\" data-wp-on-window--hashchange=\"callbacks.hashChange\" class=\"wp-block-accordion-item is-layout-flow wp-block-accordion-item-is-layout-flow\">\n<h3 class=\"wp-block-accordion-heading\"><button aria-expanded=\"false\" aria-controls=\"accordion-item-2-panel\" data-wp-bind--aria-expanded=\"state.isOpen\" data-wp-on--click=\"actions.toggle\" id=\"accordion-item-2\" type=\"button\" class=\"wp-block-accordion-heading__toggle\"><span class=\"wp-block-accordion-heading__toggle-title\">Alacakaranl\u0131k uykusu g\u00fcvenli midir?<\/span><span class=\"wp-block-accordion-heading__toggle-icon\" aria-hidden=\"true\">+<\/span><\/button><\/h3>\n\n\n\n<div aria-labelledby=\"accordion-item-2\" data-wp-bind--hidden=\"state.isHidden\" data-wp-on--beforematch=\"actions.handleBeforeMatch\" id=\"accordion-item-2-panel\" role=\"region\" class=\"wp-block-accordion-panel is-layout-flow wp-block-accordion-panel-is-layout-flow\">\n<p class=\"wp-block-paragraph\">Evet. Al\u0131nma anestezisi, kalifiye bir hekimin kalp-damar fonksiyonlar\u0131n\u0131 s\u00fcrekli olarak izledi\u011fi durumlarda, yerle\u015fik ve g\u00fcvenli bir y\u00f6ntemdir. Her anestezi t\u00fcr\u00fcnde oldu\u011fu gibi yan etkiler g\u00f6r\u00fclebilir, ancak ciddi komplikasyonlar\u0131n g\u00f6r\u00fclme s\u0131kl\u0131\u011f\u0131 d\u00fc\u015f\u00fckt\u00fcr.<\/p>\n<\/div>\n<\/div>\n\n\n\n<div data-wp-class--is-open=\"state.isOpen\" data-wp-context=\"{ &quot;id&quot;: &quot;accordion-item-3&quot;, &quot;openByDefault&quot;: false }\" data-wp-init=\"callbacks.initAccordionItems\" data-wp-on-window--hashchange=\"callbacks.hashChange\" class=\"wp-block-accordion-item is-layout-flow wp-block-accordion-item-is-layout-flow\">\n<h3 class=\"wp-block-accordion-heading\"><button aria-expanded=\"false\" aria-controls=\"accordion-item-3-panel\" data-wp-bind--aria-expanded=\"state.isOpen\" data-wp-on--click=\"actions.toggle\" id=\"accordion-item-3\" type=\"button\" class=\"wp-block-accordion-heading__toggle\"><span class=\"wp-block-accordion-heading__toggle-title\">Liposuction veya burun esteti\u011fi ameliyatlar\u0131nda hangi anestezi y\u00f6ntemi kullan\u0131l\u0131r?<\/span><span class=\"wp-block-accordion-heading__toggle-icon\" aria-hidden=\"true\">+<\/span><\/button><\/h3>\n\n\n\n<div aria-labelledby=\"accordion-item-3\" data-wp-bind--hidden=\"state.isHidden\" data-wp-on--beforematch=\"actions.handleBeforeMatch\" id=\"accordion-item-3-panel\" role=\"region\" class=\"wp-block-accordion-panel is-layout-flow wp-block-accordion-panel-is-layout-flow\">\n<p class=\"wp-block-paragraph\">Daha kapsaml\u0131 liposuction i\u015flemleri i\u00e7in, kaslar\u0131n kapsaml\u0131 bir \u015fekilde gev\u015fetilmesi gerekti\u011finden genel anestezi \u00f6nerilir. Burun esteti\u011fi ise sedasyon alt\u0131nda ba\u015far\u0131yla ger\u00e7ekle\u015ftirilebilir; bu da iyile\u015fme s\u00fcresinin k\u0131salmas\u0131n\u0131 sa\u011flar. Nihai karar, sa\u011fl\u0131k durumunuz g\u00f6z \u00f6n\u00fcnde bulundurularak anestezi uzman\u0131 ve cerrah taraf\u0131ndan ortakla\u015fa verilir.<\/p>\n<\/div>\n<\/div>\n\n\n\n<div data-wp-class--is-open=\"state.isOpen\" data-wp-context=\"{ &quot;id&quot;: &quot;accordion-item-4&quot;, &quot;openByDefault&quot;: false }\" data-wp-init=\"callbacks.initAccordionItems\" data-wp-on-window--hashchange=\"callbacks.hashChange\" class=\"wp-block-accordion-item is-layout-flow wp-block-accordion-item-is-layout-flow\">\n<h3 class=\"wp-block-accordion-heading\"><button aria-expanded=\"false\" aria-controls=\"accordion-item-4-panel\" data-wp-bind--aria-expanded=\"state.isOpen\" data-wp-on--click=\"actions.toggle\" id=\"accordion-item-4\" type=\"button\" class=\"wp-block-accordion-heading__toggle\"><span class=\"wp-block-accordion-heading__toggle-title\">Neden anestezi \u00f6ncesinde a\u00e7 kalmam gerekiyor?<\/span><span class=\"wp-block-accordion-heading__toggle-icon\" aria-hidden=\"true\">+<\/span><\/button><\/h3>\n\n\n\n<div aria-labelledby=\"accordion-item-4\" data-wp-bind--hidden=\"state.isHidden\" data-wp-on--beforematch=\"actions.handleBeforeMatch\" id=\"accordion-item-4-panel\" role=\"region\" class=\"wp-block-accordion-panel is-layout-flow wp-block-accordion-panel-is-layout-flow\">\n<p class=\"wp-block-paragraph\">A\u00e7 kalma kural\u0131 g\u00fcvenlik ama\u00e7l\u0131d\u0131r: Mide dolu oldu\u011funda, mide i\u00e7eri\u011finin akci\u011fere ka\u00e7arak ciddi bir iltihaplanmaya neden olma riski vard\u0131r. \u0130\u015flemden birka\u00e7 saat \u00f6nce kat\u0131 g\u0131dalardan ka\u00e7\u0131n\u0131lmal\u0131d\u0131r. Berrak s\u0131v\u0131lar ise i\u015flemden yakla\u015f\u0131k iki saat \u00f6ncesine kadar izin verilir.<\/p>\n<\/div>\n<\/div>\n\n\n\n<div data-wp-class--is-open=\"state.isOpen\" data-wp-context=\"{ &quot;id&quot;: &quot;accordion-item-5&quot;, &quot;openByDefault&quot;: false }\" data-wp-init=\"callbacks.initAccordionItems\" data-wp-on-window--hashchange=\"callbacks.hashChange\" class=\"wp-block-accordion-item is-layout-flow wp-block-accordion-item-is-layout-flow\">\n<h3 class=\"wp-block-accordion-heading\"><button aria-expanded=\"false\" aria-controls=\"accordion-item-5-panel\" data-wp-bind--aria-expanded=\"state.isOpen\" data-wp-on--click=\"actions.toggle\" id=\"accordion-item-5\" type=\"button\" class=\"wp-block-accordion-heading__toggle\"><span class=\"wp-block-accordion-heading__toggle-title\">Sa\u011fl\u0131k sigortas\u0131, \u201calacakaranl\u0131k uykusu\u201d masraflar\u0131n\u0131 kar\u015f\u0131l\u0131yor mu?<\/span><span class=\"wp-block-accordion-heading__toggle-icon\" aria-hidden=\"true\">+<\/span><\/button><\/h3>\n\n\n\n<div aria-labelledby=\"accordion-item-5\" data-wp-bind--hidden=\"state.isHidden\" data-wp-on--beforematch=\"actions.handleBeforeMatch\" id=\"accordion-item-5-panel\" role=\"region\" class=\"wp-block-accordion-panel is-layout-flow wp-block-accordion-panel-is-layout-flow\">\n<p class=\"wp-block-paragraph\">Yasal sa\u011fl\u0131k sigortalar\u0131, estetik ameliyatlarda uygulanan \u201cD\u00e4mmerschlaf\u201d y\u00f6nteminin masraflar\u0131n\u0131 kar\u015f\u0131lamamaktad\u0131r. \u00d6zel sa\u011fl\u0131k sigortalar\u0131 ise s\u00f6zle\u015fmeye ba\u011fl\u0131 olarak bu masraflar\u0131n bir k\u0131sm\u0131n\u0131 veya tamam\u0131n\u0131 kar\u015f\u0131layabilir \u2014 ameliyattan \u00f6nce bu konuyu netle\u015ftirmek tavsiye edilir.<\/p>\n<\/div>\n<\/div>\n<\/div>","protected":false},"excerpt":{"rendered":"<p>Genel anestezi, yar\u0131 uykulu anestezi veya lokal anestezi \u2013 hangi anestezi t\u00fcr\u00fc hangi m\u00fcdahaleye uygundur? Etkileri, riskleri ve tedaviniz i\u00e7in do\u011fru se\u00e7im hakk\u0131nda genel bir bak\u0131\u015f.<\/p>","protected":false},"author":1,"featured_media":911,"comment_status":"open","ping_status":"open","sticky":false,"template":"","format":"standard","meta":{"_acf_changed":false,"inline_featured_image":false,"footnotes":""},"categories":[13],"tags":[],"class_list":["post-998","post","type-post","status-publish","format-standard","has-post-thumbnail","hentry","category-vorbereitung-nachsorge"],"acf":[],"_links":{"self":[{"href":"https:\/\/4beauty-website-stage.247grad.de\/tr\/wp-json\/wp\/v2\/posts\/998","targetHints":{"allow":["GET"]}}],"collection":[{"href":"https:\/\/4beauty-website-stage.247grad.de\/tr\/wp-json\/wp\/v2\/posts"}],"about":[{"href":"https:\/\/4beauty-website-stage.247grad.de\/tr\/wp-json\/wp\/v2\/types\/post"}],"author":[{"embeddable":true,"href":"https:\/\/4beauty-website-stage.247grad.de\/tr\/wp-json\/wp\/v2\/users\/1"}],"replies":[{"embeddable":true,"href":"https:\/\/4beauty-website-stage.247grad.de\/tr\/wp-json\/wp\/v2\/comments?post=998"}],"version-history":[{"count":1,"href":"https:\/\/4beauty-website-stage.247grad.de\/tr\/wp-json\/wp\/v2\/posts\/998\/revisions"}],"predecessor-version":[{"id":1040,"href":"https:\/\/4beauty-website-stage.247grad.de\/tr\/wp-json\/wp\/v2\/posts\/998\/revisions\/1040"}],"wp:featuredmedia":[{"embeddable":true,"href":"https:\/\/4beauty-website-stage.247grad.de\/tr\/wp-json\/wp\/v2\/media\/911"}],"wp:attachment":[{"href":"https:\/\/4beauty-website-stage.247grad.de\/tr\/wp-json\/wp\/v2\/media?parent=998"}],"wp:term":[{"taxonomy":"category","embeddable":true,"href":"https:\/\/4beauty-website-stage.247grad.de\/tr\/wp-json\/wp\/v2\/categories?post=998"},{"taxonomy":"post_tag","embeddable":true,"href":"https:\/\/4beauty-website-stage.247grad.de\/tr\/wp-json\/wp\/v2\/tags?post=998"}],"curies":[{"name":"wp","href":"https:\/\/api.w.org\/{rel}","templated":true}]}}